{"id":72915,"date":"2025-05-03T23:17:08","date_gmt":"2025-05-03T23:17:08","guid":{"rendered":"https:\/\/www.europesays.com\/fr\/72915\/"},"modified":"2025-05-03T23:17:08","modified_gmt":"2025-05-03T23:17:08","slug":"previsions-du-dimanche-4-mai-2025-2","status":"publish","type":"post","link":"https:\/\/www.europesays.com\/fr\/72915\/","title":{"rendered":"pr\u00e9visions du dimanche 4 mai 2025"},"content":{"rendered":"<p>\u00c0 Strasbourg les temp\u00e9ratures afficheront entre 9 et 12\u00b0C aujourd&rsquo;hui. La grisaille ne se dissipe toujours pas, il va y avoir encore des nuages le matin. De la pluie tombera. Les valeurs seront comprises entre 9\u00b0C et 11\u00b0C. Un modeste vent de nord-est sera ressenti par les habitants. Des pluies \u00e9parses sont attendues dans l&rsquo;apr\u00e8s-midi. Les temp\u00e9ratures s&rsquo;\u00e9chelonneront entre 9 et 12\u00b0C. On pr\u00e9voit une embellie pour cette soir\u00e9e. On anticipe des valeurs avoisinant 11\u00b0C. On pr\u00e9voit une nuit claire entre dimanche et lundi.<\/p>\n<p>C&rsquo;est \u00e0 un ciel couvert de nuages qu&rsquo;il faudra s&rsquo;attendre demain \u00e0 Strasbourg. Le thermom\u00e8tre affichera 11\u00b0C en moyenne. Un vent de nord-est rafra\u00eechira quelque peu l&rsquo;atmosph\u00e8re. D&rsquo;un autre c\u00f4t\u00e9, la m\u00e9t\u00e9o devrait s&rsquo;am\u00e9liorer pendant la matin\u00e9e. Les temp\u00e9ratures seront de 11\u00b0C. Demain apr\u00e8s-midi, des nuages feront leur apparition. Il faudra s&rsquo;attendre \u00e0 des perturbations, les Strasbourgeois se retrouveront sous des pluies \u00e9parses. Les valeurs seront de 14\u00b0C au minimum et de 15\u00b0C au plus haut. Demain soir, encore des nuages dans le ciel qui emp\u00eachent le soleil de faire son apparition. Du mauvais temps est \u00e0 pr\u00e9voir. Des pluies \u00e9parses vont tomber. Les temp\u00e9ratures s&rsquo;\u00e9chelonneront de 11 \u00e0 12\u00b0C.<\/p>\n<p>La m\u00e9t\u00e9o va s&rsquo;am\u00e9liorer dans les journ\u00e9es qui suivent. Un ciel ensoleill\u00e9, pour des temp\u00e9ratures de 12\u00b0C en moyenne, est attendu.<\/p>\n<p><\/p>\n","protected":false},"excerpt":{"rendered":"\u00c0 Strasbourg les temp\u00e9ratures afficheront entre 9 et 12\u00b0C aujourd&rsquo;hui. La grisaille ne se dissipe toujours pas, il&hellip;\n","protected":false},"author":2,"featured_media":72916,"comment_status":"","ping_status":"","sticky":false,"template":"","format":"standard","meta":{"footnotes":""},"categories":[2820],"tags":[1111,11,2389,2649,1777,674,1011,27,775,12,2119,25,640],"class_list":{"0":"post-72915","1":"post","2":"type-post","3":"status-publish","4":"format-standard","5":"has-post-thumbnail","7":"category-strasbourg","8":"tag-actu","9":"tag-actualites","10":"tag-alsace","11":"tag-bas-rhin","12":"tag-eu","13":"tag-europe","14":"tag-fr","15":"tag-france","16":"tag-grand-est","17":"tag-news","18":"tag-previsions-meteo","19":"tag-republique-francaise","20":"tag-strasbourg"},"share_on_mastodon":{"url":"https:\/\/pubeurope.com\/@fr\/114446456848797830","error":""},"_links":{"self":[{"href":"https:\/\/www.europesays.com\/fr\/wp-json\/wp\/v2\/posts\/72915","targetHints":{"allow":["GET"]}}],"collection":[{"href":"https:\/\/www.europesays.com\/fr\/wp-json\/wp\/v2\/posts"}],"about":[{"href":"https:\/\/www.europesays.com\/fr\/wp-json\/wp\/v2\/types\/post"}],"author":[{"embeddable":true,"href":"https:\/\/www.europesays.com\/fr\/wp-json\/wp\/v2\/users\/2"}],"replies":[{"embeddable":true,"href":"https:\/\/www.europesays.com\/fr\/wp-json\/wp\/v2\/comments?post=72915"}],"version-history":[{"count":0,"href":"https:\/\/www.europesays.com\/fr\/wp-json\/wp\/v2\/posts\/72915\/revisions"}],"wp:featuredmedia":[{"embeddable":true,"href":"https:\/\/www.europesays.com\/fr\/wp-json\/wp\/v2\/media\/72916"}],"wp:attachment":[{"href":"https:\/\/www.europesays.com\/fr\/wp-json\/wp\/v2\/media?parent=72915"}],"wp:term":[{"taxonomy":"category","embeddable":true,"href":"https:\/\/www.europesays.com\/fr\/wp-json\/wp\/v2\/categories?post=72915"},{"taxonomy":"post_tag","embeddable":true,"href":"https:\/\/www.europesays.com\/fr\/wp-json\/wp\/v2\/tags?post=72915"}],"curies":[{"name":"wp","href":"https:\/\/api.w.org\/{rel}","templated":true}]}}