{"id":72923,"date":"2025-05-03T23:21:08","date_gmt":"2025-05-03T23:21:08","guid":{"rendered":"https:\/\/www.europesays.com\/fr\/72923\/"},"modified":"2025-05-03T23:21:08","modified_gmt":"2025-05-03T23:21:08","slug":"previsions-du-dimanche-4-mai-2025-3","status":"publish","type":"post","link":"https:\/\/www.europesays.com\/fr\/72923\/","title":{"rendered":"pr\u00e9visions du dimanche 4 mai 2025"},"content":{"rendered":"<p>Aujourd&rsquo;hui, Nantes devra encore attendre avant que les nuages ne se dissipent. Les temp\u00e9ratures seront comprises entre 9 et 16\u00b0C. Un vent de nord-est, atteignant 22 km\/h, soufflera. La matin\u00e9e se passera sous un ciel mitig\u00e9, rythm\u00e9e par de petites averses. Le soleil appara\u00eet l\u00e9g\u00e8rement l&rsquo;apr\u00e8s-midi. Ces \u00e9claircies devraient r\u00e9jouir les habitants. L&rsquo;air ambiant va se r\u00e9chauffer avec une hausse de quelques degr\u00e9s. Les maximales pourront atteindre 16\u00b0C alors que les minimales seront de 13\u00b0C. Le ciel sera d\u00e9pourvu de nuages dans la nuit de dimanche \u00e0 lundi.<\/p>\n<p>Demain, c&rsquo;est sur un ciel couvert de nuages qu&rsquo;il faudra compter \u00e0 Nantes. Une chute des temp\u00e9ratures est pr\u00e9vue. Les valeurs s&rsquo;\u00e9chelonneront entre 6 et 12\u00b0C. Un vent de nord-est est pr\u00e9vu : il soufflera \u00e0 21 km\/h. En revanche, un beau soleil est attendu le matin. Demain apr\u00e8s-midi, des nuages se montreront. Les temp\u00e9ratures afficheront entre 11 et 12\u00b0C. Les nuages \u00e0 pr\u00e9voir demain soir, et un ciel encore gris. Des pluies \u00e9parses tomberont.<\/p>\n<p>Des changements sont annonc\u00e9s les prochains jours. Une d\u00e9gradation est pr\u00e9vue mercredi, tandis que la journ\u00e9e de mardi aura \u00e9t\u00e9 ensoleill\u00e9e.<\/p>\n<p><\/p>\n","protected":false},"excerpt":{"rendered":"Aujourd&rsquo;hui, Nantes devra encore attendre avant que les nuages ne se dissipent. Les temp\u00e9ratures seront comprises entre 9&hellip;\n","protected":false},"author":2,"featured_media":72924,"comment_status":"","ping_status":"","sticky":false,"template":"","format":"standard","meta":{"footnotes":""},"categories":[2818],"tags":[1111,11,1777,674,1011,27,3047,766,12,2636,2119,25],"class_list":{"0":"post-72923","1":"post","2":"type-post","3":"status-publish","4":"format-standard","5":"has-post-thumbnail","7":"category-nantes","8":"tag-actu","9":"tag-actualites","10":"tag-eu","11":"tag-europe","12":"tag-fr","13":"tag-france","14":"tag-loire-atlantique","15":"tag-nantes","16":"tag-news","17":"tag-pays-de-la-loire","18":"tag-previsions-meteo","19":"tag-republique-francaise"},"share_on_mastodon":{"url":"https:\/\/pubeurope.com\/@fr\/114446472514291299","error":""},"_links":{"self":[{"href":"https:\/\/www.europesays.com\/fr\/wp-json\/wp\/v2\/posts\/72923","targetHints":{"allow":["GET"]}}],"collection":[{"href":"https:\/\/www.europesays.com\/fr\/wp-json\/wp\/v2\/posts"}],"about":[{"href":"https:\/\/www.europesays.com\/fr\/wp-json\/wp\/v2\/types\/post"}],"author":[{"embeddable":true,"href":"https:\/\/www.europesays.com\/fr\/wp-json\/wp\/v2\/users\/2"}],"replies":[{"embeddable":true,"href":"https:\/\/www.europesays.com\/fr\/wp-json\/wp\/v2\/comments?post=72923"}],"version-history":[{"count":0,"href":"https:\/\/www.europesays.com\/fr\/wp-json\/wp\/v2\/posts\/72923\/revisions"}],"wp:featuredmedia":[{"embeddable":true,"href":"https:\/\/www.europesays.com\/fr\/wp-json\/wp\/v2\/media\/72924"}],"wp:attachment":[{"href":"https:\/\/www.europesays.com\/fr\/wp-json\/wp\/v2\/media?parent=72923"}],"wp:term":[{"taxonomy":"category","embeddable":true,"href":"https:\/\/www.europesays.com\/fr\/wp-json\/wp\/v2\/categories?post=72923"},{"taxonomy":"post_tag","embeddable":true,"href":"https:\/\/www.europesays.com\/fr\/wp-json\/wp\/v2\/tags?post=72923"}],"curies":[{"name":"wp","href":"https:\/\/api.w.org\/{rel}","templated":true}]}}