{"id":729340,"date":"2026-02-12T12:24:14","date_gmt":"2026-02-12T12:24:14","guid":{"rendered":"https:\/\/www.europesays.com\/fr\/729340\/"},"modified":"2026-02-12T12:24:14","modified_gmt":"2026-02-12T12:24:14","slug":"nos-technologies-sont-partout-mais-nous-napparaissons-nulle-part-pres-de-rennes-cette-entreprise-est-strategique-dans-le-secteur-de-la-video","status":"publish","type":"post","link":"https:\/\/www.europesays.com\/fr\/729340\/","title":{"rendered":"\u00ab\u00a0Nos technologies sont partout mais nous n\u2019apparaissons nulle part\u00a0\u00bb\u00a0: pr\u00e8s de Rennes, cette entreprise est strat\u00e9gique dans le secteur de la vid\u00e9o"},"content":{"rendered":"<p>Bas\u00e9e aux \u00c9tats-Unis, l\u2019entreprise technologique Interdigital (834 millions de dollars de chiffre d\u2019affaires en 2024) est notamment pr\u00e9sente \u00e0 Cesson-S\u00e9vign\u00e9 (35), pr\u00e8s de Rennes, avec un site de recherche issu du rachat d\u2019une partie de Technicolor (ex-Thomson) en 2018-2019. Quelles sont vos activit\u00e9s plus pr\u00e9cis\u00e9ment ?<\/p>\n<p>Interdigital est un groupe de 450 salari\u00e9s, sp\u00e9cialis\u00e9 dans la recherche. Nos innovations sont brevet\u00e9es et, ensuite, nous les mettons \u00e0 disposition du plus grand nombre avec un syst\u00e8me de licences. Pour ce faire, nous poussons nos inventions dans ce qu\u2019on appelle des standards, qui permettent \u00e0 des appareils de diff\u00e9rentes marques de communiquer entre eux. La 4G ou la 5G, par exemple, sont des standards qui permettent \u00e0 tous d\u2019appeler peu importe la marque du t\u00e9l\u00e9phone. Ces r\u00e9seaux sans fil (4G, 5G, 6G demain\u2026) constituent l\u2019une de nos deux activit\u00e9s principales. L\u2019autre est li\u00e9e \u00e0 la vid\u00e9o et c\u2019est l\u00e0-dessus que le centre de Rennes, qui compte aujourd\u2019hui entre 130 et 140 salari\u00e9s, est sp\u00e9cialis\u00e9.<\/p>\n<p>De quoi s\u2019agit-il, par exemple ?<\/p>\n<p>Souvent, les vid\u00e9os sont tr\u00e8s lourdes, donc pour les visionner, il faut avoir recours \u00e0 des technologies de compression que l\u2019on d\u00e9veloppe chez Interdigital. Sans \u00e7a, le streaming n\u2019existerait pas, ni la vid\u00e9o sur smartphone. D\u00e8s que vous regardez une vid\u00e9o, vous utilisez des technologies Interdigital. Nous ne sommes pas visibles, notre logo ne se voit pas, mais nous d\u00e9tenons un certain nombre de brevets dans tout ce qui permet de distribuer de la vid\u00e9o.<\/p>\n<p>Int\u00e9grez-vous l\u2019intelligence artificielle (IA) dans vos activit\u00e9s ?<\/p>\n<p>Oui. Nous ne d\u00e9veloppons pas d\u2019IA g\u00e9n\u00e9rative, dont on entend beaucoup parler en ce moment. Pour nous, c\u2019est une nouvelle technologie qui permet de compresser des images de plus en plus lourdes, de fa\u00e7on plus efficace.<\/p>\n<blockquote><p>Rennes est le site le plus important d\u2019Interdigital au niveau mondial et de loin.<\/p><\/blockquote>\n<p>Quelle est la place du site de Rennes au sein du groupe ?<\/p>\n<p>C\u2019est le plus important d\u2019Interdigital au niveau mondial et de loin. C\u2019est l\u00e0 que se passe quasiment 95 % de l\u2019activit\u00e9 de recherche du groupe sur la vid\u00e9o.<\/p>\n<p>Interdigital et Razer, sp\u00e9cialiste des produits pour les joueurs de jeu vid\u00e9o (ordinateurs, casques, claviers, manettes, souris, si\u00e8ges\u2026), ont annonc\u00e9, mardi 10 f\u00e9vrier, \u00e0 Rennes, une collaboration autour de la technologie haptique. De quoi s\u2019agit-il ?<\/p>\n<p>L\u2019haptique, c\u2019est la science du toucher et \u00e7a vient se rajouter \u00e0 l\u2019image et l\u2019audio pour renforcer le sentiment d\u2019immersion. En 2025, pour la sortie du <a href=\"https:\/\/www.letelegramme.fr\/culture-loisirs\/cinema\/il-voulait-creer-la-plongee-la-plus-viscerale-jamais-filmee-au-coeur-dune-course-automobile-pari-tenu-pour-brad-pitt-6840162.php\" target=\"_blank\" rel=\"nofollow noopener\">film F1 avec Brad Pitt<\/a>, Apple TV a par exemple propos\u00e9 une bande-annonce haptique sur iPhone : le t\u00e9l\u00e9phone vibre plus ou moins en fonction des acc\u00e9l\u00e9rations de la voiture ou des chocs. Nous, nous essayons d\u2019aller un peu plus loin avec Razer, qui a des appareils haptiques tr\u00e8s avanc\u00e9s. Notamment un casque ou un si\u00e8ge. En 2025, nous avons cr\u00e9\u00e9 avec eux un standard permettant de cr\u00e9er des contenus haptiques pour tous les appareils, l\u00e0 encore en \u00e9change de licences. \u00c0 l\u2019avenir, nous voulons montrer l\u2019utilit\u00e9 de ce standard, pour que de plus en plus d\u2019appareils s\u2019ouvrent aux contenus haptiques et puissent en proposer.<\/p>\n<p>C\u2019est un vrai axe de d\u00e9veloppement pour Interdigital ?<\/p>\n<p>C\u2019est un axe parmi d\u2019autres. Notre c\u0153ur de m\u00e9tier, c\u2019est la compression vid\u00e9o. Environ la moiti\u00e9 de nos ressources y sont consacr\u00e9es.<\/p>\n<p>Vous avez \u00e9galement annonc\u00e9, le 10 f\u00e9vrier, la labellisation du site de Rennes par le r\u00e9seau Produit en Bretagne. Qu\u2019est-ce qui vous a pouss\u00e9 \u00e0 adh\u00e9rer ?<\/p>\n<p>Comme nos technologies sont partout mais que nous n\u2019apparaissons nulle part, notre visibilit\u00e9 est faible localement. Nous nous sommes dit que Produit en Bretagne \u00e9tait une belle opportunit\u00e9 pour changer \u00e7a. Nous avons beaucoup de partenariats avec les universit\u00e9s et l\u2019institut de recherche Inria, nous accueillons plus de 20 stagiaires de master par an et nous avons 10 doctorants dans nos locaux en permanence. Produit en Bretagne est aussi un vrai levier strat\u00e9gique : le pouvoir du logo est fort et nous permet de discuter avec les institutionnels en France et \u00e0 Bruxelles et de communiquer. C\u2019est aussi un \u00e9l\u00e9ment de la culture d\u2019entreprise, qui nous permet d\u2019attirer et de conserver les meilleurs chercheurs, sur un march\u00e9 ultra-concurrentiel.<\/p>\n<p>Qu\u2019est-ce qui a convaincu le r\u00e9seau de vous ouvrir ses portes ?<\/p>\n<p>Nous avons d\u00e9fendu notre implication locale, mais aussi nos brevets. Le centre de Rennes en produit entre 400 et 450 chaque ann\u00e9e. Je ne pense pas qu\u2019il y ait d\u2019\u00e9quivalent. Nous sommes entre 130 et 140 sur le site, dont cela fait une moyenne de trois brevets par personne par an. Notre portefeuille fait 30 000 brevets au total.<\/p>\n<p>Comptez-vous agrandir votre \u00e9quipe rennaise \u00e0 l\u2019avenir ? [Un <a href=\"https:\/\/www.letelegramme.fr\/ille-et-vilaine\/rennes-35000\/chez-interdigital-le-licenciement-dingenieurs-ne-passe-pas-3849884.php\" target=\"_blank\" rel=\"nofollow noopener\">plan social<\/a> a vis\u00e9 60 postes sur 140 en 2021, NDLR]<\/p>\n<p>L\u2019effectif de salari\u00e9s permanents est plut\u00f4t stable. Nous avons plut\u00f4t tendance \u00e0 augmenter le nombre de non-permanents (doctorants et post-doctorants) dans le cadre du partenariat avec l\u2019Inria. Nous faisons des travaux actuellement pour pouvoir en accueillir un peu plus.<\/p>\n","protected":false},"excerpt":{"rendered":"Bas\u00e9e aux \u00c9tats-Unis, l\u2019entreprise technologique Interdigital (834 millions de dollars de chiffre d\u2019affaires en 2024) est notamment pr\u00e9sente&hellip;\n","protected":false},"author":2,"featured_media":729341,"comment_status":"","ping_status":"","sticky":false,"template":"","format":"standard","meta":{"footnotes":"","_share_on_mastodon":"0"},"categories":[2821],"tags":[1111,11,829,33,257,1777,674,1011,27,848,12,584,25,81869],"class_list":["post-729340","post","type-post","status-publish","format-standard","has-post-thumbnail","category-rennes","tag-actu","tag-actualites","tag-bretagne","tag-economie","tag-entreprise","tag-eu","tag-europe","tag-fr","tag-france","tag-ille-et-vilaine","tag-news","tag-rennes","tag-republique-francaise","tag-tech-startup"],"share_on_mastodon":{"url":"https:\/\/pubeurope.com\/@fr\/116057647945872392","error":""},"_links":{"self":[{"href":"https:\/\/www.europesays.com\/fr\/wp-json\/wp\/v2\/posts\/729340","targetHints":{"allow":["GET"]}}],"collection":[{"href":"https:\/\/www.europesays.com\/fr\/wp-json\/wp\/v2\/posts"}],"about":[{"href":"https:\/\/www.europesays.com\/fr\/wp-json\/wp\/v2\/types\/post"}],"author":[{"embeddable":true,"href":"https:\/\/www.europesays.com\/fr\/wp-json\/wp\/v2\/users\/2"}],"replies":[{"embeddable":true,"href":"https:\/\/www.europesays.com\/fr\/wp-json\/wp\/v2\/comments?post=729340"}],"version-history":[{"count":0,"href":"https:\/\/www.europesays.com\/fr\/wp-json\/wp\/v2\/posts\/729340\/revisions"}],"wp:featuredmedia":[{"embeddable":true,"href":"https:\/\/www.europesays.com\/fr\/wp-json\/wp\/v2\/media\/729341"}],"wp:attachment":[{"href":"https:\/\/www.europesays.com\/fr\/wp-json\/wp\/v2\/media?parent=729340"}],"wp:term":[{"taxonomy":"category","embeddable":true,"href":"https:\/\/www.europesays.com\/fr\/wp-json\/wp\/v2\/categories?post=729340"},{"taxonomy":"post_tag","embeddable":true,"href":"https:\/\/www.europesays.com\/fr\/wp-json\/wp\/v2\/tags?post=729340"}],"curies":[{"name":"wp","href":"https:\/\/api.w.org\/{rel}","templated":true}]}}