{"id":72935,"date":"2025-05-03T23:28:09","date_gmt":"2025-05-03T23:28:09","guid":{"rendered":"https:\/\/www.europesays.com\/fr\/72935\/"},"modified":"2025-05-03T23:28:09","modified_gmt":"2025-05-03T23:28:09","slug":"previsions-du-dimanche-4-mai-2025-4","status":"publish","type":"post","link":"https:\/\/www.europesays.com\/fr\/72935\/","title":{"rendered":"pr\u00e9visions du dimanche 4 mai 2025"},"content":{"rendered":"<p>Le soleil peinera \u00e0 percer au milieu des nuages qui perdureront sur Lille dans la journ\u00e9e. Il va pleuvoir. Les valeurs afficheront entre 6 et 13\u00b0C. Un vent de nord soufflera un peu, avec 19 km\/h. L&rsquo;apr\u00e8s-midi, encore des nuages dans le ciel qui emp\u00eachent le soleil d&rsquo;appara\u00eetre. Les temp\u00e9ratures seront de 10\u00b0C au minimum et de 13\u00b0C au plus haut. La soir\u00e9e va rester voil\u00e9e \u00e0 cause de nuages qui persistent dans le ciel. Des pluies \u00e9parses vont tomber. Le thermom\u00e8tre affichera 9\u00b0C en moyenne. Le passage de dimanche \u00e0 lundi se fera sous un ciel pluvieux.<\/p>\n<p>On observera la pr\u00e9sence persistante de nuages demain \u00e0 Lille. Des pluies \u00e9parses vont tomber sur la ville. L&rsquo;air ambiant va se r\u00e9chauffer avec une hausse de quelques degr\u00e9s. Les valeurs seront comprises entre 7 et 14\u00b0C. Un petit vent de nord-est sera ressenti par les habitants. Les nuages en pr\u00e9vision le matin, et un ciel encore maussade. Toujours de la grisaille demain apr\u00e8s-midi. Les nuages vont s&rsquo;attarder. Les temp\u00e9ratures s&rsquo;\u00e9chelonneront entre 13\u00b0C et 14\u00b0C. Demain soir, le vent va peu \u00e0 peu \u00e9loigner les nuages. Les temp\u00e9ratures seront de 11\u00b0C.<\/p>\n<p>La m\u00e9t\u00e9o sera assez instable les prochains jours. On s&rsquo;attend \u00e0 une d\u00e9gradation mercredi, apr\u00e8s un jour ensoleill\u00e9 mardi.<\/p>\n<p><\/p>\n","protected":false},"excerpt":{"rendered":"Le soleil peinera \u00e0 percer au milieu des nuages qui perdureront sur Lille dans la journ\u00e9e. Il va&hellip;\n","protected":false},"author":2,"featured_media":72936,"comment_status":"","ping_status":"","sticky":false,"template":"","format":"standard","meta":{"footnotes":""},"categories":[2815],"tags":[1111,11,1777,674,1011,27,811,1307,12,1308,1309,2119,25],"class_list":{"0":"post-72935","1":"post","2":"type-post","3":"status-publish","4":"format-standard","5":"has-post-thumbnail","7":"category-lille","8":"tag-actu","9":"tag-actualites","10":"tag-eu","11":"tag-europe","12":"tag-fr","13":"tag-france","14":"tag-hauts-de-france","15":"tag-lille","16":"tag-news","17":"tag-nord","18":"tag-nord-pas-de-calais","19":"tag-previsions-meteo","20":"tag-republique-francaise"},"share_on_mastodon":{"url":"https:\/\/pubeurope.com\/@fr\/114446500052591335","error":""},"_links":{"self":[{"href":"https:\/\/www.europesays.com\/fr\/wp-json\/wp\/v2\/posts\/72935","targetHints":{"allow":["GET"]}}],"collection":[{"href":"https:\/\/www.europesays.com\/fr\/wp-json\/wp\/v2\/posts"}],"about":[{"href":"https:\/\/www.europesays.com\/fr\/wp-json\/wp\/v2\/types\/post"}],"author":[{"embeddable":true,"href":"https:\/\/www.europesays.com\/fr\/wp-json\/wp\/v2\/users\/2"}],"replies":[{"embeddable":true,"href":"https:\/\/www.europesays.com\/fr\/wp-json\/wp\/v2\/comments?post=72935"}],"version-history":[{"count":0,"href":"https:\/\/www.europesays.com\/fr\/wp-json\/wp\/v2\/posts\/72935\/revisions"}],"wp:featuredmedia":[{"embeddable":true,"href":"https:\/\/www.europesays.com\/fr\/wp-json\/wp\/v2\/media\/72936"}],"wp:attachment":[{"href":"https:\/\/www.europesays.com\/fr\/wp-json\/wp\/v2\/media?parent=72935"}],"wp:term":[{"taxonomy":"category","embeddable":true,"href":"https:\/\/www.europesays.com\/fr\/wp-json\/wp\/v2\/categories?post=72935"},{"taxonomy":"post_tag","embeddable":true,"href":"https:\/\/www.europesays.com\/fr\/wp-json\/wp\/v2\/tags?post=72935"}],"curies":[{"name":"wp","href":"https:\/\/api.w.org\/{rel}","templated":true}]}}