{"id":72937,"date":"2025-05-03T23:29:08","date_gmt":"2025-05-03T23:29:08","guid":{"rendered":"https:\/\/www.europesays.com\/fr\/72937\/"},"modified":"2025-05-03T23:29:08","modified_gmt":"2025-05-03T23:29:08","slug":"previsions-du-dimanche-4-mai-2025-5","status":"publish","type":"post","link":"https:\/\/www.europesays.com\/fr\/72937\/","title":{"rendered":"pr\u00e9visions du dimanche 4 mai 2025"},"content":{"rendered":"<p>La grisaille ne se disperse toujours pas, il va y avoir encore des nuages aujourd&rsquo;hui. Du mauvais temps est \u00e0 pr\u00e9voir \u00e0 Marseille. Des pluies \u00e9parses vont tomber. Les temp\u00e9ratures tourneront autour des 18\u00b0C. Un petit vent de sud-est soufflera. Dans la matin\u00e9e, les temp\u00e9ratures avoisineront les 19\u00b0C. L&rsquo;apr\u00e8s-midi, toujours des nuages dans le ciel qui emp\u00eachent le soleil de faire son apparition. Les valeurs afficheront entre 18 et 19\u00b0C. Les nuages en pr\u00e9vision le soir, et un ciel encore gris. On pense qu&rsquo;il y aura des orages de faible intensit\u00e9. On pr\u00e9voit des temp\u00e9ratures d&rsquo;environ 17\u00b0C. On passera de dimanche \u00e0 lundi par une nuit pluvieuse.<\/p>\n<p>Demain, \u00e0 Marseille, des nuages ne voudront pas c\u00e9der leur place au soleil. Le mercure va chuter de quelques degr\u00e9s. Les valeurs s&rsquo;\u00e9chelonneront entre 13 et 17\u00b0C. Un vent de nord-ouest est pr\u00e9vu : il soufflera \u00e0 22 km\/h. La matin\u00e9e va rester maussade \u00e0 cause de nuages qui se maintiennent dans le ciel. Des pluies \u00e9parses sont attendues. Le thermom\u00e8tre affichera 15\u00b0C en moyenne. Encore de la grisaille demain apr\u00e8s-midi. Les nuages vont stationner. Les temp\u00e9ratures seront de 16\u00b0C au minimum et de 17\u00b0C au maximum. Il va faire 14\u00b0C en moyenne demain soir.<\/p>\n<p>La m\u00e9t\u00e9o sera ensoleill\u00e9e mardi mais elle conna\u00eetra une d\u00e9gradation mercredi.<\/p>\n<p><\/p>\n","protected":false},"excerpt":{"rendered":"La grisaille ne se disperse toujours pas, il va y avoir encore des nuages aujourd&rsquo;hui. Du mauvais temps&hellip;\n","protected":false},"author":2,"featured_media":72938,"comment_status":"","ping_status":"","sticky":false,"template":"","format":"standard","meta":{"footnotes":""},"categories":[2814],"tags":[1111,11,885,1777,674,1011,27,884,12,883,2119,882,25],"class_list":{"0":"post-72937","1":"post","2":"type-post","3":"status-publish","4":"format-standard","5":"has-post-thumbnail","7":"category-marseille","8":"tag-actu","9":"tag-actualites","10":"tag-bouches-du-rhone","11":"tag-eu","12":"tag-europe","13":"tag-fr","14":"tag-france","15":"tag-marseille","16":"tag-news","17":"tag-paca","18":"tag-previsions-meteo","19":"tag-provence-alpes-cote-dazur","20":"tag-republique-francaise"},"share_on_mastodon":{"url":"https:\/\/pubeurope.com\/@fr\/114446504150760681","error":""},"_links":{"self":[{"href":"https:\/\/www.europesays.com\/fr\/wp-json\/wp\/v2\/posts\/72937","targetHints":{"allow":["GET"]}}],"collection":[{"href":"https:\/\/www.europesays.com\/fr\/wp-json\/wp\/v2\/posts"}],"about":[{"href":"https:\/\/www.europesays.com\/fr\/wp-json\/wp\/v2\/types\/post"}],"author":[{"embeddable":true,"href":"https:\/\/www.europesays.com\/fr\/wp-json\/wp\/v2\/users\/2"}],"replies":[{"embeddable":true,"href":"https:\/\/www.europesays.com\/fr\/wp-json\/wp\/v2\/comments?post=72937"}],"version-history":[{"count":0,"href":"https:\/\/www.europesays.com\/fr\/wp-json\/wp\/v2\/posts\/72937\/revisions"}],"wp:featuredmedia":[{"embeddable":true,"href":"https:\/\/www.europesays.com\/fr\/wp-json\/wp\/v2\/media\/72938"}],"wp:attachment":[{"href":"https:\/\/www.europesays.com\/fr\/wp-json\/wp\/v2\/media?parent=72937"}],"wp:term":[{"taxonomy":"category","embeddable":true,"href":"https:\/\/www.europesays.com\/fr\/wp-json\/wp\/v2\/categories?post=72937"},{"taxonomy":"post_tag","embeddable":true,"href":"https:\/\/www.europesays.com\/fr\/wp-json\/wp\/v2\/tags?post=72937"}],"curies":[{"name":"wp","href":"https:\/\/api.w.org\/{rel}","templated":true}]}}