{"id":72943,"date":"2025-05-03T23:32:08","date_gmt":"2025-05-03T23:32:08","guid":{"rendered":"https:\/\/www.europesays.com\/fr\/72943\/"},"modified":"2025-05-03T23:32:08","modified_gmt":"2025-05-03T23:32:08","slug":"previsions-du-dimanche-4-mai-2025-6","status":"publish","type":"post","link":"https:\/\/www.europesays.com\/fr\/72943\/","title":{"rendered":"pr\u00e9visions du dimanche 4 mai 2025"},"content":{"rendered":"<p>Dans la journ\u00e9e, de l\u00e9g\u00e8res averses seront possibles \u00e0 Lyon. Les valeurs seront de 14\u00b0C. Les temp\u00e9ratures seront de 13\u00b0C au plus bas et de 16\u00b0C au maximum la matin\u00e9e. Un vent de sud soufflera un peu, avec 5 km\/h. Les maximales pourront atteindre 17\u00b0C dans l&rsquo;apr\u00e8s-midi et les minimales seront de 14\u00b0C. Il faudra pr\u00e9voir son parapluie le soir pour \u00e9viter la bruine l\u00e9g\u00e8re. Les valeurs s&rsquo;\u00e9chelonneront de 12 \u00e0 13\u00b0C. On passera de dimanche \u00e0 lundi par une nuit brumeuse.<\/p>\n<p>Demain, le soleil sera dissimul\u00e9 derri\u00e8re des nuages \u00e0 Lyon, o\u00f9 le temps sera gris. Le mercure va chuter de quelques degr\u00e9s. Il fera en moyenne 10\u00b0C. Un vent de nord-ouest rafra\u00eechira sensiblement l&rsquo;atmosph\u00e8re. Le matin, toujours des nuages dans le ciel qui emp\u00eachent le soleil d&rsquo;appara\u00eetre. Il va faire 10\u00b0C en moyenne. La grisaille ne se disperse toujours pas, il y aura encore des nuages demain apr\u00e8s-midi. La m\u00e9t\u00e9o sera ponctu\u00e9e par des pluies \u00e9parses. Les temp\u00e9ratures s&rsquo;\u00e9chelonneront entre 10\u00b0C et 11\u00b0C. Les nuages en pr\u00e9vision demain soir, et un ciel encore maussade. Des pluies \u00e9parses vont tomber.<\/p>\n<p>Les jours se succ\u00e8dent mais ne se ressemblent pas. Les conditions m\u00e9t\u00e9orologiques seront changeantes pour les jours \u00e0 venir. On s&rsquo;attend \u00e0 une d\u00e9gradation mercredi, apr\u00e8s un jour nuageux mardi.<\/p>\n<p><\/p>\n","protected":false},"excerpt":{"rendered":"Dans la journ\u00e9e, de l\u00e9g\u00e8res averses seront possibles \u00e0 Lyon. Les valeurs seront de 14\u00b0C. Les temp\u00e9ratures seront&hellip;\n","protected":false},"author":2,"featured_media":72944,"comment_status":"","ping_status":"","sticky":false,"template":"","format":"standard","meta":{"footnotes":""},"categories":[1889],"tags":[1111,11,2430,1777,674,1011,27,2428,12,2119,25,2429,2431],"class_list":{"0":"post-72943","1":"post","2":"type-post","3":"status-publish","4":"format-standard","5":"has-post-thumbnail","7":"category-lyon","8":"tag-actu","9":"tag-actualites","10":"tag-auvergne-rhone-alpes","11":"tag-eu","12":"tag-europe","13":"tag-fr","14":"tag-france","15":"tag-lyon","16":"tag-news","17":"tag-previsions-meteo","18":"tag-republique-francaise","19":"tag-rhone","20":"tag-rhone-alpes"},"share_on_mastodon":{"url":"https:\/\/pubeurope.com\/@fr\/114446515754147867","error":""},"_links":{"self":[{"href":"https:\/\/www.europesays.com\/fr\/wp-json\/wp\/v2\/posts\/72943","targetHints":{"allow":["GET"]}}],"collection":[{"href":"https:\/\/www.europesays.com\/fr\/wp-json\/wp\/v2\/posts"}],"about":[{"href":"https:\/\/www.europesays.com\/fr\/wp-json\/wp\/v2\/types\/post"}],"author":[{"embeddable":true,"href":"https:\/\/www.europesays.com\/fr\/wp-json\/wp\/v2\/users\/2"}],"replies":[{"embeddable":true,"href":"https:\/\/www.europesays.com\/fr\/wp-json\/wp\/v2\/comments?post=72943"}],"version-history":[{"count":0,"href":"https:\/\/www.europesays.com\/fr\/wp-json\/wp\/v2\/posts\/72943\/revisions"}],"wp:featuredmedia":[{"embeddable":true,"href":"https:\/\/www.europesays.com\/fr\/wp-json\/wp\/v2\/media\/72944"}],"wp:attachment":[{"href":"https:\/\/www.europesays.com\/fr\/wp-json\/wp\/v2\/media?parent=72943"}],"wp:term":[{"taxonomy":"category","embeddable":true,"href":"https:\/\/www.europesays.com\/fr\/wp-json\/wp\/v2\/categories?post=72943"},{"taxonomy":"post_tag","embeddable":true,"href":"https:\/\/www.europesays.com\/fr\/wp-json\/wp\/v2\/tags?post=72943"}],"curies":[{"name":"wp","href":"https:\/\/api.w.org\/{rel}","templated":true}]}}