{"id":729521,"date":"2026-02-12T14:11:11","date_gmt":"2026-02-12T14:11:11","guid":{"rendered":"https:\/\/www.europesays.com\/fr\/729521\/"},"modified":"2026-02-12T14:11:11","modified_gmt":"2026-02-12T14:11:11","slug":"atp-buenos-aires-joao-fonseca-battu-des-son-entree-en-lice-les-gens-disent-que-je-suis-le-prochain-guga-alcaraz-ou-sinner-mais-ce-nest-pas-parce-que-jai-gagne-ici-lannee-derniere-que-jall","status":"publish","type":"post","link":"https:\/\/www.europesays.com\/fr\/729521\/","title":{"rendered":"ATP &#8211; Buenos Aires > Joao Fonseca, battu d\u00e8s son entr\u00e9e en lice : \u00ab\u00a0Les gens disent que je suis le prochain Guga, Alcaraz ou Sinner mais ce n&rsquo;est pas parce que j&rsquo;ai gagn\u00e9 ici l&rsquo;ann\u00e9e derni\u00e8re que j&rsquo;allais gagner cette ann\u00e9e\u00a0\u00bb"},"content":{"rendered":"<p>Alors qu\u2019il avait remport\u00e9 \u00e0 Buenos Aires la saison derni\u00e8re le premier titre de sa carri\u00e8re sur le circuit prin\u00adcipal, Joao Fonseca s\u2019est inclin\u00e9 d\u00e8s son entr\u00e9e en lice cette ann\u00e9e dans la capi\u00adtale argentine.\u00a0<\/p>\n<p>Le tenant du titre, 33e mondial, a \u00e9t\u00e9 battu en trois sets par le Chilien Alejandro Tabilo (71e) : 6\u20133, 3\u20136, 7\u20135.<\/p>\n<p>Si l\u2019en\u00adgoue\u00adment est impor\u00adtant autour de lui, le Br\u00e9silien demande du\u00a0temps.\u00a0<\/p>\n<blockquote class=\"twitter-tweet\">\n<p lang=\"es\" dir=\"ltr\">\u201cObviamente vas a tener expec\u00adta\u00adtivas y personas hablando de m\u00ed. Que soy el pr\u00f3ximo Guga, Alcaraz, Sinner. Estoy haciendo mi historia. No por ganar Buenos Aires el a\u00f1o pasado iba a ganar este a\u00f1o. Y no por ser 24\u00b0 a los 19 a\u00f1os quiere decir que voy a ser 1\u00b0 el a\u00f1o que viene\u201d <a href=\"https:\/\/t.co\/gH8ogws0H1\" data-wpel-link=\"external\" target=\"_blank\" rel=\"nofollow external noopener\">https:\/\/t.co\/gH8ogws0H1<\/a><\/p>\n<p>\u2014 Lautaro Miranda N\u00fa\u00f1ez (@Lautarotenn1s) <a href=\"https:\/\/twitter.com\/Lautarotenn1s\/status\/2021761174455693736?ref_src=twsrc%5Etfw\" data-wpel-link=\"external\" target=\"_blank\" rel=\"nofollow external noopener\">February 12,\u00a02026<\/a><\/p><\/blockquote>\n<p><strong>\u00ab\u202fC\u2019est une d\u00e9faite tr\u00e8s diffi\u00adcile pour moi. J\u2019ai tout essay\u00e9, mais j\u2019ai manqu\u00e9 de confiance. Je continue \u00e0 travailler dur et \u00e0 rester positif. \u00c9videmment, les gens ont des attentes et parlent de moi. Ils disent que je suis le prochain Guga, Alcaraz, Sinner. Je suis en train d\u2019\u00e9crire mon histoire. Ce n\u2019est pas parce que j\u2019ai gagn\u00e9 \u00e0 Buenos Aires l\u2019ann\u00e9e derni\u00e8re que j\u2019al\u00adlais gagner cette ann\u00e9e. Et ce n\u2019est pas parce que je suis 24e \u00e0 19 ans que je vais \u00eatre 1er l\u2019ann\u00e9e prochaine\u202f\u00bb<\/strong>, a d\u00e9clar\u00e9 Joao Fonseca apr\u00e8s sa d\u00e9faite.\u00a0<\/p>\n<p class=\"post-published-date\" style=\"color: silver; font-size: 75%; text-align: left;\">Publi\u00e9 le jeudi 12 f\u00e9vrier 2026 \u00e0 09:28<\/p>\n<p>  <script async src=\"https:\/\/platform.twitter.com\/widgets.js\" charset=\"utf-8\"><\/script><\/p>\n","protected":false},"excerpt":{"rendered":"Alors qu\u2019il avait remport\u00e9 \u00e0 Buenos Aires la saison derni\u00e8re le premier titre de sa carri\u00e8re sur le&hellip;\n","protected":false},"author":2,"featured_media":729522,"comment_status":"","ping_status":"","sticky":false,"template":"","format":"standard","meta":{"footnotes":""},"categories":[1415],"tags":[1744,1011,27,2127,60,1467],"class_list":{"0":"post-729521","1":"post","2":"type-post","3":"status-publish","4":"format-standard","5":"has-post-thumbnail","7":"category-tennis","8":"tag-alcaraz","9":"tag-fr","10":"tag-france","11":"tag-sinner","12":"tag-sports","13":"tag-tennis"},"share_on_mastodon":{"url":"https:\/\/pubeurope.com\/@fr\/116058068384757257","error":""},"_links":{"self":[{"href":"https:\/\/www.europesays.com\/fr\/wp-json\/wp\/v2\/posts\/729521","targetHints":{"allow":["GET"]}}],"collection":[{"href":"https:\/\/www.europesays.com\/fr\/wp-json\/wp\/v2\/posts"}],"about":[{"href":"https:\/\/www.europesays.com\/fr\/wp-json\/wp\/v2\/types\/post"}],"author":[{"embeddable":true,"href":"https:\/\/www.europesays.com\/fr\/wp-json\/wp\/v2\/users\/2"}],"replies":[{"embeddable":true,"href":"https:\/\/www.europesays.com\/fr\/wp-json\/wp\/v2\/comments?post=729521"}],"version-history":[{"count":0,"href":"https:\/\/www.europesays.com\/fr\/wp-json\/wp\/v2\/posts\/729521\/revisions"}],"wp:featuredmedia":[{"embeddable":true,"href":"https:\/\/www.europesays.com\/fr\/wp-json\/wp\/v2\/media\/729522"}],"wp:attachment":[{"href":"https:\/\/www.europesays.com\/fr\/wp-json\/wp\/v2\/media?parent=729521"}],"wp:term":[{"taxonomy":"category","embeddable":true,"href":"https:\/\/www.europesays.com\/fr\/wp-json\/wp\/v2\/categories?post=729521"},{"taxonomy":"post_tag","embeddable":true,"href":"https:\/\/www.europesays.com\/fr\/wp-json\/wp\/v2\/tags?post=729521"}],"curies":[{"name":"wp","href":"https:\/\/api.w.org\/{rel}","templated":true}]}}