{"id":72954,"date":"2025-05-03T23:39:10","date_gmt":"2025-05-03T23:39:10","guid":{"rendered":"https:\/\/www.europesays.com\/fr\/72954\/"},"modified":"2025-05-03T23:39:10","modified_gmt":"2025-05-03T23:39:10","slug":"ou-est-laurent-vinatier-le-francais-emprisonne-en-russie-depuis-presque-un-an","status":"publish","type":"post","link":"https:\/\/www.europesays.com\/fr\/72954\/","title":{"rendered":"o\u00f9 est Laurent Vinatier, le Fran\u00e7ais emprisonn\u00e9 en Russie depuis presque un an ?"},"content":{"rendered":"<p class=\"article-p mdl\">Laurent Vinatier est un Fran\u00e7ais emprisonn\u00e9 en Russie depuis bient\u00f4t un an. Il travaillait \u00e0 Moscou pour une ONG suisse et a \u00e9t\u00e9 arr\u00eat\u00e9 le 6 juin 2024 dans un caf\u00e9. Les autorit\u00e9s lui reprochaient de ne pas s&rsquo;\u00eatre d\u00e9clar\u00e9 aupr\u00e8s de l&rsquo;administration comme agent de l&rsquo;\u00e9tranger, obligation pourtant r\u00e9serv\u00e9e aux citoyens russes.\u00a0<\/p>\n<p class=\"article-p mdl\">En f\u00e9vrier 2025, le Fran\u00e7ais a \u00e9t\u00e9 condamn\u00e9 en appel \u00e0 trois ans de colonie p\u00e9nitentiaire, une peine requise en octobre 2024 par une juge russe.\u00a0<a class=\"link\" href=\"https:\/\/www.rtl.fr\/actu\/international\/les-infos-de-6h-russie-le-detenu-francais-laurent-vinatier-juge-ce-lundi-pour-espionnage-7900428563\" target=\"_blank\" rel=\"noopener\">Laurent Vinatier<\/a>\u00a0a pass\u00e9 <strong>ses premiers mois de d\u00e9tention dans une prison de la r\u00e9gion de Moscou<\/strong> et a quitt\u00e9 l&rsquo;\u00e9tablissement d\u00e9but avril.\u00a0<\/p>\n<p class=\"article-p mdl\">\u00ab\u00a0Il a \u00e9t\u00e9 <strong>envoy\u00e9 dans une colonie p\u00e9nitentiaire de transit \u00e0 200 km de Moscou.<\/strong> C&rsquo;est vraiment une grande inqui\u00e9tude pour nous. Il n&rsquo;y a aucune communication. Lui ne peut pas t\u00e9l\u00e9phoner, on ne peut pas le joindre par t\u00e9l\u00e9phone et apparemment, il <strong>ne peut pas r\u00e9pondre aux messages<\/strong> que sa femme lui a envoy\u00e9s\u00a0\u00bb, a confi\u00e9 \u00e0 RTL sa m\u00e8re, Brigitte Vinatier.<\/p>\n<p class=\"article-p mdl\">L&rsquo;avocat russe de Laurent Vinatier a tent\u00e9 de lui rendre visite, sans succ\u00e8s. Le Fran\u00e7ais doit \u00eatre transf\u00e9r\u00e9 dans la colonie p\u00e9nitentiaire o\u00f9 il purgera le reste de sa peine. <strong>Mari\u00e9 \u00e0 une Russe, le Fran\u00e7ais vivait \u00e0 Moscou o\u00f9 son travail<\/strong> \u00e9tait en lien avec le\u00a0<a class=\"link\" href=\"https:\/\/www.rtl.fr\/actu\/international\/guerre-en-ukraine-trump-voit-les-choses-un-peu-differemment-selon-zelensky-depuis-leur-rencontre-au-vatican-7900501019\" target=\"_blank\" rel=\"noopener\">conflit en Ukraine<\/a>.\u00a0<\/p>\n<p>            Une peine de trois ans de prison<\/p>\n<p class=\"article-p mdl\">Il \u00e9tait consultant dans une ONG suisse et avait pour interlocuteur des Russes, des Ukrainiens. Pour sa maman,\u00a0<a class=\"link\" href=\"https:\/\/www.rtl.fr\/actu\/international\/les-infos-du-18h-russie-ce-que-l-on-sait-du-francais-accuse-d-espionnage-7900392357\" target=\"_blank\" rel=\"noopener\">Laurent Vinatier<\/a>\u00a0n&rsquo;\u00e9tait pas du tout en danger en Russie. \u00ab\u00a0C&rsquo;est <strong>un travail de diplomatie parall\u00e8le en fait,<\/strong> qui est connu de tous, qui est transparent\u00a0\u00bb, a-t-elle expliqu\u00e9.\u00a0<\/p>\n<p class=\"article-p mdl\">Les relations entre la France et la Russie sont glaciales, ce qui a pu jouer dans sa condamnation, selon la famille de Laurent Vinatier. Il a \u00e9t\u00e9 <strong>condamn\u00e9 pour ne pas avoir respect\u00e9 une obligation administrative<\/strong>, se d\u00e9clarer comme agent de l&rsquo;\u00e9tranger, des faits qu&rsquo;il a reconnus et pour lesquels il s&rsquo;est excus\u00e9. Il a malgr\u00e9 tout \u00e9cop\u00e9 <strong>d&rsquo;une peine de prison lourde, trois ans, alors qu&rsquo;il en risquait cinq.\u00a0<\/strong><\/p>\n<p class=\"article-p mdl\">\u00ab\u00a0Cette loi qui dit qu&rsquo;il faut s&rsquo;inscrire comme agent de l&rsquo;\u00e9tranger, en principe, c&rsquo;est une loi qui est faite pour les Russes. <strong>Il est le premier \u00e9tranger \u00e0 qui on reproche \u00e7a.<\/strong> [&#8230;] Il est un prisonnier politique\u00a0\u00bb, a affirm\u00e9 sa m\u00e8re.\u00a0<\/p>\n<p class=\"article-p mdl\">Le Fran\u00e7ais pourrait-il \u00eatre lib\u00e9r\u00e9 ? \u00c0 l&rsquo;occasion des f\u00eates du 9 mai en Russie, qui c\u00e9l\u00e8bre cette ann\u00e9e le 80e anniversaire de la victoire de l&rsquo;URSS sur l&rsquo;Allemagne nazie,<strong> Laurent Vinatier doit faire une demande de gr\u00e2ce <\/strong>aupr\u00e8s de\u00a0<a class=\"link\" href=\"https:\/\/www.rtl.fr\/actu\/international\/guerre-en-ukraine-y-a-t-il-des-francais-qui-se-battent-aux-cotes-des-russes-comme-l-a-dit-poutine-7900500400\" target=\"_blank\" rel=\"noopener\">Vladimir Poutine<\/a>. Sa famille souhaite rencontrer Emmanuel Macron. Elle <strong>esp\u00e8re aussi un \u00e9change de prisonniers comme en \u00e9t\u00e9 2024.<\/strong> Plusieurs d\u00e9tenus \u00e9trangers en Russie avaient \u00e9t\u00e9 \u00e9chang\u00e9s contre des prisonniers russes en Europe.<\/p>\n<p>    La r\u00e9daction vous recommande<\/p>\n<p class=\"s-newsletter__title\">\n                L\u2019actualit\u00e9 par la r\u00e9daction de RTL dans votre bo\u00eete mail.\n            <\/p>\n<p class=\"s-newsletter__subtitle\">\n                Gr\u00e2ce \u00e0 votre compte RTL abonnez-vous \u00e0 la newsletter RTL info pour suivre toute l&rsquo;actualit\u00e9 au quotidien\n            <\/p>\n<p>\n                                    Lire la suite\n                                <\/p>\n","protected":false},"excerpt":{"rendered":"Laurent Vinatier est un Fran\u00e7ais emprisonn\u00e9 en Russie depuis bient\u00f4t un an. Il travaillait \u00e0 Moscou pour une&hellip;\n","protected":false},"author":2,"featured_media":72955,"comment_status":"","ping_status":"","sticky":false,"template":"","format":"standard","meta":{"footnotes":""},"categories":[1591],"tags":[11,312,1887,107,27,12,899,1885,1886,132],"class_list":{"0":"post-72954","1":"post","2":"type-post","3":"status-publish","4":"format-standard","5":"has-post-thumbnail","7":"category-russie","8":"tag-actualites","9":"tag-diplomatie","10":"tag-federation-de-russie","11":"tag-fil-info","12":"tag-france","13":"tag-news","14":"tag-prisons","15":"tag-russia","16":"tag-russian-federation","17":"tag-russie"},"share_on_mastodon":{"url":"https:\/\/pubeurope.com\/@fr\/114446543404006036","error":""},"_links":{"self":[{"href":"https:\/\/www.europesays.com\/fr\/wp-json\/wp\/v2\/posts\/72954","targetHints":{"allow":["GET"]}}],"collection":[{"href":"https:\/\/www.europesays.com\/fr\/wp-json\/wp\/v2\/posts"}],"about":[{"href":"https:\/\/www.europesays.com\/fr\/wp-json\/wp\/v2\/types\/post"}],"author":[{"embeddable":true,"href":"https:\/\/www.europesays.com\/fr\/wp-json\/wp\/v2\/users\/2"}],"replies":[{"embeddable":true,"href":"https:\/\/www.europesays.com\/fr\/wp-json\/wp\/v2\/comments?post=72954"}],"version-history":[{"count":0,"href":"https:\/\/www.europesays.com\/fr\/wp-json\/wp\/v2\/posts\/72954\/revisions"}],"wp:featuredmedia":[{"embeddable":true,"href":"https:\/\/www.europesays.com\/fr\/wp-json\/wp\/v2\/media\/72955"}],"wp:attachment":[{"href":"https:\/\/www.europesays.com\/fr\/wp-json\/wp\/v2\/media?parent=72954"}],"wp:term":[{"taxonomy":"category","embeddable":true,"href":"https:\/\/www.europesays.com\/fr\/wp-json\/wp\/v2\/categories?post=72954"},{"taxonomy":"post_tag","embeddable":true,"href":"https:\/\/www.europesays.com\/fr\/wp-json\/wp\/v2\/tags?post=72954"}],"curies":[{"name":"wp","href":"https:\/\/api.w.org\/{rel}","templated":true}]}}