{"id":72966,"date":"2025-05-03T23:45:08","date_gmt":"2025-05-03T23:45:08","guid":{"rendered":"https:\/\/www.europesays.com\/fr\/72966\/"},"modified":"2025-05-03T23:45:08","modified_gmt":"2025-05-03T23:45:08","slug":"la-fin-des-accords-avec-lue-ne-suffira-pas-a-sauver-les-pecheurs-senegalais","status":"publish","type":"post","link":"https:\/\/www.europesays.com\/fr\/72966\/","title":{"rendered":"La fin des accords avec l\u2019UE ne suffira pas \u00e0 sauver les p\u00eacheurs s\u00e9n\u00e9galais"},"content":{"rendered":"\n<p>\u00c0 l\u2019heure o\u00f9 le soleil s\u2019incline vers la mer, la plage de Soumb\u00e9dioune [\u00e0 Dakar] offre un spectacle saisissant. L\u2019astre d\u00e9cline lentement derri\u00e8re l\u2019archipel des \u00eeles de la Madeleine, baignant l\u2019oc\u00e9an d\u2019une lueur dor\u00e9e. Des oiseaux marins, silhouettes effil\u00e9es contre un ciel en feu, plongent en piqu\u00e9 dans la colonne d\u2019eau, effleurant la surface d\u2019un coup de bec vif \u00e0 la qu\u00eate de proies.<\/p>\n<p>La houle, capricieuse, soul\u00e8ve les d\u00e9tritus flottants qui d\u00e9rivent au gr\u00e9 des courants, t\u00e9moins silencieux de l\u2019activit\u00e9 humaine. Sur le rivage, l\u2019ambiance est \u00e9trangement calme \u00e0 18\u00a0heures, ce mercredi. Une unique embarcation, quasi bredouille, est ramen\u00e9e par le ressac. \u00c0 bord, deux p\u00eacheurs, visages burin\u00e9s par le sel et le vent, manifestent une d\u00e9ception feutr\u00e9e.<\/p>\n<p>Trois mois apr\u00e8s la fin des accords de p\u00eache entre le S\u00e9n\u00e9gal et l\u2019Union europ\u00e9enne (UE) [conclus en 2014\u00a0et renouvel\u00e9s une premi\u00e8re fois en 2019, ces derniers n\u2019ont pas \u00e9t\u00e9 reconduits, la partie europ\u00e9enne invoquant des \u201cd\u00e9faillances\u201d dans la lutte contre la p\u00eache ill\u00e9gale, et la partie s\u00e9n\u00e9galaise une surexploitation des ressources halieutiques aux d\u00e9pens des populations locales], l\u2019impact de cette d\u00e9cision semble encore imperceptible. Sur le quai, les acteurs de la p\u00eache artisanale, piliers de cette \u00e9conomie locale, racontent une r\u00e9alit\u00e9 complexe, entre espoirs d\u00e9\u00e7us et adaptations pr\u00e9caires.<\/p>\n<p>Autour d\u2019Astou fusent les cris des vendeuses, entre appels enj\u00f4leurs et marchandages \u00e2pres. Drap\u00e9e dans une robe wax aux motifs bigarr\u00e9s, le pagne nou\u00e9 \u00e0 la taille, les bras charg\u00e9s de poissons, le visage tann\u00e9 par le soleil et les embruns, elle incarne la dure r\u00e9alit\u00e9 de la vie au bord de la mer.<\/p>\n<p>Devant elle, un \u00e9tal de poissons color\u00e9 et attirant. Des tas de sept pi\u00e8ces de pargo, poisson ressemblant \u00e0 la dorade, sont expos\u00e9s. Elle pr\u00e9sente ses produits, vantant leur fra\u00eecheur, leur qualit\u00e9 et leur go\u00fbt. \u201cHuit mille\u00a0francs CFA [environ 12\u00a0euros] le lot, mais pour vous, ce sera 7\u00a0000\u00a0FCFA [10,5\u00a0euros]\u201d, glisse-t-elle dans un sourire engageant. Malgr\u00e9 son dynamisme, elle confie, dans un murmure, que les affaires sont moins florissantes qu\u2019avant. \u201cLes clients h\u00e9sitent, les prix fluctuent, et parfois le poisson se fait rare\u201d, dit-elle.<\/p>\n<p>Un peu plus loin, Seydina Aliou Diop, un v\u00e9t\u00e9ran du m\u00e9tier, dresse un tableau contrast\u00e9 de la situation. Sa chemise ray\u00e9e sombre, son pantalon crasseux, ses sandales d\u00e9lav\u00e9es et ses pieds blanchis par la salinit\u00e9 trahissent le poids des ans et des vagues.<\/p>\n<p>Les dorades grises \u00e0 6\u00a0500\u00a0FCFA [9,90\u00a0euros] le lot et les \u201cchars jaunes\u201d, des esp\u00e8ces autrefois rares, foisonnent sur son pr\u00e9sentoir. \u201cAvant, on ne voyait qu\u2019occasionnellement les chars marron ou jaunes. Maintenant, ils sont plus fr\u00e9quents\u201d, r\u00e9v\u00e8le-t-il.<\/p>\n<p>Un constat confirm\u00e9 par le vieux loup de mer Sidy Sarr, qui s\u2019avance v\u00eatu d\u2019un ensemble blanc \u00e9clatant, malgr\u00e9 la poussi\u00e8re et l\u2019humidit\u00e9. Il arpente le quai, le pas alerte, en chantonnant, signe d\u2019un moral regonfl\u00e9. Il raconte avec fiert\u00e9 que r\u00e9cemment, sa pirogue, tenue par ses enfants, a ramen\u00e9 un \u201cwakhanor\u201d [autre nom du thon albacore] de 300\u00a0kilos. Une b\u00eate impressionnante, peau lisse, d\u00e9grad\u00e9 de noir et gris avec des reflets <\/p>\n","protected":false},"excerpt":{"rendered":"\u00c0 l\u2019heure o\u00f9 le soleil s\u2019incline vers la mer, la plage de Soumb\u00e9dioune [\u00e0 Dakar] offre un spectacle&hellip;\n","protected":false},"author":2,"featured_media":72967,"comment_status":"","ping_status":"","sticky":false,"template":"","format":"standard","meta":{"footnotes":""},"categories":[1586],"tags":[11,879,1777,674,1779,1011,27,17662,12,17663,25,17661,2542,1778,364,2475],"class_list":{"0":"post-72966","1":"post","2":"type-post","3":"status-publish","4":"format-standard","5":"has-post-thumbnail","7":"category-europe","8":"tag-actualites","9":"tag-afrique","10":"tag-eu","11":"tag-europe","12":"tag-european-union","13":"tag-fr","14":"tag-france","15":"tag-mers-et-ocu00e9ans","16":"tag-news","17":"tag-pu00eache","18":"tag-republique-francaise","19":"tag-su00e9nu00e9gal","20":"tag-u00e9conomie","21":"tag-ue","22":"tag-union-europeenne","23":"tag-union-europu00e9enne"},"share_on_mastodon":{"url":"https:\/\/pubeurope.com\/@fr\/114446566983481609","error":""},"_links":{"self":[{"href":"https:\/\/www.europesays.com\/fr\/wp-json\/wp\/v2\/posts\/72966","targetHints":{"allow":["GET"]}}],"collection":[{"href":"https:\/\/www.europesays.com\/fr\/wp-json\/wp\/v2\/posts"}],"about":[{"href":"https:\/\/www.europesays.com\/fr\/wp-json\/wp\/v2\/types\/post"}],"author":[{"embeddable":true,"href":"https:\/\/www.europesays.com\/fr\/wp-json\/wp\/v2\/users\/2"}],"replies":[{"embeddable":true,"href":"https:\/\/www.europesays.com\/fr\/wp-json\/wp\/v2\/comments?post=72966"}],"version-history":[{"count":0,"href":"https:\/\/www.europesays.com\/fr\/wp-json\/wp\/v2\/posts\/72966\/revisions"}],"wp:featuredmedia":[{"embeddable":true,"href":"https:\/\/www.europesays.com\/fr\/wp-json\/wp\/v2\/media\/72967"}],"wp:attachment":[{"href":"https:\/\/www.europesays.com\/fr\/wp-json\/wp\/v2\/media?parent=72966"}],"wp:term":[{"taxonomy":"category","embeddable":true,"href":"https:\/\/www.europesays.com\/fr\/wp-json\/wp\/v2\/categories?post=72966"},{"taxonomy":"post_tag","embeddable":true,"href":"https:\/\/www.europesays.com\/fr\/wp-json\/wp\/v2\/tags?post=72966"}],"curies":[{"name":"wp","href":"https:\/\/api.w.org\/{rel}","templated":true}]}}