{"id":729691,"date":"2026-02-12T15:53:28","date_gmt":"2026-02-12T15:53:28","guid":{"rendered":"https:\/\/www.europesays.com\/fr\/729691\/"},"modified":"2026-02-12T15:53:28","modified_gmt":"2026-02-12T15:53:28","slug":"liffre-visitez-les-appartements-temoins-de-la-residence-ker-wood","status":"publish","type":"post","link":"https:\/\/www.europesays.com\/fr\/729691\/","title":{"rendered":"Liffr\u00e9. Visitez les appartements t\u00e9moins de la r\u00e9sidence KER WOOD !"},"content":{"rendered":"<p>Vous avez un projet d&rsquo;accession \u00e0 la propri\u00e9t\u00e9 ? Cap Accession vous invite aux journ\u00e9es portes ouvertes pour d\u00e9couvrir la r\u00e9sidence KER WOOD \u00e0 Liffr\u00e9 : des logements de 1 \u00e0 4 pi\u00e8ces \u00e0 partir de 98 713 \u20ac TTC.<\/p>\n<p>Rien ne vaut une visite pour se faire une v\u00e9ritable id\u00e9e d&rsquo;un logement. C&rsquo;est pourquoi Cap Accession ouvre les portes de ses <strong>appartements t\u00e9moins<\/strong> et vous invite \u00e0 venir d\u00e9couvrir ce programme immobilier : <strong>les mercredis de f\u00e9vrier, de 13h \u00e0 17h30, Rue de la Blosse 35340 Liffr\u00e9<\/strong>.<\/p>\n<p><img loading=\"lazy\" decoding=\"async\" style=\"display: block; margin-left: auto; margin-right: auto;\" src=\"https:\/\/www.europesays.com\/fr\/wp-content\/uploads\/2026\/02\/P35739565D7184404G_crop_640-358_.jpg\" alt=\"\" width=\"640\" height=\"358\"\/><\/p>\n<p>La r\u00e9sidence KER WOOD est propos\u00e9e en <strong>location-accession<\/strong> (Pr\u00eat Social Location-Accession), un dispositif qui permet <strong>d&rsquo;acc\u00e9der \u00e0 la propri\u00e9t\u00e9 progressivement<\/strong>, avec des <strong>avantages fiscaux et financiers<\/strong> int\u00e9ressants.\u00a0<\/p>\n<p>Que vous soyez en phase de recherche active ou simplement curieux de d\u00e9couvrir les programmes en location-accession, ces visites sont faites pour vous. Venez avec vos <strong>questions<\/strong>, vos <strong>projets<\/strong>, vos <strong>attentes<\/strong>, les conseillers de Cap Accession seront l\u00e0 pour vous guider et vous accompagner dans votre r\u00e9flexion.\u00a0<\/p>\n<p>Pour vous accueillir dans les meilleures conditions lors de ces journ\u00e9es portes ouvertes, n&rsquo;h\u00e9sitez pas \u00e0 confirmer votre venue : <a href=\"https:\/\/rennes.maville.com\/actu\/tel:0299859903\" class=\"trackingClickNumero\" rel=\"nofollow noopener\" target=\"_blank\">02 99 85 99 03<\/a> ou <a href=\"https:\/\/rennes.maville.com\/actu\/mailto:servicecommercial@cap-accession.fr\" rel=\"nofollow noopener\" target=\"_blank\">servicecommercial@cap-accession.fr<\/a>\u00a0<\/p>\n<p>Ne manquez pas ces opportunit\u00e9s de d\u00e9couvrir votre futur chez-vous !<\/p>\n<p>Infos pratiques<\/p>\n<p>Programme situ\u00e9 rue de la Blosse 35340 Liffr\u00e9<\/p>\n<p>\u00a0<\/p>\n","protected":false},"excerpt":{"rendered":"Vous avez un projet d&rsquo;accession \u00e0 la propri\u00e9t\u00e9 ? Cap Accession vous invite aux journ\u00e9es portes ouvertes pour&hellip;\n","protected":false},"author":2,"featured_media":729692,"comment_status":"","ping_status":"","sticky":false,"template":"","format":"standard","meta":{"footnotes":"","_share_on_mastodon":"0"},"categories":[2821],"tags":[1111,11,40999,829,1777,674,1011,27,63386,38847,12,584,25,11293,20835,81885,13590],"class_list":["post-729691","post","type-post","status-publish","format-standard","has-post-thumbnail","category-rennes","tag-actu","tag-actualites","tag-appartements","tag-bretagne","tag-eu","tag-europe","tag-fr","tag-france","tag-ker","tag-liffre","tag-news","tag-rennes","tag-republique-francaise","tag-residence","tag-temoins","tag-visitez","tag-wood"],"share_on_mastodon":{"url":"https:\/\/pubeurope.com\/@fr\/116058469606527521","error":""},"_links":{"self":[{"href":"https:\/\/www.europesays.com\/fr\/wp-json\/wp\/v2\/posts\/729691","targetHints":{"allow":["GET"]}}],"collection":[{"href":"https:\/\/www.europesays.com\/fr\/wp-json\/wp\/v2\/posts"}],"about":[{"href":"https:\/\/www.europesays.com\/fr\/wp-json\/wp\/v2\/types\/post"}],"author":[{"embeddable":true,"href":"https:\/\/www.europesays.com\/fr\/wp-json\/wp\/v2\/users\/2"}],"replies":[{"embeddable":true,"href":"https:\/\/www.europesays.com\/fr\/wp-json\/wp\/v2\/comments?post=729691"}],"version-history":[{"count":0,"href":"https:\/\/www.europesays.com\/fr\/wp-json\/wp\/v2\/posts\/729691\/revisions"}],"wp:featuredmedia":[{"embeddable":true,"href":"https:\/\/www.europesays.com\/fr\/wp-json\/wp\/v2\/media\/729692"}],"wp:attachment":[{"href":"https:\/\/www.europesays.com\/fr\/wp-json\/wp\/v2\/media?parent=729691"}],"wp:term":[{"taxonomy":"category","embeddable":true,"href":"https:\/\/www.europesays.com\/fr\/wp-json\/wp\/v2\/categories?post=729691"},{"taxonomy":"post_tag","embeddable":true,"href":"https:\/\/www.europesays.com\/fr\/wp-json\/wp\/v2\/tags?post=729691"}],"curies":[{"name":"wp","href":"https:\/\/api.w.org\/{rel}","templated":true}]}}