{"id":72976,"date":"2025-05-03T23:51:07","date_gmt":"2025-05-03T23:51:07","guid":{"rendered":"https:\/\/www.europesays.com\/fr\/72976\/"},"modified":"2025-05-03T23:51:07","modified_gmt":"2025-05-03T23:51:07","slug":"les-resultats-des-barrages-le-programme-des-demi-finales-et-de-la-phase-finale","status":"publish","type":"post","link":"https:\/\/www.europesays.com\/fr\/72976\/","title":{"rendered":"Les r\u00e9sultats des barrages, le programme des demi-finales et de la phase finale"},"content":{"rendered":"<p>            Par<br \/>\n        <strong><br \/>\n            <a href=\"https:\/\/actu.fr\/auteur\/nicolas-dendri-actu-fr\" title=\"Consulter tous les articles de Nicolas Dendri\" target=\"_blank\" rel=\"noopener\">Nicolas Dendri<\/a><br \/>\n        <\/strong><\/p>\n<p>        Publi\u00e9 le<\/p>\n<p>            3 mai 2025 \u00e0 21h44        <\/p>\n<p>Apr\u00e8s la conclusion de la saison r\u00e9guli\u00e8re de <a href=\"https:\/\/actu.fr\/rugby\/nationale-rugby\" target=\"_blank\" rel=\"noopener\">Nationale<\/a> le week-end dernier avec la 26e journ\u00e9e, les <strong>phases finales<\/strong> ont d\u00e9but\u00e9. En ayant termin\u00e9 leader et deuxi\u00e8me du championnat, <strong>Chamb\u00e9ry<\/strong> et <strong>Narbonne<\/strong> sont directement qualifi\u00e9s pour les <strong>demi-finales<\/strong>.<\/p>\n<p class=\" wall-content\">En revanche, les clubs class\u00e9s entre la 3e et la 6e place ont jou\u00e9 un <strong>match de barrage<\/strong> ce samedi 3 mai. \u00a0D\u00e9couvrez sur <a href=\"https:\/\/actu.fr\/rugby\/\" target=\"_blank\" rel=\"noopener\">Actu Rugby<\/a> les r\u00e9sultats de ces deux matchs, les affiches des demi-finales et le programme complet de la phase finale.\u00a0<\/p>\n<p>Nationale : les r\u00e9sultats des barrages\u00a0<\/p>\n<p class=\" wall-content\">Avec un meilleur classement que leurs adversaires, Carcassonne (3e) et P\u00e9rigueux (4e) avaient l\u2019avantage de recevoir leur match de barrage contre Albi (6e) et Rouen (5e).<\/p>\n<p class=\" wall-content\">Les Audois n\u2019ont laiss\u00e9 aucune chance \u00e0 leurs voisins Tarnais. Tous les points ont \u00e9t\u00e9 inscrits lors de la premi\u00e8re mi-temps par Carcassonne. Du c\u00f4t\u00e9 de la Dordogne, la rencontre \u00e9tait plus serr\u00e9e. \u00c0 la fin du temps r\u00e8glementaire, P\u00e9rigueux et Rouen \u00e9taient dos \u00e0 dos : 16-16. Gr\u00e2ce \u00e0 <strong>un essai en prolongation<\/strong>, les Normands l\u2019ont emport\u00e9 !<\/p>\n<ul class=\" wall-content\">\n<li><strong>Carcassonne<\/strong> \u2013 Albi : 18-0<\/li>\n<li>P\u00e9rigueux \u2013 <strong>Rouen<\/strong> : 16-23<\/li>\n<\/ul>\n<p>Nationale : les affiches des demi-finales et de l\u2019access match<\/p>\n<p class=\" wall-content\">Gr\u00e2ce \u00e0 leur position aux deux premi\u00e8res places du classement final de Nationale, Chamb\u00e9ry et Narbonne auront le privil\u00e8ge de recevoir leur demi-finale. Les deux matchs se d\u00e9rouleront d\u00e8s la semaine prochaine le <strong>samedi 10 mai<\/strong>. Voici les affiches :\u00a0<\/p>\n<p>Vid\u00e9os : en ce moment sur Actu<\/p>\n<ul class=\" wall-content\">\n<li>Chamb\u00e9ry \u2013 Rouen<\/li>\n<li>Narbonne \u2013 Carcassonne<\/li>\n<\/ul>\n<p class=\" wall-content\">Durant le m\u00eame week-end le dimanche 11 mai, <strong>Langon<\/strong> qui a termin\u00e9 \u00e0 la 13e et avant-derni\u00e8re place du championnat de Nationale se d\u00e9placera sur la pelouse de l\u2019\u00e9quipe perdante de la finale de Nationale 2 entre Rennes et Niort pour l\u2019access match.\u00a0<\/p>\n<p>Nationale : le programme pour la finale<\/p>\n<p class=\" wall-content\">Apr\u00e8s les rencontres qui d\u00e9termineront les deux finalistes de la saison 2024-2025, la finale se d\u00e9roulera durant le week-end des 17 et 18 mai 2025 au Parc des Sports et de l\u2019Amiti\u00e9 de Narbonne.\u00a0<\/p>\n<p class=\" wall-content\">Le vainqueur de la finale de Nationale sera directement promu en Pro D2. Le perdant affrontera l\u2019avant-dernier de ce m\u00eame championnat lors d\u2019un access match programm\u00e9 sur son propre terrain le 31 mai ou le 1er juin.<\/p>\n<p class=\" wall-content\">Suivez toute l\u2019actualit\u00e9 de vos villes et m\u00e9dias favoris en vous inscrivant \u00e0 <a href=\"https:\/\/moncompte.actu.fr\" title=\"D\u00e9couvez Mon Actu\" rel=\"nofollow noopener\" data-trk=\"{&quot;cta&quot;:{&quot;action&quot;:&quot;https:\\\/\\\/moncompte.actu.fr&quot;,&quot;category&quot;:&quot;mon compte&quot;,&quot;from&quot;:&quot;article footer&quot;,&quot;name&quot;:&quot;Mon actu&quot;,&quot;type&quot;:&quot;cta&quot;}}\" target=\"_blank\">Mon Actu<\/a>.<\/p>\n<ul class=\"ac-article-tag wall-content\">\n<li><a href=\"https:\/\/actu.fr\/tag\/nationale\" data-trk=\"{&quot;cta&quot;:{&quot;action&quot;:&quot;Nationale&quot;,&quot;category&quot;:&quot;tag&quot;,&quot;from&quot;:&quot;article footer&quot;,&quot;name&quot;:&quot;Nationale&quot;,&quot;type&quot;:&quot;cta&quot;}}\" target=\"_blank\" rel=\"noopener\">#Nationale<\/a><\/li>\n<li><a href=\"https:\/\/actu.fr\/tag\/rouen-normandie-rugby\" data-trk=\"{&quot;cta&quot;:{&quot;action&quot;:&quot;Rouen Normandie Rugby&quot;,&quot;category&quot;:&quot;tag&quot;,&quot;from&quot;:&quot;article footer&quot;,&quot;name&quot;:&quot;Rouen Normandie Rugby&quot;,&quot;type&quot;:&quot;cta&quot;}}\" target=\"_blank\" rel=\"noopener\">#Rouen Normandie Rugby<\/a><\/li>\n<\/ul>\n","protected":false},"excerpt":{"rendered":"Par Nicolas Dendri Publi\u00e9 le 3 mai 2025 \u00e0 21h44 Apr\u00e8s la conclusion de la saison r\u00e9guli\u00e8re de&hellip;\n","protected":false},"author":2,"featured_media":72977,"comment_status":"","ping_status":"","sticky":false,"template":"","format":"standard","meta":{"footnotes":""},"categories":[1416],"tags":[1011,27,4361,17664,479,1468,60],"class_list":{"0":"post-72976","1":"post","2":"type-post","3":"status-publish","4":"format-standard","5":"has-post-thumbnail","7":"category-rugby","8":"tag-fr","9":"tag-france","10":"tag-nationale","11":"tag-rouen-normandie-rugby","12":"tag-rugby","13":"tag-rugby-football","14":"tag-sports"},"share_on_mastodon":{"url":"https:\/\/pubeurope.com\/@fr\/114446590569347424","error":""},"_links":{"self":[{"href":"https:\/\/www.europesays.com\/fr\/wp-json\/wp\/v2\/posts\/72976","targetHints":{"allow":["GET"]}}],"collection":[{"href":"https:\/\/www.europesays.com\/fr\/wp-json\/wp\/v2\/posts"}],"about":[{"href":"https:\/\/www.europesays.com\/fr\/wp-json\/wp\/v2\/types\/post"}],"author":[{"embeddable":true,"href":"https:\/\/www.europesays.com\/fr\/wp-json\/wp\/v2\/users\/2"}],"replies":[{"embeddable":true,"href":"https:\/\/www.europesays.com\/fr\/wp-json\/wp\/v2\/comments?post=72976"}],"version-history":[{"count":0,"href":"https:\/\/www.europesays.com\/fr\/wp-json\/wp\/v2\/posts\/72976\/revisions"}],"wp:featuredmedia":[{"embeddable":true,"href":"https:\/\/www.europesays.com\/fr\/wp-json\/wp\/v2\/media\/72977"}],"wp:attachment":[{"href":"https:\/\/www.europesays.com\/fr\/wp-json\/wp\/v2\/media?parent=72976"}],"wp:term":[{"taxonomy":"category","embeddable":true,"href":"https:\/\/www.europesays.com\/fr\/wp-json\/wp\/v2\/categories?post=72976"},{"taxonomy":"post_tag","embeddable":true,"href":"https:\/\/www.europesays.com\/fr\/wp-json\/wp\/v2\/tags?post=72976"}],"curies":[{"name":"wp","href":"https:\/\/api.w.org\/{rel}","templated":true}]}}