{"id":72982,"date":"2025-05-03T23:56:09","date_gmt":"2025-05-03T23:56:09","guid":{"rendered":"https:\/\/www.europesays.com\/fr\/72982\/"},"modified":"2025-05-03T23:56:09","modified_gmt":"2025-05-03T23:56:09","slug":"festival-elsy-jacobs-a-garnich-classement-directvelo","status":"publish","type":"post","link":"https:\/\/www.europesays.com\/fr\/72982\/","title":{"rendered":"Festival Elsy Jacobs \u00e0 Garnich : Classement &#8211; DirectVelo"},"content":{"rendered":"<ol>\n<li><a href=\"https:\/\/news.google.com\/rss\/articles\/CBMijgFBVV95cUxNSVlRQnAtUGxaZXptQWRmU2UwYlJvQ2pGd2Rsc3hZaVIxX3JnMW5JTFp3Und5Y05IaW5Uamh2SEIybVNpcUZrS2hTazBtdE5BQ1dxVmFZazNDOVdjVnFzenNndFV6QVZGOHdkb3pJWUgwQ0tDbmFtX1lOWGY1OFlKQnFCT2xWdWt4UThXcFNR?oc=5\" target=\"_blank\" rel=\"noopener\">Festival Elsy Jacobs \u00e0 Garnich : Classement<\/a>&nbsp;&nbsp;DirectVelo<\/li>\n<li><a href=\"https:\/\/news.google.com\/rss\/articles\/CBMijgFBVV95cUxNVUlyVEJsRkM3LVd6SkZ1UXFhbEhNaG1CbV82UnFoLXkzZEJTRlljSDJaWXNpXzF2akRoYWFFSG9BUmQ4d1Z2V0NON01XUlMya1JPSFcxYld3dE42YnRUVU9QWElyTE5Lc3R4ODAxYkI5R1NGVV9yNER4MnJiZm9FM2RyZm5GbVd1SDRqWG1R?oc=5\" target=\"_blank\" rel=\"noopener\">Festival Elsy Jacobs \u00e0 Garnich : Les photos<\/a>&nbsp;&nbsp;DirectVelo<\/li>\n<li><a href=\"https:\/\/news.google.com\/rss\/articles\/CBMixgFBVV95cUxOaE4tYk1OQzEwMVhnb2VWX1I3Snd0cDFlRzM2bmdlUHlRcTVwXzk1ZGo0OUNhSUdrbTFVUGhxYTZjQldLdjJZUTRONnQxWkdkaXI5VDhuOHhnMm1CYmJQckxUQzRsbnlRc3BTXzVCbFBERVozVGRXbm5WcG5nRHBjU1NpRmRhQ0k0QklyajMwaXZwQTExemp4YUNuQ2I5R0lnZ2RHZERaTzVqY0NTVUJFeTZNWnJMZFRLaGZaUjFvYmMwVUJpaXfSAcYBQVVfeXFMTTgyV2F3cE1nRDVPSGZ2eXJNWWhyNWcyRFRJRVQxcmpNQmJfSXJFMDREbGlBcnNjX05ZUjVCLVVGRWJWRkVFZDFEeDhqSHV2aXVwckUxem1CT1RjYVN5SXlUTXNzYW5sTjIxNjZycXhka2FwQm0wMUl1RGF4Q0kyWHRua2NaczZBOUZpdzRLVFhta0lrVFNOd0tHNmdvSnRSX3FZNVNCN2w2U0dTWUtzOTd6bUJQTzZ3QkVFWGNsOWtFV2d4MVZ3?oc=5\" target=\"_blank\" rel=\"noopener\">Festival Elsy Jacobs: Marta Lach gagne la 1\u00e8re manche \u00e0 Garnich&#8230; au millim\u00e8tre !<\/a>&nbsp;&nbsp;Cyclism&rsquo;Actu<\/li>\n<li><a href=\"https:\/\/news.google.com\/rss\/articles\/CBMilwFBVV95cUxPUkg4aFhhd3RWcDk1Z0lleDRwTnJQQ1ZTVjlRYWxnVklRRFR5ay1OSU1VMGdfNDdfTTBhcU1uT01WNzI1OUpyb08zMHg2U0ZmTEZRaUctTUctZl92LUFzUTNTa3pvY18zcjNPRmxrQk9vVmZZT2llaXBDOTdJUmtyWUNvUXluYUVsV2lMWndOU2JUNEozZDNj?oc=5\" target=\"_blank\" rel=\"noopener\">CERATIZIT Festival Elsy Jacobs \u00e0 Garnich : les partantes<\/a>&nbsp;&nbsp;Velo-Club<\/li>\n<li><a href=\"https:\/\/news.google.com\/rss\/articles\/CBMinAFBVV95cUxOWUVjSlhvb1FFUXhVM25XMXI1MU9mWHFaTEQxZ1JhZ2F1SktBbURfZ1dzYTZhMkVldVVMOWhSMUl4YWstYU1KTVNSQi02X203QWVxVGFGSTRMdGtlVnRFdFBmb2dSNFFPMk1hSzVHSU5POFhnWnpTYUlXOWxRU3oyWHV5cTM5LS1jS1Jqa1hkbXdNM3hYMjVBbmxzNkg?oc=5\" target=\"_blank\" rel=\"noopener\">Un Festival SD Worx sur les routes du Luxembourg?<\/a>&nbsp;&nbsp;L&rsquo;essentiel<\/li>\n<\/ol>\n","protected":false},"excerpt":{"rendered":"Festival Elsy Jacobs \u00e0 Garnich : Classement&nbsp;&nbsp;DirectVelo Festival Elsy Jacobs \u00e0 Garnich : Les photos&nbsp;&nbsp;DirectVelo Festival Elsy Jacobs:&hellip;\n","protected":false},"author":2,"featured_media":72983,"comment_status":"","ping_status":"","sticky":false,"template":"","format":"standard","meta":{"footnotes":""},"categories":[1411],"tags":[834,828,836,829,837,827,83,826,824,823,1154,207,814,817,815,816,822,821,832,211,839,1011,27,820,818,819,835,831,830,833,838,60,212,208,825],"class_list":{"0":"post-72982","1":"post","2":"type-post","3":"status-publish","4":"format-standard","5":"has-post-thumbnail","7":"category-cyclisme","8":"tag-attaque","9":"tag-belgique","10":"tag-braquet","11":"tag-bretagne","12":"tag-chute","13":"tag-competition","14":"tag-coupe-de-france","15":"tag-coureur","16":"tag-course-cyclisme","17":"tag-course-cycliste","18":"tag-cycling","19":"tag-cyclisme","20":"tag-direct","21":"tag-direct-velo","22":"tag-directvelo","23":"tag-directvelo-com","24":"tag-epreuve","25":"tag-epreuve-cycliste","26":"tag-federation-francaise-de-cyclisme","27":"tag-ffc","28":"tag-flandres","29":"tag-fr","30":"tag-france","31":"tag-live","32":"tag-live-course","33":"tag-live-epreuve","34":"tag-peloton","35":"tag-radio-peloton","36":"tag-radio-tour","37":"tag-ravitaillement","38":"tag-relance","39":"tag-sports","40":"tag-uci","41":"tag-velo","42":"tag-velos"},"share_on_mastodon":{"url":"https:\/\/pubeurope.com\/@fr\/114446610186289948","error":""},"_links":{"self":[{"href":"https:\/\/www.europesays.com\/fr\/wp-json\/wp\/v2\/posts\/72982","targetHints":{"allow":["GET"]}}],"collection":[{"href":"https:\/\/www.europesays.com\/fr\/wp-json\/wp\/v2\/posts"}],"about":[{"href":"https:\/\/www.europesays.com\/fr\/wp-json\/wp\/v2\/types\/post"}],"author":[{"embeddable":true,"href":"https:\/\/www.europesays.com\/fr\/wp-json\/wp\/v2\/users\/2"}],"replies":[{"embeddable":true,"href":"https:\/\/www.europesays.com\/fr\/wp-json\/wp\/v2\/comments?post=72982"}],"version-history":[{"count":0,"href":"https:\/\/www.europesays.com\/fr\/wp-json\/wp\/v2\/posts\/72982\/revisions"}],"wp:featuredmedia":[{"embeddable":true,"href":"https:\/\/www.europesays.com\/fr\/wp-json\/wp\/v2\/media\/72983"}],"wp:attachment":[{"href":"https:\/\/www.europesays.com\/fr\/wp-json\/wp\/v2\/media?parent=72982"}],"wp:term":[{"taxonomy":"category","embeddable":true,"href":"https:\/\/www.europesays.com\/fr\/wp-json\/wp\/v2\/categories?post=72982"},{"taxonomy":"post_tag","embeddable":true,"href":"https:\/\/www.europesays.com\/fr\/wp-json\/wp\/v2\/tags?post=72982"}],"curies":[{"name":"wp","href":"https:\/\/api.w.org\/{rel}","templated":true}]}}