{"id":729843,"date":"2026-02-12T17:24:12","date_gmt":"2026-02-12T17:24:12","guid":{"rendered":"https:\/\/www.europesays.com\/fr\/729843\/"},"modified":"2026-02-12T17:24:12","modified_gmt":"2026-02-12T17:24:12","slug":"deux-agents-du-musee-interpelles","status":"publish","type":"post","link":"https:\/\/www.europesays.com\/fr\/729843\/","title":{"rendered":"deux agents du mus\u00e9e interpell\u00e9s"},"content":{"rendered":"<p>                    Par<br \/>\n        <strong><br \/>\n            <a href=\"https:\/\/actu.fr\/auteur\/redaction-paris\" title=\"Consulter tous les articles de R\u00e9daction Paris\" rel=\"nofollow noopener\" target=\"_blank\">R\u00e9daction Paris<\/a><br \/>\n                    <\/strong><\/p>\n<p>        Publi\u00e9 le<\/p>\n<p>            12 f\u00e9vr. 2026 \u00e0 18h03        <\/p>\n<p>Une<strong> op\u00e9ration de police<\/strong> a \u00e9t\u00e9 men\u00e9e mardi 10\u00a0f\u00e9vrier 2026 pour<strong> d\u00e9manteler un r\u00e9seau<\/strong> de <a href=\"https:\/\/actu.fr\/ile-de-france\/paris_75056\/paris-ce-celebre-musee-touche-par-une-fraude-aux-billets-en-ligne-les-visiteurs-appeles-a-la-vigilance_62168032.html\" rel=\"nofollow noopener\" target=\"_blank\">fraude \u00e0 la billetterie<\/a> du <a href=\"https:\/\/actu.fr\/tag\/musee-du-louvre\" rel=\"nofollow noopener\" target=\"_blank\">Louvre<\/a> qui pourrait \u00eatre \u00ab\u2009d\u2019ampleur\u2009\u00bb et deux agents du mus\u00e9e ont \u00e9t\u00e9 interpell\u00e9s, a-t-on appris jeudi 12\u00a0f\u00e9vrier 2026 de sources concordantes.<\/p>\n<p>Recrudescence et multiplication des fraudes<\/p>\n<p class=\" wall-content\">\u00ab\u2009Au regard des \u00e9l\u00e9ments dont le mus\u00e9e a connaissance, l\u2019existence d\u2019un r\u00e9seau organisant une fraude d\u2019ampleur est soup\u00e7onn\u00e9e\u2009\u00bb, a indiqu\u00e9 une porte-parole du Louvre, selon qui cette op\u00e9ration a \u00e9t\u00e9 r\u00e9alis\u00e9e \u00e0 la suite d\u2019un \u00ab\u2009signalement du mus\u00e9e\u2009\u00bb.<\/p>\n<p class=\" wall-content\">Selon la porte-parole, le mus\u00e9e le plus visit\u00e9 au monde fait face \u00ab\u2009\u00e0 une <strong>recrudescence<\/strong> et une <strong>diversification des fraudes<\/strong> \u00e0 la billetterie\u2009\u00bb et a, en r\u00e9action, mis en place un plan de lutte \u00ab\u2009structur\u00e9\u2009\u00bb, en collaboration avec ses \u00e9quipes et les forces de police.<br \/>Selon une source proche du dossier, les fraudes au c\u0153ur de l\u2019enqu\u00eate auraient d\u00e9but\u00e9 \u00e0 l\u2019\u00e9t\u00e9 2024.<\/p>\n<p class=\" wall-content\">D\u2019apr\u00e8s le journal <a href=\"https:\/\/www.leparisien.fr\/faits-divers\/faux-billets-surbooking-au-louvre-un-vaste-reseau-descroquerie-impliquant-des-agents-du-musee-demantele-12-02-2026-ANFJQY6CBFAD3CFELX6PCYEPGM.php\" rel=\"nofollow noopener\" target=\"_blank\">Le Parisien<\/a>, qui a r\u00e9v\u00e9l\u00e9 l\u2019information, une<strong> dizaine de personnes ont \u00e9t\u00e9 interpell\u00e9es<\/strong> lors de cette op\u00e9ration, dont des guides touristiques.<\/p>\n<p class=\" wall-content\">Cette affaire vient s\u2019ajouter \u00e0 une longue liste d\u2019\u00e9preuves ayant r\u00e9cemment frapp\u00e9 le Louvre, victime d\u2019un<a href=\"https:\/\/actu.fr\/ile-de-france\/paris_75056\/video-cambriolage-au-musee-du-louvre-des-images-exclusives-du-casse-du-siecle-devoilees_63715616.html\" rel=\"nofollow noopener\" target=\"_blank\"> spectaculaire cambriolage<\/a> le 19\u00a0octobre au cours duquel huit <a href=\"https:\/\/actu.fr\/ile-de-france\/paris_75056\/cambriolage-au-louvre-retrouvee-sensiblement-deformee-la-couronne-d-eugenie-va-pouvoir-etre-sauvee_63795865.html\" rel=\"nofollow noopener\" target=\"_blank\">bijoux de la Couronne<\/a> ont \u00e9t\u00e9 d\u00e9rob\u00e9s.<\/p>\n<p class=\" wall-content\">Le mus\u00e9e a \u00e9galement d\u00fb <a href=\"https:\/\/actu.fr\/ile-de-france\/paris_75056\/des-faiblesses-structurelles-une-partie-du-louvre-doit-fermer-en-urgence-pour-des-raisons-de-securite_63449143.html\" rel=\"nofollow noopener\" target=\"_blank\">fermer une de ses galeries<\/a> en novembre en raison d\u2019avaries et fait face depuis mi-d\u00e9cembre \u00e0 un <a href=\"https:\/\/actu.fr\/ile-de-france\/paris_75056\/greve-du-louvre-nouvelle-assemblee-generale-ce-mercredi-la-reouverture-du-musee-en-suspens_63587134.html\" rel=\"nofollow noopener\" target=\"_blank\">mouvement social<\/a> de ses personnels qui d\u00e9noncent leurs conditions de travail.<\/p>\n<p class=\" wall-content\"><strong>Avec AFP<\/strong><\/p>\n<p class=\" wall-content\">Personnalisez votre actualit\u00e9 en ajoutant vos villes et m\u00e9dias en favori avec <a href=\"https:\/\/moncompte.actu.fr\" title=\"D\u00e9couvez Mon Actu\" rel=\"nofollow noopener\" data-trk=\"{&quot;cta&quot;:{&quot;action&quot;:&quot;https:\\\/\\\/moncompte.actu.fr&quot;,&quot;category&quot;:&quot;mon compte&quot;,&quot;from&quot;:&quot;article footer&quot;,&quot;name&quot;:&quot;Mon actu&quot;,&quot;type&quot;:&quot;cta&quot;}}\" target=\"_blank\">Mon Actu<\/a>.<\/p>\n","protected":false},"excerpt":{"rendered":"Par R\u00e9daction Paris Publi\u00e9 le 12 f\u00e9vr. 2026 \u00e0 18h03 Une op\u00e9ration de police a \u00e9t\u00e9 men\u00e9e mardi&hellip;\n","protected":false},"author":2,"featured_media":729844,"comment_status":"","ping_status":"","sticky":false,"template":"","format":"standard","meta":{"footnotes":"","_share_on_mastodon":"0"},"categories":[1888],"tags":[1111,1928,11,1927,1777,674,118,1011,27,1006,3094,12,1926,626,1925,1072,25],"class_list":["post-729843","post","type-post","status-publish","format-standard","has-post-thumbnail","category-paris","tag-actu","tag-actu-paris","tag-actualites","tag-actualites-paris","tag-eu","tag-europe","tag-faits-divers","tag-fr","tag-france","tag-fraude","tag-musee-du-louvre","tag-news","tag-news-paris","tag-paris","tag-paris-news","tag-police","tag-republique-francaise"],"share_on_mastodon":{"url":"https:\/\/pubeurope.com\/@fr\/116058827294935230","error":""},"_links":{"self":[{"href":"https:\/\/www.europesays.com\/fr\/wp-json\/wp\/v2\/posts\/729843","targetHints":{"allow":["GET"]}}],"collection":[{"href":"https:\/\/www.europesays.com\/fr\/wp-json\/wp\/v2\/posts"}],"about":[{"href":"https:\/\/www.europesays.com\/fr\/wp-json\/wp\/v2\/types\/post"}],"author":[{"embeddable":true,"href":"https:\/\/www.europesays.com\/fr\/wp-json\/wp\/v2\/users\/2"}],"replies":[{"embeddable":true,"href":"https:\/\/www.europesays.com\/fr\/wp-json\/wp\/v2\/comments?post=729843"}],"version-history":[{"count":0,"href":"https:\/\/www.europesays.com\/fr\/wp-json\/wp\/v2\/posts\/729843\/revisions"}],"wp:featuredmedia":[{"embeddable":true,"href":"https:\/\/www.europesays.com\/fr\/wp-json\/wp\/v2\/media\/729844"}],"wp:attachment":[{"href":"https:\/\/www.europesays.com\/fr\/wp-json\/wp\/v2\/media?parent=729843"}],"wp:term":[{"taxonomy":"category","embeddable":true,"href":"https:\/\/www.europesays.com\/fr\/wp-json\/wp\/v2\/categories?post=729843"},{"taxonomy":"post_tag","embeddable":true,"href":"https:\/\/www.europesays.com\/fr\/wp-json\/wp\/v2\/tags?post=729843"}],"curies":[{"name":"wp","href":"https:\/\/api.w.org\/{rel}","templated":true}]}}