{"id":729847,"date":"2026-02-12T17:26:10","date_gmt":"2026-02-12T17:26:10","guid":{"rendered":"https:\/\/www.europesays.com\/fr\/729847\/"},"modified":"2026-02-12T17:26:10","modified_gmt":"2026-02-12T17:26:10","slug":"que-faire-en-famille-a-paris-centre-pendant","status":"publish","type":"post","link":"https:\/\/www.europesays.com\/fr\/729847\/","title":{"rendered":"Que faire en famille \u00e0 Paris Centre pendant"},"content":{"rendered":"<p>\n  Retrouvez une s\u00e9lection d&rsquo;activit\u00e9s pour profiter des vacances d\u2019hiver en famille \u00e0 Paris Centre.\n<\/p>\n<p>\n  Profitez des trois cours d\u2019\u00e9coles ouvertes de Paris Centre, accessibles \u00e0 tous les habitants chaque samedi de 10h \u00e0 17h, y compris pendant les vacances d\u2019hiver. L\u2019entr\u00e9e est gratuite et libre. Les enfants de moins de 12 ans doivent \u00eatre accompagn\u00e9s.\n<\/p>\n<ul class=\"list\">\n<li data-controller=\"list\">\n<p><strong>\u00c9cole \u00c9tienne Marcel<\/strong>, 20 rue \u00c9tienne Marcel, 2e<\/p>\n<\/li>\n<li data-controller=\"list\">\n<p><strong>\u00c9cole Daniel Cordier<\/strong>, avec une cour v\u00e9g\u00e9talis\u00e9e,10 bis rue des Quatre-Fils, 3e<\/p>\n<\/li>\n<li data-controller=\"list\">\n<p><strong>\u00c9cole Neuve Saint-Pierre<\/strong>, avec une cour d\u2019une superficie de 835 m\u00b2 et un grand pr\u00e9au couvert, 15 rue Neuve Saint-Pierre, 4e<\/p>\n<\/li>\n<\/ul>\n<p>\n  Participez aux ateliers gratuits propos\u00e9s tous les samedis matin dans deux cr\u00e8ches de Paris Centre, ouvertes aux familles avec des enfants jusqu\u2019\u00e0 6 ans. Au programme\u00a0: musique, arts plastiques, marionnettes, jeux et contes, pour partager un moment d\u2019\u00e9veil et de d\u00e9couverte.\n<\/p>\n<p>\n  Deux cr\u00e9neaux au choix de 9h30 \u00e0 10h30 ou de 10h45 \u00e0 11h45\u00a0:\n<\/p>\n<p>\n  <strong>Les centres de loisirs de la Ville de Paris <\/strong>\n<\/p>\n<p>\n  Pendant les vacances, les centres de loisirs de la Ville de Paris continuent d\u2019accueillir les enfants et les adolescents de Paris Centre avec une offre adapt\u00e9e \u00e0 tous les \u00e2ges.\n<\/p>\n<p>\n  Au total, 16 centres sont ouverts durant la p\u00e9riode et parmi eux\u00a0:\n<\/p>\n<ul class=\"list\">\n<li data-controller=\"list\">\n<p>Un centre avec le dispositif \u00ab\u00a0Tous au coll\u00e8ge\u00a0\u00bb, \u00e0 destination des adolescents (du 2 au 6 mars, au 3 rue de la Jussienne, 2e).<\/p>\n<\/li>\n<\/ul>\n<ul class=\"list\">\n<li data-controller=\"list\">\n<p>Un centre avec une sensibilisation \u00e0 l\u2019anglais (du 23 au 27 f\u00e9vrier, au 12 place des Vosges, 4e).<\/p>\n<\/li>\n<\/ul>\n<p>\n  <strong>Deux p\u00e9riodes d&rsquo;ouvertures\u00a0: <\/strong>\n<\/p>\n<p>\n  \u2022 Premi\u00e8re semaine\u00a0: du 23 au 27 f\u00e9vrier\n<\/p>\n<p>\n  \u2022 Deuxi\u00e8me semaine\u00a0: du 02 au 06 mars\n<\/p>\n<p>\n  Retrouvez tous les d\u00e9tails ici\u00a0:\n<\/p>\n<p>\n  228 stages sportifs et culturels sont propos\u00e9s aux enfants de 7 \u00e0 17 ans pendant les 2 semaines des vacances scolaires. Basket, escrime, danse, badminton \u2026 il y en a pour tous les go\u00fbts\u00a0! La plateforme Paris Sport Vacances vous permet de consulter le programme des stages et d&rsquo;y inscrire vos enfants (tarifs en fonction du quotient familial).\n<\/p>\n<p>\n  Semaine 1\u00a0: du 23 au 27 f\u00e9vrier\n<\/p>\n<p>\n  Semaine 2\u00a0: du 02 au 06 mars\n<\/p>\n<p>\n  <strong>Les biblioth\u00e8ques de la Ville de Paris <\/strong>\n<\/p>\n<p>\n  Les biblioth\u00e8ques de Paris Centre restent ouvertes durant les vacances d\u2019hiver et proposent une vari\u00e9t\u00e9 d\u2019\u00e9v\u00e8nements. V\u00e9rifiez les horaires qui sont susceptibles d\u2019\u00eatre modifi\u00e9s.\n<\/p>\n<p>\n  <strong>Le Terrain d\u2019Aventures du parc Nelson Mandela <\/strong>\n<\/p>\n<p>\n  Profitez du terrain d\u2019aventures du parc Nelson Mandela, un espace de jeu de 2\u00a0500 m\u00b2 pour les enfants de 7 \u00e0 11 ans, en grande partie accessible aux jeunes en situation de handicap. Jeux libres et activit\u00e9s encadr\u00e9es sont propos\u00e9s tous les jours \u00e0 partir de 10h.\n<\/p>\n<p>\n  <strong>Venez jouer dans les Ludoth\u00e8ques <\/strong>\n<\/p>\n<p>\n  La Ludomouv\u2019 situ\u00e9e Place Maurice Quentin vous accueille pendant les vacances d\u2019hiver du mercredi au samedi de 15h \u00e0 17h30.\n<\/p>\n<p>\n  Cet espace de jeu gratuit, en plein air et en acc\u00e8s libre ravira petits et grands. Anim\u00e9e par le centre socio-culturel Cerise, vous pourrez y retrouver un babyfoot, des jeux en bois et divers jeux de soci\u00e9t\u00e9.\n<\/p>\n<p>\n  L\u2019R de Jeux situ\u00e9e sur la place de la R\u00e9publique vous accueille pendant les vacances d\u2019hiver du mercredi au dimanche de 14h \u00e0 18h. La plus grande Ludoth\u00e8que en plein air vous propose des activit\u00e9s gratuites aux familles et \u00e0 tous les publics.\n<\/p>\n<p>\n  <strong>Visite cont\u00e9e en famille au MAIF Social Club <\/strong>\n<\/p>\n<p>\n  Plongez dans l\u2019exposition Voir la mer avec Florence et Violaine, qui racontent r\u00e9cits, contes et \u00e9nigmes pour petits et grands \u00e0 partir de 6 ans. Les visites existent aussi pour les tout-petits (2\u20135 ans) et les adultes.\n<\/p>\n<p>\n  Informations pratiques\u00a0:\n<\/p>\n<ul class=\"list\">\n<li data-controller=\"list\">\n<p>Horaire\u00a0: Lundi et samedi\u00a0: 10:00-19:00, Mardi-Mercredi-Jeudi-Vendredi\u00a0: 10:00-20:30, Dimanche\u00a0: Ferm\u00e9.<\/p>\n<\/li>\n<\/ul>\n<p>\n  <strong>Des activit\u00e9s en acc\u00e8s libre \u00e0 la Bourse de Commerce <\/strong>\n<\/p>\n<p>\n  La Bourse de Commerce propose des activit\u00e9s gratuites, en acc\u00e8s libre et sans r\u00e9servation. Rendez-vous au Mini Salon, l&rsquo;espace d\u00e9di\u00e9 aux familles, proposant des activit\u00e9s quotidiennes et des outils pour faciliter l&rsquo;exploration du mus\u00e9e.\n<\/p>\n<p>\n  L\u2019entr\u00e9e et la visite des expositions sont\u202fgratuites pour les moins de 18 ans.\n<\/p>\n<p>\n  <strong>Informations pratiques\u00a0: <\/strong>\n<\/p>\n<p>\n  <strong>Activit\u00e9s au mus\u00e9e des Arts et M\u00e9tiers <\/strong>\n<\/p>\n<p>\n  Pendant les vacances d\u2019hiver le mus\u00e9e vous propose une s\u00e9lection d\u2019activit\u00e9s ludiques et didactiques pour tous les \u00e2ges\u00a0:\n<\/p>\n<ul class=\"list\">\n<li data-controller=\"list\">\n<p><strong>Ateliers en famille (4-12 ans)\u00a0:\u202f<\/strong>Activit\u00e9s ludiques pour explorer des th\u00e8mes autour de l\u2019exposition en cours Flops\u00a0?!. Ces ateliers sont l&rsquo;occasion pour les enfants et leurs parents de s&rsquo;immerger dans des d\u00e9couvertes scientifiques et cr\u00e9atives (tarif\u00a0: 6\u20ac par enfant et 15\u20ac par adulte, r\u00e9servation obligatoire).<\/p>\n<\/li>\n<\/ul>\n<p>\n  Informations pratiques\u00a0:\n<\/p>\n<p>\n  <strong>Activit\u00e9s en famille au Mus\u00e9e Picasso <\/strong>\n<\/p>\n<p>\n  Visites en famille\u00a0:\u202fExplorez les collections avec des visites adapt\u00e9es, comme \u00ab\u00a0Picasso, salut l\u2019artiste\u00a0!\u00a0\u00bb et \u00ab\u00a0Mes premiers Picasso\u00a0\u00bb.\n<\/p>\n<p>\n  Ateliers familiaux\u00a0:\u202fParticipez \u00e0 des ateliers cr\u00e9atifs comme \u00ab\u00a0Dessiner autrement\u00a0\u00bb, \u00ab\u00a0Bougez\u00a0!\u00a0\u00bb et \u00ab\u00a0Du bleu, du rose\u00a0!\u00a0\u00bb.\n<\/p>\n<p>\n  Cartels jeunes publics\u00a0:\u202fDes informations ludiques et interactives accompagnent les \u0153uvres, permettant aux enfants de mieux comprendre et s&rsquo;amuser.\n<\/p>\n<p>\n  Informations pratiques\u00a0:\n<\/p>\n<p>\n  <strong>Ateliers et stages pour enfants et adolescents au Mus\u00e9e des Arts D\u00e9coratifs <\/strong>\n<\/p>\n<p>\n  Plusieurs activit\u00e9s sont propos\u00e9es pendant les vacances par le mus\u00e9e, pour les enfants de 4 \u00e0 14 ans. Les enfants visitent le mus\u00e9e pendant une heure puis r\u00e9alise une cr\u00e9ation plastique pendant une heure. Le Mus\u00e9e propose \u00e9galement des stages du lundi au vendredi de 2h30 par jour.\n<\/p>\n<p>\n  Informations pratiques\u00a0:\n<\/p>\n<ul class=\"list\">\n<li data-controller=\"list\">\n<p>Contact\u00a0:\u202f01\u00a044\u00a055\u00a057\u00a066 \/\u202f<a href=\"https:\/\/mairiepariscentre.paris.fr\/pages\/mailto:erfreingvba@znqcnevf.se\" target=\"_blank\" class=\"hidden-mail\" rel=\"nofollow noopener\">[reservation puis madparis.fr apr\u00e8s le signe @]<a href=\"https:\/\/mairiepariscentre.paris.fr\/pages\/mailto:erfreingvba@znqcnevf.se\" class=\"hidden-mail\" rel=\"nofollow noopener\" target=\"_blank\">erfreingvba@znqcnevf.se<\/a>[reservation puis madparis.fr apr\u00e8s le signe @]<\/p>\n<\/li>\n<\/ul>\n<p>\n  <strong>Le Louvre propose un programme sp\u00e9cial pour les vacances d\u2019hiver 2026 <\/strong>\n<\/p>\n<p>\n  Situ\u00e9 dans l\u2019aile Richelieu du mus\u00e9e, cet espace de 1200m\u00b2 accueille des ateliers de cr\u00e9ation et de pratiques artistiques.\n<\/p>\n<p>\n  Pendant les vacances, des ateliers et visites sont propos\u00e9s aux enfants\u00a0: peinture, dessin et de nombreuses autres activit\u00e9s manuelles en autonomie ou en duo parent-enfant.\n<\/p>\n<p>  Des vid\u00e9os, des tutos, des podcasts et des jeux de piste pour explorer les collections gratuitement depuis chez soi. Rendez-vous sur <a href=\"https:\/\/petitlouvre.louvre.fr\/%20\/o%20Ouverture%20dans%20un%20nouvel%20onglet%20\/t%20_blank\" target=\"_blank\" rel=\"nofollow noopener\">Petit Louvre &#8211; Accueil<\/a><\/p>\n<ul class=\"list\">\n<li data-controller=\"list\">\n<p>Contact\u00a0:\u202f<a href=\"https:\/\/mairiepariscentre.paris.fr\/pages\/mailto:vasb@ybhier.se\" target=\"_blank\" class=\"hidden-mail\" rel=\"nofollow noopener\">[info puis louvre.fr apr\u00e8s le signe @]<a href=\"https:\/\/mairiepariscentre.paris.fr\/pages\/mailto:vasb@ybhier.se\" class=\"hidden-mail\" rel=\"nofollow noopener\" target=\"_blank\">vasb@ybhier.se<\/a>[info puis louvre.fr apr\u00e8s le signe @]\u202f- 01\u00a040\u00a020\u00a059\u00a090<\/p>\n<\/li>\n<\/ul>\n<p>\n  <strong>Ateliers au Mus\u00e9e d\u2019Art et d\u2019Histoire du Juda\u00efsme <\/strong>\n<\/p>\n<p>\n  Pendant les vacances, le Mus\u00e9e d\u2019Art et d\u2019Histoire du Juda\u00efsme se met \u00e0 hauteur d\u2019enfants. Jeux de piste, visite ludique, travail cr\u00e9atif ou encore activit\u00e9s men\u00e9es par des conf\u00e9renci\u00e8res, c\u2019est une multitude d\u2019activit\u00e9s qui sont propos\u00e9es aux enfants et aux familles\u00a0!\n<\/p>\n<p>\n  Vous pouvez aussi visiter le mus\u00e9e de fa\u00e7on ludique, en empruntant gratuitement la mallette des familles.\n<\/p>\n<p>\n  Adresse\u00a0:\u202fH\u00f4tel de Saint-Aignan\u00a0\u2013 71 rue du Temple Paris 3\u00e8me <br \/>Contact\u00a0:\u202f01\u00a053\u00a001\u00a086\u00a060\n<\/p>\n<p>\n  <strong>Un documentaire \u00e0 d\u00e9couvrir\u00a0: \u00ab\u00a0Qu\u2019est-ce qu\u2019on va faire de toi\u00a0?\u00a0\u00bb <\/strong>\n<\/p>\n<p>\n  Ce documentaire de Karelle Fitoussi et Salma Cheddadi suit Moussa, \u00e9l\u00e8ve de maternelle, contraint de quitter son \u00e9cole lorsque sa famille est d\u00e9plac\u00e9e vers un autre h\u00f4tel social. \u00c0 travers le regard de ses camarades, le film montre le choc de ce d\u00e9part et questionne, d\u00e8s le plus jeune \u00e2ge, les in\u00e9galit\u00e9s et le r\u00f4le de l\u2019\u00e9cole.\n<\/p>\n<p>\n  Diffus\u00e9 le mercredi 18 f\u00e9vrier \u00e0 22h30 sur ARTE et disponible gratuitement \u00e0 partir du 11 f\u00e9vrier sur Arte.tv.<\/p>\n","protected":false},"excerpt":{"rendered":"Retrouvez une s\u00e9lection d&rsquo;activit\u00e9s pour profiter des vacances d\u2019hiver en famille \u00e0 Paris Centre. Profitez des trois cours&hellip;\n","protected":false},"author":2,"featured_media":729848,"comment_status":"","ping_status":"","sticky":false,"template":"","format":"standard","meta":{"footnotes":"","_share_on_mastodon":"0"},"categories":[1888],"tags":[11,1777,674,1011,27,12,626,25],"class_list":["post-729847","post","type-post","status-publish","format-standard","has-post-thumbnail","category-paris","tag-actualites","tag-eu","tag-europe","tag-fr","tag-france","tag-news","tag-paris","tag-republique-francaise"],"share_on_mastodon":{"url":"https:\/\/pubeurope.com\/@fr\/116058835177596263","error":""},"_links":{"self":[{"href":"https:\/\/www.europesays.com\/fr\/wp-json\/wp\/v2\/posts\/729847","targetHints":{"allow":["GET"]}}],"collection":[{"href":"https:\/\/www.europesays.com\/fr\/wp-json\/wp\/v2\/posts"}],"about":[{"href":"https:\/\/www.europesays.com\/fr\/wp-json\/wp\/v2\/types\/post"}],"author":[{"embeddable":true,"href":"https:\/\/www.europesays.com\/fr\/wp-json\/wp\/v2\/users\/2"}],"replies":[{"embeddable":true,"href":"https:\/\/www.europesays.com\/fr\/wp-json\/wp\/v2\/comments?post=729847"}],"version-history":[{"count":0,"href":"https:\/\/www.europesays.com\/fr\/wp-json\/wp\/v2\/posts\/729847\/revisions"}],"wp:featuredmedia":[{"embeddable":true,"href":"https:\/\/www.europesays.com\/fr\/wp-json\/wp\/v2\/media\/729848"}],"wp:attachment":[{"href":"https:\/\/www.europesays.com\/fr\/wp-json\/wp\/v2\/media?parent=729847"}],"wp:term":[{"taxonomy":"category","embeddable":true,"href":"https:\/\/www.europesays.com\/fr\/wp-json\/wp\/v2\/categories?post=729847"},{"taxonomy":"post_tag","embeddable":true,"href":"https:\/\/www.europesays.com\/fr\/wp-json\/wp\/v2\/tags?post=729847"}],"curies":[{"name":"wp","href":"https:\/\/api.w.org\/{rel}","templated":true}]}}