{"id":729849,"date":"2026-02-12T17:27:10","date_gmt":"2026-02-12T17:27:10","guid":{"rendered":"https:\/\/www.europesays.com\/fr\/729849\/"},"modified":"2026-02-12T17:27:10","modified_gmt":"2026-02-12T17:27:10","slug":"piano-pulse-3-jouvence-de-prague-centre-culturel-tcheque-de-paris-paris-75006-sortir-a-paris","status":"publish","type":"post","link":"https:\/\/www.europesays.com\/fr\/729849\/","title":{"rendered":"Piano Pulse #3\u00a0: Jouvence de Prague &#8211; Centre culturel tcheque de Paris &#8211; Paris, 75006 &#8211; Sortir \u00e0 Paris"},"content":{"rendered":"<p>Le cycle de concerts Piano Pulse, coorganis\u00e9 par le Centre tch\u00e8que et l\u2019Association Piano Paris Prague A3P, se poursuit avec une soir\u00e9e intitul\u00e9e Jouvence de Prague.<\/p>\n<p>Dans la Salle Jan\u00e1\u010dek se produiront Eli\u0161ka Tkadl\u010d\u00edkov\u00e1 (piano) Alexandra Pisko\u0159ov\u00e1 (fl\u00fbte traversi\u00e8re) a Nat\u00e1lie Hrdov\u00e1 (clarinette), laur\u00e9ates du prestigieux concours organis\u00e9 par la Radio tch\u00e8que, Concertino Praga.<\/p>\n<p>Le cycle Piano Pulse pr\u00e9sentera au cours de la saison 2025\u20142026 des artistes \u00e9voluant entre la France et la R\u00e9publique tch\u00e8que, autant des musiciens confirm\u00e9es qu&rsquo;\u00e9mergents, sous la direction artistique du compositeur et pianiste Kry\u0161tof Ma\u0159atka, qui pr\u00e9sentera chaque concert.<\/p>\n<p>Au programme des \u0153uvres des compositeurs europ\u00e9ens de musique classique W. A. Mozart, Ond\u0159ej Kukal, P. Glass, Isaac Alb\u00e9niz, Guillaume Connesson, Charles-Maria Widor, B\u00e9la Kov\u00e1cs, Valentin Bucchi ou Claude Debussy.<\/p>\n<p>Plein tarif: 15\u20ac \/ r\u00e9duit 10\u20ac<br \/>Payant, r\u00e9servation sur Eventbrite<\/p>\n<p>Le cycle Piano Pulse est organis\u00e9 en collaboration avec l&rsquo;Association Piano Paris Prague A3P et avec le soutien financier de la soci\u00e9t\u00e9 Veolia Holding \u010cesk\u00e1 republika, a.s.<\/p>\n","protected":false},"excerpt":{"rendered":"Le cycle de concerts Piano Pulse, coorganis\u00e9 par le Centre tch\u00e8que et l\u2019Association Piano Paris Prague A3P, se&hellip;\n","protected":false},"author":2,"featured_media":729850,"comment_status":"","ping_status":"","sticky":false,"template":"","format":"standard","meta":{"footnotes":"","_share_on_mastodon":"0"},"categories":[1888],"tags":[11,1777,674,1011,27,12,626,25],"class_list":["post-729849","post","type-post","status-publish","format-standard","has-post-thumbnail","category-paris","tag-actualites","tag-eu","tag-europe","tag-fr","tag-france","tag-news","tag-paris","tag-republique-francaise"],"share_on_mastodon":{"url":"https:\/\/pubeurope.com\/@fr\/116058839150412549","error":""},"_links":{"self":[{"href":"https:\/\/www.europesays.com\/fr\/wp-json\/wp\/v2\/posts\/729849","targetHints":{"allow":["GET"]}}],"collection":[{"href":"https:\/\/www.europesays.com\/fr\/wp-json\/wp\/v2\/posts"}],"about":[{"href":"https:\/\/www.europesays.com\/fr\/wp-json\/wp\/v2\/types\/post"}],"author":[{"embeddable":true,"href":"https:\/\/www.europesays.com\/fr\/wp-json\/wp\/v2\/users\/2"}],"replies":[{"embeddable":true,"href":"https:\/\/www.europesays.com\/fr\/wp-json\/wp\/v2\/comments?post=729849"}],"version-history":[{"count":0,"href":"https:\/\/www.europesays.com\/fr\/wp-json\/wp\/v2\/posts\/729849\/revisions"}],"wp:featuredmedia":[{"embeddable":true,"href":"https:\/\/www.europesays.com\/fr\/wp-json\/wp\/v2\/media\/729850"}],"wp:attachment":[{"href":"https:\/\/www.europesays.com\/fr\/wp-json\/wp\/v2\/media?parent=729849"}],"wp:term":[{"taxonomy":"category","embeddable":true,"href":"https:\/\/www.europesays.com\/fr\/wp-json\/wp\/v2\/categories?post=729849"},{"taxonomy":"post_tag","embeddable":true,"href":"https:\/\/www.europesays.com\/fr\/wp-json\/wp\/v2\/tags?post=729849"}],"curies":[{"name":"wp","href":"https:\/\/api.w.org\/{rel}","templated":true}]}}