{"id":72986,"date":"2025-05-03T23:58:08","date_gmt":"2025-05-03T23:58:08","guid":{"rendered":"https:\/\/www.europesays.com\/fr\/72986\/"},"modified":"2025-05-03T23:58:08","modified_gmt":"2025-05-03T23:58:08","slug":"jacques-legros-evoque-son-avenir-apres-tf1-dans-on-refait-la-tele","status":"publish","type":"post","link":"https:\/\/www.europesays.com\/fr\/72986\/","title":{"rendered":"Jacques Legros \u00e9voque son avenir apr\u00e8s TF1 dans \u00abOn refait la t\u00e9l\u00e9\u00bb"},"content":{"rendered":"<p>Le journaliste pr\u00e9sentera son dernier JT de 13 heures sur la premi\u00e8re cha\u00eene vendredi prochain. Pourtant, il confie \u00e0 \u00c9ric Dussart que sa carri\u00e8re ne s\u2019arr\u00eatera pas pour autant puisque depuis plusieurs ann\u00e9es d\u00e9j\u00e0, il b\u00e9n\u00e9ficie du cumul emploi retraite.<\/p>\n<p class=\"fig-paragraph\">Il s\u2019appr\u00eate \u00e0 raccrocher apr\u00e8s 27 ann\u00e9es comme joker du journal t\u00e9l\u00e9vis\u00e9 de 13 heures sur TF1.\u00a0<a href=\"http:\/\/tvmag.lefigaro.fr\/programme-tv\/actu-tele\/j-aime-le-contact-jacques-legros-et-aurelie-casse-rejouent-la-scene-de-la-poterie-de-ghost-20250412\" data-fig-type=\"Article\" data-gtm-custom-categorie=\"navigation\" data-gtm-custom-action=\"crossclick\" data-gtm-custom-label=\"Contextuel\" data-gtm-event=\"customEventSPE\" data-fig-domain=\"TVMAG\" target=\"_blank\" rel=\"noopener\">Jacques Legros<\/a>\u00a0pr\u00e9sentera sa derni\u00e8re \u00e9dition vendredi prochain.\u00a0<a href=\"http:\/\/tvmag.lefigaro.fr\/programme-tv\/actu-tele\/craquante-sympa-douee-jacques-legros-adoube-deja-isabelle-ithurburu-futur-joker-de-tf1-20250330\" target=\"_blank\" data-fig-type=\"Article\" rel=\"noopener\" data-gtm-custom-categorie=\"navigation\" data-gtm-custom-action=\"crossclick\" data-gtm-custom-label=\"Contextuel\" data-gtm-event=\"customEventSPE\" data-fig-domain=\"TVMAG\">Isabelle Ithurburu<\/a>, d\u00e9j\u00e0 pr\u00e9sentatrice de \u00ab50 minutes inside\u00bb sur la premi\u00e8re cha\u00eene, prend sa succession.<\/p>\n<p class=\"fig-paragraph\">Il n\u2019a jamais voulu \u00eatre titulaire, \u00able deal avec Jean-Pierre Pernaut \u00e9tait clair. C\u2019\u00e9tait un choix assum\u00e9 et heureux\u00bb, assure le journaliste ce samedi 3 mai sur RTL dans \u00abOn refait la t\u00e9l\u00e9\u00bb avant d\u2019\u00e9voquer son avenir.<\/p>\n<p class=\"fig-paragraph\">\u00abMa retraite, je la per\u00e7ois d\u00e9j\u00e0\u00bb, d\u00e9clare Jacques Legros face \u00e0\u00a0<a href=\"https:\/\/tvmag.lefigaro.fr\/programme-tv\/j-ai-vecu-l-enfer-pendant-un-an-eric-dussart-raconte-sa-pire-experience-a-la-radio_b4d5ea7c-cd43-11ec-90f7-a65ea600a5a3\" target=\"_blank\" data-fig-type=\"Article\" rel=\"noopener\" data-gtm-custom-categorie=\"navigation\" data-gtm-custom-action=\"crossclick\" data-gtm-custom-label=\"Contextuel\" data-gtm-event=\"customEventSPE\" data-fig-domain=\"TVMAG\">\u00c9ric Dussart<\/a>, \u00e9tonn\u00e9. \u00abJe l\u2019ai prise il y a 12 ans, \u00e0 62 ans. J\u2019ai pris un cumul emploi retraite\u00bb, explique le journaliste avant de pr\u00e9ciser\u00a0: \u00abJ\u2019arr\u00eate le journal, je ne pars pas \u00e0 la retraite.\u00bb Pas d\u2019arr\u00eat d\u2019activit\u00e9 donc pour le septuag\u00e9naire. Jacques Legros ne continuera \u00abpas forc\u00e9ment\u00bb le journalisme, mais aimerait tout de m\u00eame rester dans les m\u00e9dias: \u00abA la radio, j\u2019aimerais beaucoup, je lance un appel, qui n\u2019a jamais \u00e9t\u00e9 entendu, soit dit en passant.\u00bb<\/p>\n<p>Son dernier JT sur TF1<\/p>\n<p class=\"fig-paragraph\">Pour sa derni\u00e8re, Jacques Legros l\u2019assure, il ne veut \u00abpas faire dans le pathos\u00bb. Son discours d\u2019adieu \u00abn\u2019est pas \u00e9crit, mais il est dans ma t\u00eate\u00bb, confie le journaliste. \u00abJe me connais. J\u2019aime bien \u00e9crire. Du coup, on serait parti un peu ailleurs. Mais apr\u00e8s dire\u00a0: \u201cOlalala, vous allez me regretter machin\u201d. Non ce n\u2019est pas moi \u00e7a, personne ne va me regretter. C\u2019est moi qui vais regretter les t\u00e9l\u00e9spectateurs. Et justement \u00e7a m\u2019a donn\u00e9 une id\u00e9e dans ce regret des t\u00e9l\u00e9spectateurs, c\u2019est de leur donner la primeur de ce d\u00e9part\u00bb, d\u00e9veloppe-t-il avant de pr\u00e9ciser que \u00absa seule crainte, c\u2019est l\u2019\u00e9motion\u00bb.<\/p>\n<p class=\"fig-paragraph\">\u00abLa larmichette, elle est facile chez moi. Je suis \u00e9motif tout simplement. Donc je vais me blinder. Je vais voir si en pharmacie il n\u2019y a pas un m\u00e9dicament contre l\u2019\u00e9motion, mais je ne crois pas\u00bb, conclut-il en riant.<\/p>\n<p>\u00a0\u00bb<br \/>\n        data-script=\u00a0\u00bbhttps:\/\/static.lefigaro.fr\/widget-video\/short-ttl\/video\/index.js\u00a0\u00bb<br \/>\n    &gt;<\/p>\n","protected":false},"excerpt":{"rendered":"Le journaliste pr\u00e9sentera son dernier JT de 13 heures sur la premi\u00e8re cha\u00eene vendredi prochain. Pourtant, il confie&hellip;\n","protected":false},"author":2,"featured_media":72987,"comment_status":"","ping_status":"","sticky":false,"template":"","format":"standard","meta":{"footnotes":""},"categories":[1359],"tags":[497,496,499,58,59,1011,27,10074,500,504,505,495,973,503,502,501,2700,498],"class_list":{"0":"post-72986","1":"post","2":"type-post","3":"status-publish","4":"format-standard","5":"has-post-thumbnail","7":"category-people","8":"tag-actu-tv","9":"tag-actualite-tv","10":"tag-buzz-tv","11":"tag-divertissement","12":"tag-entertainment","13":"tag-fr","14":"tag-france","15":"tag-jacques-legros","16":"tag-medias","17":"tag-news-tele","18":"tag-news-television","19":"tag-news-tv","20":"tag-people","21":"tag-programme-tele","22":"tag-programme-tv","23":"tag-quiz-tv","24":"tag-rtl","25":"tag-tv-actu"},"share_on_mastodon":{"url":"https:\/\/pubeurope.com\/@fr\/114446618091073535","error":""},"_links":{"self":[{"href":"https:\/\/www.europesays.com\/fr\/wp-json\/wp\/v2\/posts\/72986","targetHints":{"allow":["GET"]}}],"collection":[{"href":"https:\/\/www.europesays.com\/fr\/wp-json\/wp\/v2\/posts"}],"about":[{"href":"https:\/\/www.europesays.com\/fr\/wp-json\/wp\/v2\/types\/post"}],"author":[{"embeddable":true,"href":"https:\/\/www.europesays.com\/fr\/wp-json\/wp\/v2\/users\/2"}],"replies":[{"embeddable":true,"href":"https:\/\/www.europesays.com\/fr\/wp-json\/wp\/v2\/comments?post=72986"}],"version-history":[{"count":0,"href":"https:\/\/www.europesays.com\/fr\/wp-json\/wp\/v2\/posts\/72986\/revisions"}],"wp:featuredmedia":[{"embeddable":true,"href":"https:\/\/www.europesays.com\/fr\/wp-json\/wp\/v2\/media\/72987"}],"wp:attachment":[{"href":"https:\/\/www.europesays.com\/fr\/wp-json\/wp\/v2\/media?parent=72986"}],"wp:term":[{"taxonomy":"category","embeddable":true,"href":"https:\/\/www.europesays.com\/fr\/wp-json\/wp\/v2\/categories?post=72986"},{"taxonomy":"post_tag","embeddable":true,"href":"https:\/\/www.europesays.com\/fr\/wp-json\/wp\/v2\/tags?post=72986"}],"curies":[{"name":"wp","href":"https:\/\/api.w.org\/{rel}","templated":true}]}}