{"id":72991,"date":"2025-05-04T00:01:10","date_gmt":"2025-05-04T00:01:10","guid":{"rendered":"https:\/\/www.europesays.com\/fr\/72991\/"},"modified":"2025-05-04T00:01:10","modified_gmt":"2025-05-04T00:01:10","slug":"surprise-colette-la-doyenne-de-the-voice-sinvite-lors-de-la-finale-je-vous-remercie-tous","status":"publish","type":"post","link":"https:\/\/www.europesays.com\/fr\/72991\/","title":{"rendered":"Surprise ! Colette, la doyenne de \u00ab\u00a0The Voice\u00a0\u00bb, s&rsquo;invite lors de la finale : \u00ab\u00a0Je vous remercie tous\u00a0\u00bb"},"content":{"rendered":"<p>Apr\u00e8s avoir \u00e9mu les coachs et le public lors des auditions \u00e0 l\u2019aveugle, la nonag\u00e9naire originaire du Morbihan ne pouvait pas manquer la conclusion de cette saison.Elle \u00e9tait de retour ce samedi 3 mai pour interpr\u00e9ter avec les finalistes sa propre composition, \u00ab\u00a0Comment faire pour \u00eatre heureux\u00a0\u00bb.Une s\u00e9quence d\u00e9licieuse \u00e0 (re)voir sur TF1+.<a href=\"https:\/\/www.tf1info.fr\/actualite\/the-voice-2025-13874\/\" rel=\"noopener\" class=\"jsx-3118104007 Link jsx-1428418400 jsx-798756813\" target=\"_blank\"><\/p>\n<p style=\"font-weight:400\" class=\"jsx-1837267516\">Suivez la couverture compl\u00e8te<\/p>\n<p style=\"font-weight:800\" class=\"jsx-1837267516\">The Voice 2025<\/p>\n<p><\/a><\/p>\n<p data-module=\"article-paragraph\" class=\"jsx-362436225 Paragraph Paragraph__End\">Elle restera l\u2019un des personnages les plus attachants de l\u2019\u00e9mission. <a href=\"https:\/\/www.tf1info.fr\/culture\/programme-tv-tf1-en-direct-live-streaming-officiel-the-voice-2025-finale-gagnant-gianni-il-cello-mega-mickael-gallo-2368707.html\" target=\"_blank\" rel=\"noopener\">La finale de \u00ab\u00a0The Voice 2025\u00a0\u00bb <\/a>ne pouvait pas se passer de Colette, la pimpante nonag\u00e9naire qui avait eu droit \u00e0 une seconde chance lors des auditions \u00e0 l\u2019aveugle en d\u00e9but de saison. La Morbihannaise de 96 ans, <a href=\"https:\/\/www.tf1info.fr\/culture\/video-the-voice-colette-va-devenir-ce-samedi-la-doyenne-de-l-emission-2355449.html\" target=\"_blank\" rel=\"noopener\">devenue la doyenne des t\u00e9l\u00e9crochets dans le monde<\/a>, avait s\u00e9duit les coachs <a href=\"https:\/\/www.tf1info.fr\/culture\/programme-tv-tf1-the-voice-2025-colette-95-ans-realise-le-reve-de-toute-sa-vie-dans-the-voice-2352035.html\" target=\"_blank\" rel=\"noopener\">avec sa gouaille et sa touchante histoire personnelle<\/a>. Les r\u00e9seaux sociaux en \u00e9taient tomb\u00e9s amoureux avec 21 millions de vues. Celle qui a compos\u00e9 pour les plus grands noms de la chanson fran\u00e7aise, dont Juliette Gr\u00e9co et Annie Cordy, \u00e9tait jusque-l\u00e0 rest\u00e9e dans l\u2019ombre par \u00ab\u00a0peur d\u2019\u00eatre devant le public\u00a0\u00bb.<\/p>\n<blockquote class=\"jsx-2786790838 Quote__Text\"><p>Ma petite-fille a envie de faire \u00ab\u00a0The Voice\u00a0\u00bb<\/p><\/blockquote>\n<p>Colette<\/p>\n<p data-module=\"article-paragraph\" class=\"jsx-362436225 Paragraph Paragraph__End\">Sa crainte semblait bien loin ce samedi 3 mai au moment de retrouver cette sc\u00e8ne o\u00f9 elle a r\u00e9alis\u00e9 \u00ab\u00a0le r\u00eave de toute sa vie\u00a0\u00bb. C&rsquo;est assise dans un fauteuil rouge que Colette a pu reprendre sa composition \u00ab\u00a0Comment faire pour \u00eatre heureux\u00a0\u00bb, avec les finalistes Gianni, Il Cello, Mega et Micka\u00ebl Gallo. \u00ab\u00a0Je ne l&rsquo;ai pas faite toute seule, il y a de tr\u00e8s belles paroles de, de, de&#8230;\u00a0\u00bb, dit-elle en tentant de lire sa feuille. \u00ab\u00a0Oh, vous chercherez !\u00a0\u00bb, finit-elle par lancer, d\u00e9termin\u00e9e \u00e0 revenir.<\/p>\n<ul class=\"jsx-658110588 ReadMoreArticle__List flex flex-column\">\n<li class=\"jsx-658110588\"><a href=\"https:\/\/www.tf1info.fr\/culture\/programme-tv-tf1-en-direct-live-streaming-officiel-the-voice-2025-finale-gagnant-gianni-il-cello-mega-mickael-gallo-2368707.html\" rel=\"noopener\" class=\"jsx-4233824444 Link flex\" target=\"_blank\"><img decoding=\"async\" src=\"https:\/\/www.europesays.com\/fr\/wp-content\/uploads\/2025\/05\/the-voice-2025-finale-fe91ba-0@1x.jpeg\" alt=\"Lire aussi\" loading=\"lazy\" importance=\"low\" fetchpriority=\"low\" class=\"\" copyright=\"TF1\"\/>\n<p class=\"jsx-658110588 ReadMoreArticle__Title\">Lire aussi<\/p>\n<p class=\"jsx-658110588\">REVIVEZ &#8211; \u00ab\u00a0The Voice 2025\u00a0\u00bb : et le grand gagnant est&#8230;<\/p>\n<p><\/a><\/li>\n<\/ul>\n<p data-module=\"article-paragraph\" class=\"jsx-362436225 Paragraph Paragraph__End\">Le secret de son bonheur ? \u00ab\u00a0\u00catre ici\u00a0\u00bb sur le plateau avec sa famille, dont certains sont \u00e9galement musiciens. Proche de la centaine, Colette n&rsquo;a pas pour autant arr\u00eat\u00e9 la musique. Son single \u00ab\u00a0La Fureur de vivre\u00a0\u00bb est d\u00e9sormais disponible sur les plateformes de t\u00e9l\u00e9chargement. D\u00e9cid\u00e9ment \u00e0 l&rsquo;aise dans l&rsquo;\u00e9mission, elle sait d\u00e9sormais que le fauteuil dans lequel elle se trouve \u00ab\u00a0lui appartient \u00e0 vie\u00a0\u00bb, promesse de Nikos Aliagas. \u00ab\u00a0M\u00eame \u00e0 120 ans vous venez, vous serez l\u00e0 \u00e0 la maison\u00a0\u00bb, lui promet l&rsquo;animateur. Elle pourrait bien revenir plus t\u00f4t que pr\u00e9vu. \u00ab\u00a0Ma petite-fille a envie de faire &lsquo;The Voice'\u00a0\u00bb, glisse la malicieuse grand-m\u00e8re. On a rarement vu d\u00e9p\u00f4t de candidature plus efficace.<\/p>\n<p>Delphine DE FREITAS<\/p>\n","protected":false},"excerpt":{"rendered":"Apr\u00e8s avoir \u00e9mu les coachs et le public lors des auditions \u00e0 l\u2019aveugle, la nonag\u00e9naire originaire du Morbihan&hellip;\n","protected":false},"author":2,"featured_media":72992,"comment_status":"","ping_status":"","sticky":false,"template":"","format":"standard","meta":{"footnotes":""},"categories":[1356],"tags":[1111,11,1921,58,59,1011,27,1922,17665,2041,873,10827,973,252,199,3074,14965,1364,133,2040],"class_list":{"0":"post-72991","1":"post","2":"type-post","3":"status-publish","4":"format-standard","5":"has-post-thumbnail","7":"category-television","8":"tag-actu","9":"tag-actualites","10":"tag-article-video","11":"tag-divertissement","12":"tag-entertainment","13":"tag-fr","14":"tag-france","15":"tag-info","16":"tag-juliette-greco","17":"tag-medias-et-divertissement","18":"tag-musique","19":"tag-nikos-aliagas","20":"tag-people","21":"tag-television","22":"tag-tf1","23":"tag-the-voice","24":"tag-the-voice-2025","25":"tag-tv","26":"tag-video","27":"tag-video-culture"},"share_on_mastodon":{"url":"https:\/\/pubeurope.com\/@fr\/114446629887745571","error":""},"_links":{"self":[{"href":"https:\/\/www.europesays.com\/fr\/wp-json\/wp\/v2\/posts\/72991","targetHints":{"allow":["GET"]}}],"collection":[{"href":"https:\/\/www.europesays.com\/fr\/wp-json\/wp\/v2\/posts"}],"about":[{"href":"https:\/\/www.europesays.com\/fr\/wp-json\/wp\/v2\/types\/post"}],"author":[{"embeddable":true,"href":"https:\/\/www.europesays.com\/fr\/wp-json\/wp\/v2\/users\/2"}],"replies":[{"embeddable":true,"href":"https:\/\/www.europesays.com\/fr\/wp-json\/wp\/v2\/comments?post=72991"}],"version-history":[{"count":0,"href":"https:\/\/www.europesays.com\/fr\/wp-json\/wp\/v2\/posts\/72991\/revisions"}],"wp:featuredmedia":[{"embeddable":true,"href":"https:\/\/www.europesays.com\/fr\/wp-json\/wp\/v2\/media\/72992"}],"wp:attachment":[{"href":"https:\/\/www.europesays.com\/fr\/wp-json\/wp\/v2\/media?parent=72991"}],"wp:term":[{"taxonomy":"category","embeddable":true,"href":"https:\/\/www.europesays.com\/fr\/wp-json\/wp\/v2\/categories?post=72991"},{"taxonomy":"post_tag","embeddable":true,"href":"https:\/\/www.europesays.com\/fr\/wp-json\/wp\/v2\/tags?post=72991"}],"curies":[{"name":"wp","href":"https:\/\/api.w.org\/{rel}","templated":true}]}}