{"id":72995,"date":"2025-05-04T00:03:26","date_gmt":"2025-05-04T00:03:26","guid":{"rendered":"https:\/\/www.europesays.com\/fr\/72995\/"},"modified":"2025-05-04T00:03:26","modified_gmt":"2025-05-04T00:03:26","slug":"george-lucas-explique-pourquoi-yoda-inverse-lordre-des-mots-quand-il-parle","status":"publish","type":"post","link":"https:\/\/www.europesays.com\/fr\/72995\/","title":{"rendered":"George Lucas explique pourquoi Yoda inverse l\u2019ordre des mots quand il parle"},"content":{"rendered":"<p><strong>Ing\u00e9nieux &#8211; Le cr\u00e9ateur de \u00ab Star Wars \u00bb avait une tr\u00e8s bonne raison de donner cette caract\u00e9ristique au personnage<\/strong><\/p>\n<p>Si vous vous \u00eates toujours demand\u00e9 pourquoi <a href=\"https:\/\/www.20minutes.fr\/arts-stars\/cinema\/4149325-20250419-star-wars-celebration-japan-2025-grogu-bebe-yoda-dechaine-fans?at_medium=RSS+feed&amp;at_campaign=ynews&amp;utm_source=yahoo&amp;utm_medium=rss&amp;utm_campaign=news_feed&amp;utm_content=in_article_link\" rel=\"nofollow noopener\" target=\"_blank\" data-ylk=\"slk:Yoda;elm:context_link;itc:0;sec:content-canvas\" class=\"link \">Yoda<\/a> s\u2019exprime de fa\u00e7on si particuli\u00e8re, <a href=\"https:\/\/www.20minutes.fr\/arts-stars\/cinema\/festival_de_cannes\/4092744-20240524-festival-cannes-2024-george-lucas-accede-rang-maitre-anakin-toujours?at_medium=RSS+feed&amp;at_campaign=ynews&amp;utm_source=yahoo&amp;utm_medium=rss&amp;utm_campaign=news_feed&amp;utm_content=in_article_link\" rel=\"nofollow noopener\" target=\"_blank\" data-ylk=\"slk:George Lucas;elm:context_link;itc:0;sec:content-canvas\" class=\"link \">George Lucas<\/a> vient enfin de lever le voile sur ce myst\u00e8re.<\/p>\n<p>Pr\u00e9sent lors de la projection du 45e anniversaire de L\u2019Empire contre-attaque au TCM Classic Film Festival, le papa de <a href=\"https:\/\/www.20minutes.fr\/arts-stars\/serie\/4149739-20250423-andor-saga-star-wars-gauche?at_medium=RSS+feed&amp;at_campaign=ynews&amp;utm_source=yahoo&amp;utm_medium=rss&amp;utm_campaign=news_feed&amp;utm_content=in_article_link\" rel=\"nofollow noopener\" target=\"_blank\" data-ylk=\"slk:Star Wars;elm:context_link;itc:0;sec:content-canvas\" class=\"link \">Star Wars<\/a> a expliqu\u00e9 que cette inversion syst\u00e9matique de l\u2019ordre des mots dans les phrases du Ma\u00eetre Jedi n\u2019avait rien d\u2019un caprice cr\u00e9atif.<\/p>\n<p>Bien m\u2019\u00e9couter tu devras<\/p>\n<p>En effet, il s\u2019agissait d\u2019une astuce pour s\u2019assurer que le public, et tout particuli\u00e8rement les plus jeunes spectateurs, pr\u00eate attention aux paroles du personnage.<\/p>\n<p>\u00ab Si vous parlez normalement, les gens n\u2019\u00e9coutent pas tant que \u00e7a \u00bb, a expliqu\u00e9 le cin\u00e9aste de 80 ans dont les propos ont \u00e9t\u00e9 transcrits par <a href=\"https:\/\/people.com\/george-lucas-reveals-why-yoda-talks-backwards-star-wars-11723046?at_medium=RSS+feed&amp;at_campaign=ynews&amp;utm_source=yahoo&amp;utm_medium=rss&amp;utm_campaign=news_feed&amp;utm_content=in_article_link\" rel=\"nofollow noopener\" target=\"_blank\" data-ylk=\"slk:People;elm:context_link;itc:0;sec:content-canvas\" class=\"link \">People<\/a>. \u00ab Si vous avez un accent, ou si c\u2019est tr\u00e8s difficile de comprendre ce qu\u2019il dit, ils se concentrent sur ce qu\u2019il dit \u00bb, a poursuivi George Lucas.<\/p>\n<p>Une astuce d\u2019autant plus importante que Yoda est \u00ab le philosophe du film \u00bb et qu\u2019il fallait trouver un moyen d\u2019inciter les enfants de 12 ans \u00e0 \u00e9couter ses pr\u00e9ceptes. Une id\u00e9e qui n\u2019aurait sans doute pas aussi bien fonctionn\u00e9 sans le talent de Frank Oz qui, rappelons-le, fut \u00e0 la fois la voix et le marionnettiste qui donna vie au plus c\u00e9l\u00e8bre des ma\u00eetres Jedi.<\/p>\n<p><a href=\"https:\/\/www.20minutes.fr\/arts-stars\/people\/4151007-20250503-george-lucas-explique-pourquoi-yoda-inverse-ordre-mots-quand-parle?at_medium=RSS+feed&amp;at_campaign=ynews&amp;utm_source=yahoo&amp;utm_medium=rss&amp;utm_campaign=news_feed&amp;utm_content=read_more_link\" rel=\"nofollow noopener\" target=\"_blank\" data-ylk=\"slk:Lire la suite sur 20minutes;elm:context_link;itc:0;sec:content-canvas\" class=\"link \">Lire la suite sur 20minutes<\/a><\/p>\n<p>\u00c0 lire aussi :<br \/><a href=\"https:\/\/www.20minutes.fr\/arts-stars\/cinema\/4149325-20250419-star-wars-celebration-japan-2025-grogu-bebe-yoda-dechaine-fans?at_medium=RSS+feed&amp;at_campaign=ynews&amp;utm_source=yahoo&amp;utm_medium=rss&amp;utm_campaign=news_feed&amp;utm_content=related_content_link\" rel=\"nofollow noopener\" target=\"_blank\" data-ylk=\"slk:\u00ab Star Wars Celebration Japan 2025 \u00bb : Grogu, le \u00ab b\u00e9b\u00e9 Yoda \u00bb, d\u00e9cha\u00eene les fans;elm:context_link;itc:0;sec:content-canvas\" class=\"link \">\u00ab Star Wars Celebration Japan 2025 \u00bb : Grogu, le \u00ab b\u00e9b\u00e9 Yoda \u00bb, d\u00e9cha\u00eene les fans<\/a><br \/><a href=\"https:\/\/www.20minutes.fr\/arts-stars\/serie\/4149739-20250423-andor-saga-star-wars-gauche?at_medium=RSS+feed&amp;at_campaign=ynews&amp;utm_source=yahoo&amp;utm_medium=rss&amp;utm_campaign=news_feed&amp;utm_content=related_content_link\" rel=\"nofollow noopener\" target=\"_blank\" data-ylk=\"slk:\u00ab Andor \u00bb : La saga \u00ab Star Wars \u00bb est-elle de gauche ?;elm:context_link;itc:0;sec:content-canvas\" class=\"link \">\u00ab Andor \u00bb : La saga \u00ab Star Wars \u00bb est-elle de gauche ?<\/a><\/p>\n","protected":false},"excerpt":{"rendered":"Ing\u00e9nieux &#8211; Le cr\u00e9ateur de \u00ab Star Wars \u00bb avait une tr\u00e8s bonne raison de donner cette caract\u00e9ristique&hellip;\n","protected":false},"author":2,"featured_media":72996,"comment_status":"","ping_status":"","sticky":false,"template":"","format":"standard","meta":{"footnotes":""},"categories":[1354],"tags":[58,59,1346,1011,27,12550,1360,1480,15733,1516],"class_list":{"0":"post-72995","1":"post","2":"type-post","3":"status-publish","4":"format-standard","5":"has-post-thumbnail","7":"category-films","8":"tag-divertissement","9":"tag-entertainment","10":"tag-films","11":"tag-fr","12":"tag-france","13":"tag-george-lucas","14":"tag-movies","15":"tag-star-wars","16":"tag-tcm-classic-film-festival","17":"tag-yoda"},"share_on_mastodon":{"url":"https:\/\/pubeurope.com\/@fr\/114446637648986327","error":""},"_links":{"self":[{"href":"https:\/\/www.europesays.com\/fr\/wp-json\/wp\/v2\/posts\/72995","targetHints":{"allow":["GET"]}}],"collection":[{"href":"https:\/\/www.europesays.com\/fr\/wp-json\/wp\/v2\/posts"}],"about":[{"href":"https:\/\/www.europesays.com\/fr\/wp-json\/wp\/v2\/types\/post"}],"author":[{"embeddable":true,"href":"https:\/\/www.europesays.com\/fr\/wp-json\/wp\/v2\/users\/2"}],"replies":[{"embeddable":true,"href":"https:\/\/www.europesays.com\/fr\/wp-json\/wp\/v2\/comments?post=72995"}],"version-history":[{"count":0,"href":"https:\/\/www.europesays.com\/fr\/wp-json\/wp\/v2\/posts\/72995\/revisions"}],"wp:featuredmedia":[{"embeddable":true,"href":"https:\/\/www.europesays.com\/fr\/wp-json\/wp\/v2\/media\/72996"}],"wp:attachment":[{"href":"https:\/\/www.europesays.com\/fr\/wp-json\/wp\/v2\/media?parent=72995"}],"wp:term":[{"taxonomy":"category","embeddable":true,"href":"https:\/\/www.europesays.com\/fr\/wp-json\/wp\/v2\/categories?post=72995"},{"taxonomy":"post_tag","embeddable":true,"href":"https:\/\/www.europesays.com\/fr\/wp-json\/wp\/v2\/tags?post=72995"}],"curies":[{"name":"wp","href":"https:\/\/api.w.org\/{rel}","templated":true}]}}