{"id":729968,"date":"2026-02-12T18:36:15","date_gmt":"2026-02-12T18:36:15","guid":{"rendered":"https:\/\/www.europesays.com\/fr\/729968\/"},"modified":"2026-02-12T18:36:15","modified_gmt":"2026-02-12T18:36:15","slug":"a-paris-les-ventes-au-prix-fort-de-lhotel-lalique","status":"publish","type":"post","link":"https:\/\/www.europesays.com\/fr\/729968\/","title":{"rendered":"\u00e0 Paris, les ventes au prix fort de l\u2019h\u00f4tel Lalique"},"content":{"rendered":"<p class=\"upper-letter\">Depuis l\u2019immeuble sur les quais, la vue est splendide\u00a0: la silhouette \u00e9lanc\u00e9e de la tour Eiffel, les coupoles en bulbes dor\u00e9s de la cath\u00e9drale orthodoxe de la Sainte Trinit\u00e9, les fa\u00e7ades des beaux immeubles du quai d\u2019Orsay, les\u00a0ponts\u00a0de l\u2019Alma et Alexandre III\u00a0et, bien s\u00fbr, la Seine\u2026 Sis cours Albert Ier, dans le VIIIe arrondissement de Paris, l\u2019h\u00f4tel Lalique, construit en 1903 pour le compte du <a href=\"https:\/\/www.challenges.fr\/lifestyle\/ces-francais-qui-s-installent-a-venise_87819\" target=\"_blank\" rel=\"nofollow noopener\">ma\u00eetre verrier<\/a> Ren\u00e9 Lalique et <a href=\"https:\/\/www.challenges.fr\/entreprise\/culture\/reconstruction-de-reims-le-sacre-de-lart-deco_630499\" target=\"_blank\" rel=\"nofollow noopener\">embl\u00e9matique du style Art d\u00e9co<\/a>, est l\u2019une de ces adresses notamment pris\u00e9es des acqu\u00e9reurs \u00e9trangers. Sa fa\u00e7ade finement d\u00e9cor\u00e9e et sa toiture ont \u00e9t\u00e9 inscrites aux Monuments historiques en 1964.<\/p>\n<p>A quelques semaines d\u2019intervalle, deux transactions viennent d\u2019y \u00eatre conclues par le r\u00e9seau d\u2019agences immobili\u00e8res John Taylor, pour une moyenne de pr\u00e8s de 38 000\u00a0euros le m2, \u00ab\u00a0le triple du prix moyen observ\u00e9 sur le secteur\u00a0\u00bb selon le r\u00e9seau, qui se justifie, entre autres arguments, par l\u2019unicit\u00e9 de l\u2019immeuble et de sa signature, son emplacement et ses vues.<\/p>\n<p>La premi\u00e8re vente a concern\u00e9 le deuxi\u00e8me \u00e9tage de l\u2019immeuble. Vendu 12,65\u00a0millions d\u2019euros <a href=\"https:\/\/www.challenges.fr\/immobilier\/immobilier-de-luxe-le-prestige-francais-seduit-toujours_603391\" target=\"_blank\" rel=\"nofollow noopener\">\u00e0 un acheteur am\u00e9ricain<\/a>, l\u2019appartement de 348\u00a0m2\u00a0a \u00e9t\u00e9 enti\u00e8rement restructur\u00e9 et red\u00e9cor\u00e9 par l\u2019architecte Fr\u00e9d\u00e9ric Sicard, du cabinet Aecome. Dot\u00e9 d\u2019une belle hauteur sous plafond de 3,70\u00a0m, il b\u00e9n\u00e9ficie d\u2019une galerie d\u2019entr\u00e9e (la porte d\u2019entr\u00e9e a \u00e9t\u00e9 d\u00e9plac\u00e9e), d\u2019un grand espace de r\u00e9ception (salon et salle \u00e0 manger) orient\u00e9 plein sud, orn\u00e9 d\u2019une chemin\u00e9e habill\u00e9e d\u2019un manteau design d\u2019environ 150 m\u00b2, et de quatre chambres en suite, avec salles de bains et dressings.<\/p>\n<p><a href=\"https:\/\/www.challenges.fr\/immobilier\/immobilier-de-luxe-decouvrez-le-classement-des-villes-preferees-des-ultra-riches_637529\" rel=\"noopener noreferrer nofollow\" class=\"cursor-pointer decoration-inherit\" stop=\"false\" data-v-a5631e0e=\"\" target=\"_blank\"><\/p>\n<p>Immobilier de luxe\u00a0: d\u00e9couvrez le classement des villes pr\u00e9f\u00e9r\u00e9es des ultra-riches<\/p>\n<p><\/a><a href=\"https:\/\/www.challenges.fr\/immobilier\/immobilier-de-luxe-decouvrez-le-classement-des-villes-preferees-des-ultra-riches_637529\" rel=\"noopener noreferrer nofollow\" class=\"cursor-pointer decoration-inherit\" stop=\"false\" data-v-a5631e0e=\"\" target=\"_blank\"><\/a><\/p>\n<p>La seconde a port\u00e9 sur le dernier \u00e9tage, o\u00f9 des acqu\u00e9reurs fran\u00e7ais ont opt\u00e9 pour un bien de 174\u00a0m2 (loi Carrez) pour 6,45\u00a0millions d\u2019euros <a href=\"https:\/\/www.challenges.fr\/immobilier\/a-vendre-un-grand-appartement-avec-vue-sur-mer-a-monaco_639648\" target=\"_blank\" rel=\"nofollow noopener\">aupr\u00e8s d\u2019un vendeur mon\u00e9gasque<\/a>, et n\u00e9cessitant des travaux de r\u00e9habilitation. Son atout ? Une terrasse de 60 m\u00b2 \u00e0 am\u00e9nager et offrant un panorama sur la capitale.<\/p>\n","protected":false},"excerpt":{"rendered":"Depuis l\u2019immeuble sur les quais, la vue est splendide\u00a0: la silhouette \u00e9lanc\u00e9e de la tour Eiffel, les coupoles&hellip;\n","protected":false},"author":2,"featured_media":729969,"comment_status":"","ping_status":"","sticky":false,"template":"","format":"standard","meta":{"footnotes":"","_share_on_mastodon":"0"},"categories":[1888],"tags":[11,1777,674,81914,1011,27,1116,12,626,25],"class_list":["post-729968","post","type-post","status-publish","format-standard","has-post-thumbnail","category-paris","tag-actualites","tag-eu","tag-europe","tag-fortunes","tag-fr","tag-france","tag-immobilier","tag-news","tag-paris","tag-republique-francaise"],"share_on_mastodon":{"url":"https:\/\/pubeurope.com\/@fr\/116059110478319211","error":""},"_links":{"self":[{"href":"https:\/\/www.europesays.com\/fr\/wp-json\/wp\/v2\/posts\/729968","targetHints":{"allow":["GET"]}}],"collection":[{"href":"https:\/\/www.europesays.com\/fr\/wp-json\/wp\/v2\/posts"}],"about":[{"href":"https:\/\/www.europesays.com\/fr\/wp-json\/wp\/v2\/types\/post"}],"author":[{"embeddable":true,"href":"https:\/\/www.europesays.com\/fr\/wp-json\/wp\/v2\/users\/2"}],"replies":[{"embeddable":true,"href":"https:\/\/www.europesays.com\/fr\/wp-json\/wp\/v2\/comments?post=729968"}],"version-history":[{"count":0,"href":"https:\/\/www.europesays.com\/fr\/wp-json\/wp\/v2\/posts\/729968\/revisions"}],"wp:featuredmedia":[{"embeddable":true,"href":"https:\/\/www.europesays.com\/fr\/wp-json\/wp\/v2\/media\/729969"}],"wp:attachment":[{"href":"https:\/\/www.europesays.com\/fr\/wp-json\/wp\/v2\/media?parent=729968"}],"wp:term":[{"taxonomy":"category","embeddable":true,"href":"https:\/\/www.europesays.com\/fr\/wp-json\/wp\/v2\/categories?post=729968"},{"taxonomy":"post_tag","embeddable":true,"href":"https:\/\/www.europesays.com\/fr\/wp-json\/wp\/v2\/tags?post=729968"}],"curies":[{"name":"wp","href":"https:\/\/api.w.org\/{rel}","templated":true}]}}