{"id":73001,"date":"2025-05-04T00:06:07","date_gmt":"2025-05-04T00:06:07","guid":{"rendered":"https:\/\/www.europesays.com\/fr\/73001\/"},"modified":"2025-05-04T00:06:07","modified_gmt":"2025-05-04T00:06:07","slug":"fatals-picards-jessy-matador-comment-leurovision-a-change-nos-artistes-ou-pas","status":"publish","type":"post","link":"https:\/\/www.europesays.com\/fr\/73001\/","title":{"rendered":"Fatals Picards, Jessy Matador\u2026 comment l&rsquo;Eurovision a chang\u00e9 nos artistes (ou pas)"},"content":{"rendered":"<p>            Par<br \/>\n        <strong><br \/>\n            <a href=\"https:\/\/actu.fr\/auteur\/anne-laure-petit-henon\" title=\"Consulter tous les articles de Anne-Laure Petit-H\u00e9non\" target=\"_blank\" rel=\"noopener\">Anne-Laure Petit-H\u00e9non<\/a><br \/>\n        <\/strong><\/p>\n<p>        Publi\u00e9 le<\/p>\n<p>            3 mai 2025 \u00e0 18h55        <\/p>\n<p>\u00ab\u2009C\u2019est<strong> un gros risque<\/strong> dans ma carri\u00e8re.\u2009\u00bb Mardi 4 f\u00e9vrier 2025, au micro de L\u00e9a Salam\u00e9 sur France Inter, <a href=\"https:\/\/actu.fr\/loisirs-culture\/eurovision-2025-pourquoi-la-france-avec-louane-est-automatiquement-selectionnee-en-finale_62476382.html\" target=\"_blank\" rel=\"noopener\">Louane<\/a> se confiait sur le fait de repr\u00e9senter la France \u00e0 l\u2019Eurovision.<\/p>\n<p class=\" wall-content\">Celle qui a \u00e9t\u00e9 r\u00e9v\u00e9l\u00e9e par le t\u00e9l\u00e9crochet The Voice, en 2013, s\u2019inqui\u00e9tait alors de <strong>l\u2019apr\u00e8s<\/strong>, surtout si le classement n\u2019est pas aussi bon qu\u2019esp\u00e9r\u00e9. \u00ab\u2009Dans le cas o\u00f9 \u00e7a ne se passerait pas bien, ce n\u2019est pas facile de revenir derri\u00e8re.\u2009\u00bb<\/p>\n<p class=\" wall-content\">\u00c0 l\u2019instar d\u2019une c\u00e9r\u00e9monie d\u2019ouverture des Jeux olympiques, l\u2019<a href=\"https:\/\/actu.fr\/tag\/concours-eurovision\" target=\"_blank\" rel=\"noopener\">Eurovision<\/a> ferait partie de ces <strong>performances casse-gueule<\/strong>, tournant dans une carri\u00e8re d\u2019artiste.<\/p>\n<p class=\" wall-content\">Au point de la freiner ou de la stopper net sur la route de l\u2019ascension\u2009? actu.fr a demand\u00e9 leur ressenti \u00e0 trois anciens repr\u00e9sentants au concours europ\u00e9en de la chanson.<\/p>\n<p>Premi\u00e8re \u00e9tape : devenir repr\u00e9sentant<\/p>\n<p class=\" wall-content\">Mais avant de penser \u00e0 l\u2019apr\u00e8s, il faut parler de l\u2019avant. Comment on en arrive \u00e0 repr\u00e9senter la France \u00e0 l\u2019Eurovision\u2009?<\/p>\n<p>Vid\u00e9os : en ce moment sur Actu<\/p>\n<p class=\" wall-content\">\u00ab\u2009Bah moi, j\u2019ai d\u00e9couvert que j\u2019allais faire l\u2019Eurovision \u00e0 la t\u00e9l\u00e9, comme tout le monde. J\u2019avais enregistr\u00e9 des voix t\u00e9moins sur une chanson \u00e0 la demande de ma maison de disques, et voil\u00e0.\u2009\u00bb Heureusement, le cas de <strong>Jessy Matador<\/strong>, pour l\u2019\u00e9dition 2010, est assez exceptionnel.<\/p>\n<p class=\" wall-content\">Le concours europ\u00e9en de la chanson, de son nom officiel, met <strong>en comp\u00e9tition des diffuseurs<\/strong>, comme l\u2019est France T\u00e9l\u00e9visions. Ce dernier choisit son repr\u00e9sentant en interne, c\u2019est-\u00e0-dire qu\u2019il d\u00e9cide seul, comme dans le cas de Jessy Matador, ou il organise une s\u00e9lection nationale, en organisant un premier concours \u00e0 la recherche de la chanson.<\/p>\n<p class=\" wall-content\">\u00ab\u2009Bruno Berberes, directeur de casting de l\u2019Eurovision, nous avait contact\u00e9s car il cherchait des chansons pour des interpr\u00e8tes\u2009\u00bb, rembobine Jean-Karl Lucas, membre du duo <strong>Madame Monsieur<\/strong>.<\/p>\n<blockquote class=\"ac-article-quote wall-content\">\n<p>On avait une chanson, \u00ab\u00a0Mercy\u00a0\u00bb, mais on voulait interpr\u00e9ter nous-m\u00eames la chanson.<\/p>\n<p>    <strong>Jean-Karl Lucas<\/strong><br \/>\n        Membre de Madame Monsieur, repr\u00e9sentant pour l&rsquo;Eurovision 2018    <\/p><\/blockquote>\n<p class=\" wall-content\">C\u2019est comme \u00e7a que le duo participe \u00e0 <strong>Destination Eurovision<\/strong>, le programme de s\u00e9lection nationale qui fait son retour apr\u00e8s quatre ans d\u2019absence.<\/p>\n<p class=\" wall-content\">M\u00eame si la France pr\u00e9f\u00e8re largement la s\u00e9lection interne (43\u00a0contre 25), au milieu des ann\u00e9es 2000, le peuple a la parole.<\/p>\n<blockquote class=\"ac-article-quote wall-content\">\n<p>On vient de signer chez Warner et l\u00e0 des gens de l&rsquo;Eurovision nous contactent pour savoir si on veut participer. On dit oui sans trop r\u00e9fl\u00e9chir et on \u00e9crit \u00ab\u00a0l&rsquo;Amour \u00e0 la Fran\u00e7aise\u00a0\u00bb en 3-4 jours.<\/p>\n<p>    <strong>Laurent Honel<\/strong><br \/>\n        Guitariste des Fatal Picards, repr\u00e9sentant pour l&rsquo;Eurovision 2007    <\/p><\/blockquote>\n<p>\u00ab\u00a0Un v\u00e9ritable tourbillon\u00a0\u00bb qui se met en place<\/p>\n<p class=\" wall-content\">Qu\u2019importe le mode de s\u00e9lection, une fois l\u2019artiste et sa chanson d\u00e9di\u00e9e \u00e0 l\u2019Eurovision trouv\u00e9e, un tunnel se met en place.<\/p>\n<p class=\" wall-content\">Pendant des mois, jusqu\u2019au soir de la finale, les artistes pensent, vivent, respirent pour le concours. \u00ab\u2009C\u2019est un v\u00e9ritable tourbillon. Le samedi soir, on est s\u00e9lectionn\u00e9, et <strong>le dimanche, on est au 20\u00a0heures<\/strong> de France 2\u2009\u00bb, se rappelle \u00c9milie Satt, autre membre du duo Madame Monsieur.<\/p>\n<p class=\" wall-content\">\n<p class=\" wall-content\">R\u00e9p\u00e9tition, tourn\u00e9e m\u00e9diatique, rencontre de fans, concerts\u2026 Tout se met en place. Et si les repr\u00e9sentants fran\u00e7ais pour l\u2019\u00e9dition 2018 ont le souvenir de cette <strong>pr\u00e9paration intense<\/strong>, nos autres interlocuteurs assurent avoir \u00ab\u2009particip\u00e9 s\u00e9rieusement\u2009\u00bb, mais avec plus ou moins d\u2019intensit\u00e9.<\/p>\n<blockquote class=\"ac-article-quote wall-content\">\n<p>J&rsquo;avais l&rsquo;habitude de r\u00e9p\u00e9ter chaque semaine avec le groupe, \u00e7a changeait rien, on a juste ajout\u00e9 la chanson.<\/p>\n<p>    <strong>Jessy Matador<\/strong><br \/>\n        Repr\u00e9sentant pour l&rsquo;Eurovision 2010    <\/p><\/blockquote>\n<p class=\" wall-content\">\u00ab\u2009On a fait \u00e7a s\u00e9rieusement, d\u00e8s le d\u00e9part, on avait r\u00e9fl\u00e9chi, bon peut-\u00eatre mal, \u00e0 \u00e9crire une chanson pour l\u2019Eurovision, tout en restant dans l\u2019esprit des Fatals Picards\u2009\u00bb, confirme Laurent Honel qui a vu dans le tourbillon Eurovision<strong> l\u2019occasion d\u2019\u00eatre connu par le grand public<\/strong>.<\/p>\n<p>Un tourbillon m\u00e9diatique (b\u00e9n\u00e9fique)<\/p>\n<p class=\" wall-content\">Le soir de la finale de l\u2019Eurovision, c\u2019est plus d\u2019une centaine de millions de t\u00e9l\u00e9spectateurs. Mais avant ce coup de projecteur mondial, le repr\u00e9sentant d\u2019un pays <strong>prend la lumi\u00e8re au niveau national<\/strong>.<\/p>\n<p class=\" wall-content\">L\u2019occasion pour les Fatals Picards et Madame Monsieur, chacun \u00e0 leur \u00e9poque respective, d\u2019\u00eatre connus du grand public, m\u00eame s\u2019ils \u00e9taient<strong> d\u00e9j\u00e0 dans le monde de la musique<\/strong>. Les premiers travaillaient sur leur deuxi\u00e8me album quand les seconds avaient juste sorti un EP.<\/p>\n<p class=\" wall-content\">En 2010, quand Jessy Matador est choisi, il est d\u00e9j\u00e0 connu par le grand public depuis la sortie de D\u00e9cala Gwada en 2008.<\/p>\n<p class=\" wall-content\">\n<p class=\" wall-content\">\u00ab\u2009En plus du challenge, je travaillais sur mon deuxi\u00e8me album, alors <strong>c\u2019\u00e9tait comme une promo<\/strong>\u2009\u00bb, reconna\u00eet l\u2019artiste.<\/p>\n<p>Sur place, on y croit<\/p>\n<p class=\" wall-content\">Apr\u00e8s des mois de pr\u00e9paration vient la derni\u00e8re ligne droite. <strong>Deux semaines avant la finale<\/strong>, les artistes se rendent sur les lieux de l\u2019Eurovision.<\/p>\n<p class=\" wall-content\">R\u00e9p\u00e9titions quotidiennes en public, rencontre avec des fans\u2026 tout est millim\u00e9tr\u00e9 lors du dernier coup de collier. Et c\u2019est la d\u00e9couverte de<strong> la machine Eurovision<\/strong>, de la \u00ab\u2009chor\u00e9graphie\u2009\u00bb, comme ils le disent tous, o\u00f9 \u00ab\u2009rien n\u2019est laiss\u00e9 au hasard\u2009\u00bb.<\/p>\n<blockquote class=\"ac-article-quote wall-content\">\n<p>On d\u00e9couvre aussi une autre ambiance. En France, les gens s&rsquo;en fichent de l&rsquo;Eurovision, l\u00e0 c&rsquo;est diff\u00e9rent.<\/p>\n<p>    <strong>Jessy Matador<\/strong><br \/>\n        Repr\u00e9sentant pour l&rsquo;\u00e9dition 2010    <\/p><\/blockquote>\n<p class=\" wall-content\">Et c\u2019est l\u00e0 que <strong>les pronostics<\/strong> se font et se d\u00e9font. \u00ab\u2009Au fur et \u00e0 mesure des jours, on voit que \u00e7a monte chez les bookmakers\u2009\u00bb, se rem\u00e9more Jessy Matador. M\u00eame si au d\u00e9part, \u00ab\u2009on me donnait dernier alors si j\u2019\u00e9tais avant-dernier, j\u2019aurais r\u00e9ussi\u2009\u00bb, le chanteur se prend \u00e0 r\u00eaver d\u2019un top\u00a05.<\/p>\n<blockquote class=\"ac-article-quote wall-content\">\n<p>Le jour de la finale, les journalistes sp\u00e9cialis\u00e9s nous faisaient de grands sourires, on y croyait.<\/p>\n<p>    <strong>Emilie Satt<\/strong><br \/>\n        Membre de Madame Monsieur, repr\u00e9sentant pour l&rsquo;Eurovision 2018    <\/p><\/blockquote>\n<p class=\" wall-content\">S\u2019ils ont voulu y croire, les Fatals Picards, eux, \u00e9taient rest\u00e9s sur leurs gardes. \u00ab\u2009Il y a une <strong>dimension g\u00e9opolitique<\/strong> ind\u00e9pendante de la prestation, on l\u2019avait bien vu en comparant nos pr\u00e9f\u00e9rences et les votes lors des demi-finales\u2009\u00bb, se rem\u00e9more Laurent Honel pour qui \u00ab\u2009entre 7e et 12e, \u00e7a aurait \u00e9t\u00e9 bien\u2009\u00bb.<\/p>\n<p class=\" wall-content\">\n<p>D\u00e9sillusion<\/p>\n<p class=\" wall-content\">Mais <strong>aucun de ces trois artistes n\u2019atteint son objectif<\/strong>. \u00ab\u2009J\u2019ai appris le mot ant\u00e9p\u00e9nulti\u00e8me du coup\u2009\u00bb, plaisante Laurent Honel. Le groupe termine en effet \u00e0 la 22e place du concours. Sur 24.<\/p>\n<p class=\" wall-content\">Pour Madame Monsieur, alors qu\u2019ils commencent les votes avec les fameux 12 points et se retrouvent \u00e0 la t\u00eate du classement, les places baissent et baissent et ils terminent 13e sur 26.<\/p>\n<p class=\" wall-content\">Toutefois, ils obtiennent le <strong>deuxi\u00e8me score le plus \u00e9lev\u00e9<\/strong> pour la France (173 points) apr\u00e8s la sixi\u00e8me place d\u2019Amir en 2016 (257 points). Et ils remportent le <strong>Prix Marcel-Bezen\u00e7on<\/strong>\u00a0de la presse.<\/p>\n<p class=\" wall-content\">Quant \u00e0 Jessy Matador, il termine 12e sur 25. \u00ab\u2009J\u2019\u00e9tais d\u00e9go\u00fbt\u00e9, je n\u2019aime pas perdre.\u2009\u00bb<\/p>\n<p class=\" wall-content\">\u00ab\u2009Triste\u2009\u00bb, \u00ab\u2009d\u00e9go\u00fbt\u00e9\u2009\u00bb, l\u2019annonce des r\u00e9sultats laisse, sur le coup,<strong> un go\u00fbt amer<\/strong> \u00e0 nos artistes. Avant de rebondir.<\/p>\n<p>Acceptation (et capitalisation)<\/p>\n<p class=\" wall-content\">Car pour aucun d\u2019entre eux, le r\u00e9sultat \u00e0 l\u2019Eurovision n\u2019a \u00e9t\u00e9 une fin en soi. Bien au contraire.<\/p>\n<blockquote class=\"ac-article-quote wall-content\">\n<p>Quand on rentre, on a des dizaines de concerts programm\u00e9s, notre deuxi\u00e8me album sort, se vend bien. On arrive \u00e0 augmenter nos cachets, on est loin d&rsquo;\u00eatre des losers.<\/p>\n<p>    <strong>Laurent Honel<\/strong><br \/>\n        Guitariste des Fatal Picards, repr\u00e9sentants pour l&rsquo;Eurovision 2007    <\/p><\/blockquote>\n<p class=\" wall-content\">Et aujourd\u2019hui encore, le groupe joue l\u2019Amour \u00e0 la fran\u00e7aise sur sc\u00e8ne. \u00ab\u2009Ce n\u2019est pas un tube, mais beaucoup s\u2019en rappellent en France.\u2009\u00bb<\/p>\n<p class=\" wall-content\">Jessy Matador lui aussi sort son album, et son Allez Ola Ol\u00e9 est le<strong> son de l\u2019\u00e9t\u00e9 2010<\/strong>.<\/p>\n<p class=\" wall-content\">\n<p class=\" wall-content\">\u00ab\u2009On est<strong> num\u00e9ro\u00a01 dans 40 pays<\/strong>, je fais le tour du monde. L\u2019Eurovision permet une visibilit\u00e9 incroyable, c\u2019est que du bon\u2009\u00bb, analyse celui qui continue \u00e0 \u00eatre investi dans le concours, notamment en participant au pre-parties, ces concerts organis\u00e9s avec des participants actuels et anciens, en amont de la finale.<\/p>\n<p class=\" wall-content\">Madame Monsieur ne tourne pas non plus le dos \u00e0 Eurovision France, puisque d\u00e8s l\u2019ann\u00e9e suivante, ils participent \u00e0 l\u2019\u00e9criture de Roi, la chanson de <strong>Bilal Hassani<\/strong> (16e sur 26 au classement).<\/p>\n<p class=\" wall-content\">\n<p class=\" wall-content\">Le duo continue sa carri\u00e8re, avec notamment la sortie de son dernier single Cin\u00e9ma fin mars\u00a02025, mais surtout, la chanson Mercy est devenue <strong>un classique de la playlist des Eurofans<\/strong>.<\/p>\n<blockquote class=\"ac-article-quote wall-content\">\n<p>\u00c7a nous a compl\u00e8tement d\u00e9pass\u00e9s et c&rsquo;est notre plus grande fiert\u00e9. Aujourd&rsquo;hui Mercy est \u00e9tudi\u00e9e dans les \u00e9coles en France et \u00e0 l&rsquo;\u00e9tranger. Nous sommes m\u00eame intervenus dans le cours d&rsquo;un professeur d&rsquo;histoire-g\u00e9ographie dans un coll\u00e8ge \u00e0 c\u00f4t\u00e9 de chez nous.<\/p>\n<p>    <strong>Emilie Satt<\/strong><br \/>\n        Membre du duo Madame Monsieur, repr\u00e9sentant \u00e0 l&rsquo;Eurovision 2018    <\/p><\/blockquote>\n<p class=\" wall-content\">Alors Louane peut se rassurer\u2009: qu\u2019importe le r\u00e9sultat, il y a<strong> toujours du bon \u00e0 tirer<\/strong> de cette exp\u00e9rience. La repr\u00e9sentante du cru 2025 l\u2019a d\u2019ailleurs bien compris en <a href=\"https:\/\/www.instagram.com\/reel\/DIQw35vAbJC\/?utm_source=ig_web_copy_link&amp;igsh=MzRlODBiNWFlZA==\" target=\"_blank\" rel=\"noopener\">annon\u00e7ant la sortie de son premier best-of<\/a> qui sera disponible \u00e0 la vente le 9\u00a0mai, soit une semaine avant la finale de l\u2019Eurovision.<\/p>\n<p class=\" wall-content\">Suivez toute l\u2019actualit\u00e9 de vos villes et m\u00e9dias favoris en vous inscrivant \u00e0 <a href=\"https:\/\/moncompte.actu.fr\" title=\"D\u00e9couvez Mon Actu\" rel=\"nofollow noopener\" data-trk=\"{&quot;cta&quot;:{&quot;action&quot;:&quot;https:\\\/\\\/moncompte.actu.fr&quot;,&quot;category&quot;:&quot;mon compte&quot;,&quot;from&quot;:&quot;article footer&quot;,&quot;name&quot;:&quot;Mon actu&quot;,&quot;type&quot;:&quot;cta&quot;}}\" target=\"_blank\">Mon Actu<\/a>.<\/p>\n<ul class=\"ac-article-tag wall-content\">\n<li><a href=\"https:\/\/actu.fr\/tag\/concours-eurovision\" data-trk=\"{&quot;cta&quot;:{&quot;action&quot;:&quot;Concours Eurovision&quot;,&quot;category&quot;:&quot;tag&quot;,&quot;from&quot;:&quot;article footer&quot;,&quot;name&quot;:&quot;Concours Eurovision&quot;,&quot;type&quot;:&quot;cta&quot;}}\" target=\"_blank\" rel=\"noopener\">#Concours Eurovision<\/a><\/li>\n<li><a href=\"https:\/\/actu.fr\/tag\/temoignage\" data-trk=\"{&quot;cta&quot;:{&quot;action&quot;:&quot;T\\u00e9moignage&quot;,&quot;category&quot;:&quot;tag&quot;,&quot;from&quot;:&quot;article footer&quot;,&quot;name&quot;:&quot;T\\u00e9moignage&quot;,&quot;type&quot;:&quot;cta&quot;}}\" target=\"_blank\" rel=\"noopener\">#T\u00e9moignage<\/a><\/li>\n<\/ul>\n<p>                    <script async src=\"\/\/www.instagram.com\/embed.js\"><\/script><\/p>\n","protected":false},"excerpt":{"rendered":"Par Anne-Laure Petit-H\u00e9non Publi\u00e9 le 3 mai 2025 \u00e0 18h55 \u00ab\u2009C\u2019est un gros risque dans ma carri\u00e8re.\u2009\u00bb Mardi&hellip;\n","protected":false},"author":2,"featured_media":73002,"comment_status":"","ping_status":"","sticky":false,"template":"","format":"standard","meta":{"footnotes":""},"categories":[8],"tags":[17666,58,59,1011,27,1652,240],"class_list":{"0":"post-73001","1":"post","2":"type-post","3":"status-publish","4":"format-standard","5":"has-post-thumbnail","7":"category-divertissement","8":"tag-concours-eurovision","9":"tag-divertissement","10":"tag-entertainment","11":"tag-fr","12":"tag-france","13":"tag-loisirs-culture","14":"tag-temoignage"},"share_on_mastodon":{"url":"https:\/\/pubeurope.com\/@fr\/114446649549743356","error":""},"_links":{"self":[{"href":"https:\/\/www.europesays.com\/fr\/wp-json\/wp\/v2\/posts\/73001","targetHints":{"allow":["GET"]}}],"collection":[{"href":"https:\/\/www.europesays.com\/fr\/wp-json\/wp\/v2\/posts"}],"about":[{"href":"https:\/\/www.europesays.com\/fr\/wp-json\/wp\/v2\/types\/post"}],"author":[{"embeddable":true,"href":"https:\/\/www.europesays.com\/fr\/wp-json\/wp\/v2\/users\/2"}],"replies":[{"embeddable":true,"href":"https:\/\/www.europesays.com\/fr\/wp-json\/wp\/v2\/comments?post=73001"}],"version-history":[{"count":0,"href":"https:\/\/www.europesays.com\/fr\/wp-json\/wp\/v2\/posts\/73001\/revisions"}],"wp:featuredmedia":[{"embeddable":true,"href":"https:\/\/www.europesays.com\/fr\/wp-json\/wp\/v2\/media\/73002"}],"wp:attachment":[{"href":"https:\/\/www.europesays.com\/fr\/wp-json\/wp\/v2\/media?parent=73001"}],"wp:term":[{"taxonomy":"category","embeddable":true,"href":"https:\/\/www.europesays.com\/fr\/wp-json\/wp\/v2\/categories?post=73001"},{"taxonomy":"post_tag","embeddable":true,"href":"https:\/\/www.europesays.com\/fr\/wp-json\/wp\/v2\/tags?post=73001"}],"curies":[{"name":"wp","href":"https:\/\/api.w.org\/{rel}","templated":true}]}}