{"id":730041,"date":"2026-02-12T19:21:43","date_gmt":"2026-02-12T19:21:43","guid":{"rendered":"https:\/\/www.europesays.com\/fr\/730041\/"},"modified":"2026-02-12T19:21:43","modified_gmt":"2026-02-12T19:21:43","slug":"la-mobilisation-doit-etre-forte","status":"publish","type":"post","link":"https:\/\/www.europesays.com\/fr\/730041\/","title":{"rendered":"\u00ab\u00a0La mobilisation doit \u00eatre forte\u00a0\u00bb"},"content":{"rendered":"<p>Apr\u00e8s la publication <a href=\"https:\/\/www.ledauphine.com\/elections\/2026\/02\/04\/notre-sondage-a-grenoble-laurence-ruffin-et-alain-carignon-vers-un-match-a-deux\" target=\"_blank\" rel=\"nofollow noopener\">du sondage r\u00e9alis\u00e9 pour Ipsos pour Ebra groupe\/Le Dauphin\u00e9 Lib\u00e9r\u00e9<\/a> sur les intentions de vote \u00e0 Grenoble, Horizons Grenoble &#8211; dont le candidat Herv\u00e9 Gerbi est cr\u00e9dit\u00e9 de 5\u00a0% des voix &#8211;\u00a0en appelle \u00e0 \u00ab\u00a0ceux qui ont le sentiment de ne plus \u00eatre entendus. \u00c0 celles et ceux pour qui le vote a, avec le temps, perdu de son sens. [\u2026] Pour que le choix des Grenoblois soit clair et sans appel, la mobilisation doit \u00eatre forte. [\u2026] Cette mobilisation est d\u2019autant plus importante que le vote municipal ne concerne pas uniquement la mairie de Grenoble. En votant, les Grenoblois \u00e9liront \u00e9galement des repr\u00e9sentants \u00e0 la M\u00e9tropole pour les six prochaines ann\u00e9es. Les d\u00e9cisions prises \u00e0 ce niveau auront un impact direct sur le logement, les mobilit\u00e9s, l\u2019\u00e9conomie locale, l\u2019environnement et l\u2019am\u00e9nagement du territoire\u00a0\u00bb.<\/p>\n","protected":false},"excerpt":{"rendered":"Apr\u00e8s la publication du sondage r\u00e9alis\u00e9 pour Ipsos pour Ebra groupe\/Le Dauphin\u00e9 Lib\u00e9r\u00e9 sur les intentions de vote&hellip;\n","protected":false},"author":2,"featured_media":730042,"comment_status":"","ping_status":"","sticky":false,"template":"","format":"standard","meta":{"footnotes":"","_share_on_mastodon":"0"},"categories":[9566],"tags":[1111,11,2430,112,4188,1777,674,1011,27,2731,2732,12,316,25],"class_list":["post-730041","post","type-post","status-publish","format-standard","has-post-thumbnail","category-grenoble","tag-actu","tag-actualites","tag-auvergne-rhone-alpes","tag-edition-grenoble-agglomeration","tag-elections-municipales","tag-eu","tag-europe","tag-fr","tag-france","tag-grenoble","tag-grenoble-bassin","tag-news","tag-politique","tag-republique-francaise"],"share_on_mastodon":{"url":"https:\/\/pubeurope.com\/@fr\/116059287462543149","error":""},"_links":{"self":[{"href":"https:\/\/www.europesays.com\/fr\/wp-json\/wp\/v2\/posts\/730041","targetHints":{"allow":["GET"]}}],"collection":[{"href":"https:\/\/www.europesays.com\/fr\/wp-json\/wp\/v2\/posts"}],"about":[{"href":"https:\/\/www.europesays.com\/fr\/wp-json\/wp\/v2\/types\/post"}],"author":[{"embeddable":true,"href":"https:\/\/www.europesays.com\/fr\/wp-json\/wp\/v2\/users\/2"}],"replies":[{"embeddable":true,"href":"https:\/\/www.europesays.com\/fr\/wp-json\/wp\/v2\/comments?post=730041"}],"version-history":[{"count":0,"href":"https:\/\/www.europesays.com\/fr\/wp-json\/wp\/v2\/posts\/730041\/revisions"}],"wp:featuredmedia":[{"embeddable":true,"href":"https:\/\/www.europesays.com\/fr\/wp-json\/wp\/v2\/media\/730042"}],"wp:attachment":[{"href":"https:\/\/www.europesays.com\/fr\/wp-json\/wp\/v2\/media?parent=730041"}],"wp:term":[{"taxonomy":"category","embeddable":true,"href":"https:\/\/www.europesays.com\/fr\/wp-json\/wp\/v2\/categories?post=730041"},{"taxonomy":"post_tag","embeddable":true,"href":"https:\/\/www.europesays.com\/fr\/wp-json\/wp\/v2\/tags?post=730041"}],"curies":[{"name":"wp","href":"https:\/\/api.w.org\/{rel}","templated":true}]}}