{"id":730043,"date":"2026-02-12T19:22:12","date_gmt":"2026-02-12T19:22:12","guid":{"rendered":"https:\/\/www.europesays.com\/fr\/730043\/"},"modified":"2026-02-12T19:22:12","modified_gmt":"2026-02-12T19:22:12","slug":"violences-conjugales-deux-policiers-blesses-au-cours-dune-intervention","status":"publish","type":"post","link":"https:\/\/www.europesays.com\/fr\/730043\/","title":{"rendered":"violences conjugales : deux policiers bless\u00e9s au cours d&rsquo;une intervention"},"content":{"rendered":"<p style=\"text-align: justify;\" data-start=\"206\" data-end=\"488\">Le 11 f\u00e9vrier 2025, \u00e0 Rennes, les policiers interviennent \u00e0 la demande d\u2019une femme qui souhaite r\u00e9int\u00e9grer son logement, craignant la pr\u00e9sence de son ex-conjoint. Alors qu\u2019ils s\u00e9curisent les lieux, l\u2019homme se pr\u00e9sente sur place. Refusant de quitter l\u2019endroit malgr\u00e9 les injonctions des forces de l\u2019ordre, l\u2019individu se rebelle violemment au moment de son interpellation. Il prof\u00e8re des menaces de mort \u00e0 l\u2019encontre des policiers ainsi que de son ex-compagne. Dans le m\u00eame temps, il tente de s\u2019emparer de l\u2019arme de service d\u2019un fonctionnaire et blesse deux policiers. L\u2019un des fonctionnaires pr\u00e9sente une griffure au visage, l\u2019autre re\u00e7oitun coup \u00e0 la tempe.\u00a0Dans un communiqu\u00e9 sur <a href=\"https:\/\/x.com\/AlliancePN35\/status\/2021955648968384561\" rel=\"nofollow\">X<\/a>, Alliance Police Nationale 35 apporte son soutien aux forces de l\u2019ordre bless\u00e9es et d\u00e9nonce des faits particuli\u00e8rement graves. \u00ab Une nouvelle fois, nos coll\u00e8gues ont \u00e9t\u00e9 pris pour cibles dans l\u2019exercice de leurs missions. Les violences commises, la tentative de s\u2019emparer d\u2019une arme de service et les menaces de mort constituent des faits d\u2019une extr\u00eame gravit\u00e9 \u00bb, d\u00e9clare le syndicat. L\u2019organisation syndicale condamne \u00ab fermement ces violences inacceptables contre des policiers \u00bb. \u00abNous r\u00e9clamons des sanctions p\u00e9nales rapides et exemplaires \u00e0 l\u2019encontre des auteurs de tels actes \u00bb, ajoute Alliance Police Nationale 35. Une enqu\u00eate est en cours afin de d\u00e9terminer pr\u00e9cis\u00e9ment les circonstances des faits.<\/p>\n","protected":false},"excerpt":{"rendered":"Le 11 f\u00e9vrier 2025, \u00e0 Rennes, les policiers interviennent \u00e0 la demande d\u2019une femme qui souhaite r\u00e9int\u00e9grer son&hellip;\n","protected":false},"author":2,"featured_media":97878,"comment_status":"","ping_status":"","sticky":false,"template":"","format":"standard","meta":{"footnotes":"","_share_on_mastodon":"0"},"categories":[2821],"tags":[1111,11,829,1777,674,1011,27,12,584,25],"class_list":["post-730043","post","type-post","status-publish","format-standard","has-post-thumbnail","category-rennes","tag-actu","tag-actualites","tag-bretagne","tag-eu","tag-europe","tag-fr","tag-france","tag-news","tag-rennes","tag-republique-francaise"],"share_on_mastodon":{"url":"https:\/\/pubeurope.com\/@fr\/116059291385742509","error":""},"_links":{"self":[{"href":"https:\/\/www.europesays.com\/fr\/wp-json\/wp\/v2\/posts\/730043","targetHints":{"allow":["GET"]}}],"collection":[{"href":"https:\/\/www.europesays.com\/fr\/wp-json\/wp\/v2\/posts"}],"about":[{"href":"https:\/\/www.europesays.com\/fr\/wp-json\/wp\/v2\/types\/post"}],"author":[{"embeddable":true,"href":"https:\/\/www.europesays.com\/fr\/wp-json\/wp\/v2\/users\/2"}],"replies":[{"embeddable":true,"href":"https:\/\/www.europesays.com\/fr\/wp-json\/wp\/v2\/comments?post=730043"}],"version-history":[{"count":0,"href":"https:\/\/www.europesays.com\/fr\/wp-json\/wp\/v2\/posts\/730043\/revisions"}],"wp:featuredmedia":[{"embeddable":true,"href":"https:\/\/www.europesays.com\/fr\/wp-json\/wp\/v2\/media\/97878"}],"wp:attachment":[{"href":"https:\/\/www.europesays.com\/fr\/wp-json\/wp\/v2\/media?parent=730043"}],"wp:term":[{"taxonomy":"category","embeddable":true,"href":"https:\/\/www.europesays.com\/fr\/wp-json\/wp\/v2\/categories?post=730043"},{"taxonomy":"post_tag","embeddable":true,"href":"https:\/\/www.europesays.com\/fr\/wp-json\/wp\/v2\/tags?post=730043"}],"curies":[{"name":"wp","href":"https:\/\/api.w.org\/{rel}","templated":true}]}}