{"id":730044,"date":"2026-02-12T19:23:20","date_gmt":"2026-02-12T19:23:20","guid":{"rendered":"https:\/\/www.europesays.com\/fr\/730044\/"},"modified":"2026-02-12T19:23:20","modified_gmt":"2026-02-12T19:23:20","slug":"vivre-rennes-la-liste-de-charles-compagnon-pour-une-alternance-claire-en-2026","status":"publish","type":"post","link":"https:\/\/www.europesays.com\/fr\/730044\/","title":{"rendered":"\u00ab\u00a0Vivre Rennes\u00a0\u00bb\u00a0: la liste de Charles Compagnon pour une \u00ab\u00a0alternance claire\u00a0\u00bb en 2026"},"content":{"rendered":"<p>Pour Carole Gandon, le constat est sans appel : la majorit\u00e9 actuelle fonctionnerait en vase clos. \u00ab Sa coalition d\u2019appareil rate sa cible. Il n\u2019y a aucune ouverture \u00e0 la soci\u00e9t\u00e9 civile \u00bb, a-t-elle cingl\u00e9 d\u00e8s l\u2019ouverture. Selon elle, cet \u00ab entre-soi politique \u00bb se serait accentu\u00e9 au fil des douze ann\u00e9es de mandat. Et de pointer une union de la gauche jug\u00e9e d\u00e9faillante face \u00e0 la multiplication des listes concurrentes sur ce m\u00eame cr\u00e9neau.<\/p>\n<p>Charles Compagnon, de son c\u00f4t\u00e9, a fustig\u00e9 une gouvernance \u00ab d\u00e9connect\u00e9e \u00bb o\u00f9 les d\u00e9cisions tombent \u00ab d\u2019en haut \u00bb, sans r\u00e9elle concertation avec les habitants. Son ambition : proposer une \u00ab alternance claire, responsable et pr\u00e9par\u00e9e \u00bb. Son levier : une \u00e9quipe de 63 noms, \u00e2g\u00e9s de 19 \u00e0 78 ans.<\/p>\n<p>Loin des \u00ab professionnels de la politique hors-sol \u00bb, le bin\u00f4me revendique une liste repr\u00e9sentative de la r\u00e9alit\u00e9 rennaise. Commer\u00e7ants, m\u00e9decins, artisans, \u00e9tudiants ou chefs d\u2019entreprise se c\u00f4toient avec un objectif affich\u00e9 : incarner tous les quartiers de la ville, du Blosne \u00e0 Villejean, en passant par Maurepas et le centre-ville. Pour les deux candidats, ces colistiers ne font pas de la politique de carri\u00e8re : ils \u00ab vivent Rennes \u00bb au quotidien.<\/p>\n<p>1 Un noyau dur de sortants qui rempilent<\/p>\n<p>Pour mener la bataille, Charles Compagnon s\u2019appuie sur ses fid\u00e8les lieutenants.<\/p>\n<p>Sans surprise, on retrouve en deuxi\u00e8me position Carole Gandon, sa partenaire dans l\u2019opposition depuis six ans. Entre eux, les choses sont claires. Si leur liste remporte les \u00e9lections, Charles Compagnon sera maire de Rennes \u00e0 100 %. Carole Gandon : pr\u00e9sidente de la m\u00e9tropole.<\/p>\n<p>Plus globalement, neuf colistiers de Vivre Rennes ont d\u00e9j\u00e0 exerc\u00e9 au moins un mandat. C\u2019est notamment le grand retour en 4e position d\u2019Am\u00e9lie Dhalluin (46 ans), m\u00e9decin hospitalier-p\u00e9diatre, et \u00e0 la 13e place de Gurval Guiguen (37 ans), auditeur financier. D\u2019autres actuels conseilles municipaux figurent en bonne place : Nicolas Boucher (5e), Henri-No\u00ebl Ruiz (7e) et Antoine Cressard (9e). Figure historique de la droite rennaise, Lo\u00efck Le Brun ne figure cependant qu\u2019\u00e0 la 19e position. Pour Charles Compagnon, ces \u00ab \u00e9lus d\u2019exp\u00e9rience \u00bb sont gages de \u00ab comp\u00e9tence \u00bb, de \u00ab s\u00e9rieux \u00bb et de \u00ab coh\u00e9rence \u00bb.<\/p>\n<p>2 L\u2019offensive par la soci\u00e9t\u00e9 civile et l\u2019entreprise<\/p>\n<p>C\u2019est la marque de fabrique de cette liste : une tr\u00e8s forte repr\u00e9sentation du secteur priv\u00e9 et des professions lib\u00e9rales. Charles Compagnon, lui-m\u00eame entrepreneur, a recrut\u00e9 massivement dans le tissu \u00e9conomique local. Belle prise en la personne de Stanislas Hintzy, figurant \u00e0 la 31e place, et ancien directeur du Poool jusqu\u2019en 2019. Autre belle prise, Jo\u00eblle Le Gall, qui \u00e9tait soutien des R\u00e9publicains et de Thomas Rousseau, avant de rompre avec lui pendant <a href=\"https:\/\/www.letelegramme.fr\/ille-et-vilaine\/rennes-35000\/municipales-2026-a-rennes-entre-risques-juridiques-et-desaccords-politiques-les-vraies-raisons-du-divorce-entre-la-droite-et-le-centre-6950835.php\" target=\"_blank\" rel=\"nofollow noopener\">le psychodrame de la d\u00e9sunion<\/a>\u2026 \u00c0 la 10e place sur la liste, elle a de bonnes chances d\u2019entrer au conseil municipal.<\/p>\n<p>3. Un pari sur la jeunesse<\/p>\n<p>Si la moyenne d\u2019\u00e2ge de la liste avoisine les 50 ans, Charles Compagnon et Carole Gandon ont choisi d\u2019int\u00e9grer plusieurs profils tr\u00e8s jeunes, souvent aux places de soutien. Le benjamin de l\u2019\u00e9quipe, Arnaud Marnay, 19 ans, est \u00e9tudiant en sciences politiques. Il pointe \u00e0 la 53e place. Il est accompagn\u00e9 de plusieurs autres \u00e9tudiants, comme Iwan Nouveli\u00e8re (20 ans) ou Elsa Janvier (21 ans). Une mani\u00e8re de r\u00e9pondre aux nombreux enjeux de la jeunesse rennaise.<\/p>\n<p>4 Des expertises th\u00e9matiques cibl\u00e9es<\/p>\n<p>Pour cr\u00e9dibiliser son programme, la liste int\u00e8gre des \u00ab techniciens \u00bb sur des sujets de tension \u00e0 Rennes. Pour l\u2019urbanisme et le logement, \u00ab Vivre Rennes \u00bb pourra compter de nouveau sur Henri-No\u00ebl Ruiz (ing\u00e9nieur urbaniste et ancien directeur de l\u2019Audiar) et Thierry Roty (architecte). Pour les questions de sant\u00e9, l\u2019\u00e9quipe s\u2019appuiera sur Am\u00e9lie Dhalluin (4e), le dentiste Jean-Fran\u00e7ois Lebosse (51e) ou encore l\u2018endocrinologue Perrine Pichon (44e). S\u00e9curit\u00e9 et droit : pr\u00e9sence marqu\u00e9e de juristes et d\u2019avocats, dont B\u00e9n\u00e9dicte Gosselin, avocate en droit p\u00e9nal (18e). Pour le commerce : Marie Beucher et pour l\u2019innovation num\u00e9rique : Stanislas Hintzy.<\/p>\n<p>Voici la liste \u00e9lectorale \u00ab Vivre Rennes avec Charles Compagnon \u00bb pour les municipales de 2026, class\u00e9e par ordre de position :<\/p>\n<p>1. Charles Compagnon (52 ans) \u2013 Entrepreneur<\/p>\n<p>2. Carole Gandon (42 ans) \u2013 Directrice relations institutionnelles<\/p>\n<p>3. Jelle Lemaitre (43 ans) \u2013 Enseignant-chercheur-directeur des \u00e9tudes<\/p>\n<p>4. Am\u00e9lie Dhalluin (46 ans) \u2013 M\u00e9decin hospitalier-p\u00e9diatre<\/p>\n<p>5. Nicolas Boucher (43 ans) \u2013 Auxiliaire de vie<\/p>\n<p>6. Brigitte Compain (70 ans) \u2013 Retrait\u00e9e d\u00e9coratrice-\u00e9talagiste<\/p>\n<p>7. Henri-No\u00ebl Ruiz (72 ans) \u2013 Ing\u00e9nieur urbaniste<\/p>\n<p>8. Emmanuelle Fraslin (60 ans) \u2013 Ressource humaine<\/p>\n<p>9. Antoine Cressard (60 ans) \u2013 Professeur d\u2019histoire-g\u00e9ographie<\/p>\n<p>10. Jo\u00eblle Le Gall (78 ans) \u2013 Retrait\u00e9e du priv\u00e9<\/p>\n<p>11. Didier Benoist (66 ans) \u2013 Retrait\u00e9<\/p>\n<p>12. Marie Desse (41 ans) \u2013 Juriste<\/p>\n<p>13. Gurval Guiguen (37 ans) \u2013 Auditeur financier<\/p>\n<p>14. Eug\u00e9nie Marie (56 ans) \u2013 Artiste plasticienne<\/p>\n<p>15. Aur\u00e9lien Cara (42 ans) \u2013 Juriste en administration<\/p>\n<p>16. St\u00e9phanie Lepoittevin (58 ans) \u2013 Consultante dans le m\u00e9dical<\/p>\n<p>17. Victor Roulet (36 ans) \u2013 Responsable d\u2019activit\u00e9 relations entreprises<\/p>\n<p>18. B\u00e9n\u00e9dicte Gosselin (66 ans) \u2013 Avocate en droit p\u00e9nal<\/p>\n<p>19. Lo\u00efck Le Brun (61 ans) \u2013 Cadre du priv\u00e9 (immobilier)<\/p>\n<p>20. Dominique Lebreton (61 ans) \u2013 Responsable commerciale<\/p>\n<p>21. Antonin Bouchez (35 ans) \u2013 Cadre de la fonction publique territoriale<\/p>\n<p>22. Sylvie Ngoko (41 ans) \u2013 Assistante administrative<\/p>\n<p>23. Mah\u00e9 Gargam (48 ans) \u2013 Cadre de la fonction publique d\u2019\u00c9tat<\/p>\n<p>24. Chlo\u00e9 Chataigner (36 ans) \u2013 Responsable de magasin pr\u00eat \u00e0 porter<\/p>\n<p>25. Jean-Damien Delacour (50 ans) \u2013 Consultant<\/p>\n<p>26. Charlotte Gautier-Sauvagnac (47 ans) \u2013 Assistante RH<\/p>\n<p>27. Damien Lebeltel (38 ans) \u2013 Ing\u00e9nieur<\/p>\n<p>28. Marie Beucher (46 ans) \u2013 Commer\u00e7ante<\/p>\n<p>29. Guillaume Defer (25 ans) \u2013 Cadre de la fonction publique d\u2019\u00c9tat<\/p>\n<p>30. Florence Lahaye (59 ans) \u2013 Directrice communication<\/p>\n<p>31. Stanislas Hintzy (62 ans) \u2013 Dirigeant d\u2019entreprise<\/p>\n<p>32. Pascale Vautier (62 ans) \u2013 Agent immobilier<\/p>\n<p>33. Thierry Sala\u00fcn (57 ans) \u2013 Directeur technique<\/p>\n<p>34. Anne De Vasselot (71 ans) \u2013 Retrait\u00e9e<\/p>\n<p>35. Yann Doan-Perrigault (52 ans) \u2013 Infirmier<\/p>\n<p>36. Alexandra Masson (22 ans) \u2013 \u00c9tudiante<\/p>\n<p>37. Christian Hardy (57 ans) \u2013 Gestionnaire immobilier<\/p>\n<p>38. Ravy Sea (42 ans) \u2013 Responsable de magasin<\/p>\n<p>39. Nathana\u00ebl Schmidt (22 ans) \u2013 \u00c9tudiant-master service public<\/p>\n<p>40. Annie Charbonnel (71 ans) \u2013 Retrait\u00e9e<\/p>\n<p>41. Zak Bardhadi (57 ans) \u2013 Technicien r\u00e9gisseur<\/p>\n<p>42. Elsa Janvier (21 ans) \u2013 \u00c9tudiante<\/p>\n<p>43. Jean-Pierre Panhaleux (72 ans) \u2013 Ma\u00eetre-artisan<\/p>\n<p>44. Perrine Pichon (50 ans) \u2013 M\u00e9decin endocrinologue<\/p>\n<p>45. Thierry Roty (66 ans) \u2013 Architecte et urbaniste<\/p>\n<p>46. Sylvie Siorat (62 ans) \u2013 Consultante et formatrice d\u00e9veloppement durable<\/p>\n<p>47. Denis Bridel (71 ans) \u2013 Retrait\u00e9 de la fonction publique territoriale<\/p>\n<p>48. Aude Bouvet (44 ans) \u2013 Expert comptable<\/p>\n<p>49. Victor Vaysse (31 ans) \u2013 Gestionnaire de patrimoine<\/p>\n<p>50. Isabelle Aubaud (55 ans) \u2013 Assistante de direction<\/p>\n<p>51. Jean-Fran\u00e7ois Lebosse (59 ans) \u2013 Chirurgien dentiste<\/p>\n<p>52. Marie-Anne Bilheu (53 ans) \u2013 Cadre du priv\u00e9<\/p>\n<p>53. Arnaud Marnay (19 ans) \u2013 \u00c9tudiant ing\u00e9nieur et sciences politiques<\/p>\n<p>54. Lou Boudinot (22 ans) \u2013 Jeune dipl\u00f4m\u00e9e<\/p>\n<p>55. Guillaume Thomas (52 ans) \u2013 Dirigeant d\u2019entreprise<\/p>\n<p>56. Rolande Alm\u00e9la (77 ans) \u2013 Infirmi\u00e8re retrait\u00e9e<\/p>\n<p>57. Zacharie Madre (21 ans) \u2013 \u00c9tudiant en droit<\/p>\n<p>58. St\u00e9phanie Benmerah (45 ans) \u2013 M\u00e8re au foyer<\/p>\n<p>59. C\u00e9dric Buatois (47 ans) \u2013 Cadre du priv\u00e9<\/p>\n<p>60. Naima Bihan (52 ans) \u2013 Artisan couturi\u00e8re<\/p>\n<p>61. Iwan Nouveli\u00e8re (20 ans) \u2013 \u00c9tudiant en urbanisme<\/p>\n<p>62. Marie-Sophie Pigeon (58 ans) \u2013 Antiquaire<\/p>\n","protected":false},"excerpt":{"rendered":"Pour Carole Gandon, le constat est sans appel : la majorit\u00e9 actuelle fonctionnerait en vase clos. \u00ab Sa&hellip;\n","protected":false},"author":2,"featured_media":730045,"comment_status":"","ping_status":"","sticky":false,"template":"","format":"standard","meta":{"footnotes":"","_share_on_mastodon":"0"},"categories":[2821],"tags":[1111,11,829,2761,1777,674,1011,27,848,26053,75608,12,316,3364,584,25],"class_list":["post-730044","post","type-post","status-publish","format-standard","has-post-thumbnail","category-rennes","tag-actu","tag-actualites","tag-bretagne","tag-elections-municipales-2026","tag-eu","tag-europe","tag-fr","tag-france","tag-ille-et-vilaine","tag-municipales-2026-a-rennes","tag-municipales-rennes","tag-news","tag-politique","tag-politique-a-rennes","tag-rennes","tag-republique-francaise"],"share_on_mastodon":{"url":"https:\/\/pubeurope.com\/@fr\/116059295242654161","error":""},"_links":{"self":[{"href":"https:\/\/www.europesays.com\/fr\/wp-json\/wp\/v2\/posts\/730044","targetHints":{"allow":["GET"]}}],"collection":[{"href":"https:\/\/www.europesays.com\/fr\/wp-json\/wp\/v2\/posts"}],"about":[{"href":"https:\/\/www.europesays.com\/fr\/wp-json\/wp\/v2\/types\/post"}],"author":[{"embeddable":true,"href":"https:\/\/www.europesays.com\/fr\/wp-json\/wp\/v2\/users\/2"}],"replies":[{"embeddable":true,"href":"https:\/\/www.europesays.com\/fr\/wp-json\/wp\/v2\/comments?post=730044"}],"version-history":[{"count":0,"href":"https:\/\/www.europesays.com\/fr\/wp-json\/wp\/v2\/posts\/730044\/revisions"}],"wp:featuredmedia":[{"embeddable":true,"href":"https:\/\/www.europesays.com\/fr\/wp-json\/wp\/v2\/media\/730045"}],"wp:attachment":[{"href":"https:\/\/www.europesays.com\/fr\/wp-json\/wp\/v2\/media?parent=730044"}],"wp:term":[{"taxonomy":"category","embeddable":true,"href":"https:\/\/www.europesays.com\/fr\/wp-json\/wp\/v2\/categories?post=730044"},{"taxonomy":"post_tag","embeddable":true,"href":"https:\/\/www.europesays.com\/fr\/wp-json\/wp\/v2\/tags?post=730044"}],"curies":[{"name":"wp","href":"https:\/\/api.w.org\/{rel}","templated":true}]}}