{"id":730052,"date":"2026-02-12T19:27:14","date_gmt":"2026-02-12T19:27:14","guid":{"rendered":"https:\/\/www.europesays.com\/fr\/730052\/"},"modified":"2026-02-12T19:27:14","modified_gmt":"2026-02-12T19:27:14","slug":"on-vous-raconte-les-dessous-du-ralliement-de-jean-marc-governatori-a-eric-ciotti","status":"publish","type":"post","link":"https:\/\/www.europesays.com\/fr\/730052\/","title":{"rendered":"on vous raconte les dessous du ralliement de Jean-Marc Governatori \u00e0 \u00c9ric Ciotti"},"content":{"rendered":"<p class=\"fs-5 \">Une histoire de victoire. Qu\u2019importe l\u2019\u00e9tiquette, l\u2019\u00e9cologiste Jean-Marc Governatori a rejoint, lundi, la liste d\u2019\u00c9ric Ciotti dans la course aux municipales de Nice des 15 et 22 mars.<\/p>\n<p>        <img src=\"https:\/\/www.europesays.com\/fr\/wp-content\/uploads\/2026\/02\/d6ebc2a_upload-from-url-1-3shsvy1wcdes-data-art-17137894.jpg\"   loading=\"lazy\" decoding=\"async\" alt=\"Ma\u00eetre Philippe Soussi \u00e9tait adjoint de Christian Estrosi depuis 2008. \" class=\"img-fluid position-absolute w-100 object-fit-cover rounded-2\" width=\"600\" height=\"400\"\/><\/p>\n<p class=\"fs-5 \">Une d\u00e9cision r\u00e9fl\u00e9chie pour le d\u00e9sormais colistier, qui dit avoir \u00e9chang\u00e9 avec d\u2019autres candidats pour envisager un accord politique.<\/p>\n<p class=\"fs-5 \">Ce que Juliette Chesnel-Le Roux et Christian Estrosi pr\u00e9f\u00e8rent nuancer.<\/p>\n<p class=\"fs-5 \"><a href=\"https:\/\/www.nicematin.com\/societe\/politique\/municipales-2026\/municipales-a-nice-l-accord-inedit-entre-jean-marc-governatori-et-eric-ciotti-10668453\" rel=\"nofollow noopener\" target=\"_blank\">Lors de l\u2019annonce de son ralliement \u00e0 \u00c9ric Ciotti<\/a>, Jean-Marc Governatori a annonc\u00e9 avoir privil\u00e9gi\u00e9 le candidat de l\u2019Union des droites pour la R\u00e9publique (UDR), alors que d\u2019autres candidats l\u2019auraient courtis\u00e9.<\/p>\n<p class=\"fs-5 \">Christian Estrosi lui aurait m\u00eame propos\u00e9 une place sur sa liste et la d\u00e9l\u00e9gation \u00e0 l\u2019Alimentation territoriale.<\/p>\n<p>    \u00ab Il \u00e9tait s\u00fbr de ne pas d\u00e9passer les 5 % \u00bb<\/p>\n<p class=\"fs-5 \">Selon l\u2019entourage du maire, c\u2019est Jean-Marc Governatori qui aurait pris contact avec Christian Estrosi via un \u00ab tr\u00e8s long SMS \u00bb pour trouver un accord politique. L\u2019\u00e9dile aurait propos\u00e9 un rendez-vous au candidat \u00e9cologiste pour en discuter.<\/p>\n<p class=\"fs-5 \">\u00ab Governatori lui a dit qu\u2019il \u00e9tait s\u00fbr de ne pas d\u00e9passer les 5 % et qu\u2019il voulait \u00eatre \u00e9lu \u00bb, glisse un proche du candidat Horizons.<\/p>\n<p class=\"fs-5 \">Le maire lui aurait donc propos\u00e9 de \u00ab suivre \u00bb le Plan de l\u2019alimentation territoriale, \u00ab mais pas sur la liste, sans poste d\u2019\u00e9lu \u00bb.<\/p>\n<p class=\"fs-5 \">Ce que Jean-Marc Governatori d\u00e9ment. Dans sa version, les \u00e9changes avec le maire auraient commenc\u00e9 mi-novembre, au sujet d\u2019un d\u00e9saccord en conseil municipal.<\/p>\n<p class=\"fs-5 \">\u00ab Il m\u2019a dit qu\u2019on allait trouver des solutions, que j\u2019\u00e9tais important \u00bb, raconte l\u2019\u00e9lu \u00e9cologiste, affirmant avoir gard\u00e9 les traces \u00e9crites de ces \u00e9changes.<\/p>\n<p>    \u00ab C\u2019\u00e9tait logique que j\u2019obtienne un poste d\u2019adjoint \u00bb<\/p>\n<p class=\"fs-5 \">Le 23 janvier, il est convi\u00e9 dans le bureau du maire. \u00ab Il m\u2019a demand\u00e9 ce que me filait Ciotti. Je voulais la d\u00e9l\u00e9gation m\u00e9tropolitaine \u00e0 l\u2019Alimentation territoriale. Il m\u2019a dit qu\u2019il me la filait aussi. Pour l\u2019avoir, il faut \u00eatre tr\u00e8s bien plac\u00e9 sur la liste, donc c\u2019\u00e9tait logique que j\u2019obtienne un poste d\u2019adjoint \u00e0 l\u2019Environnement ou la Culture urbaine \u00bb, confie Jean-Marc Governatori.<\/p>\n<p class=\"fs-5 \">Selon lui, Christian Estrosi n\u2019a qu\u2019un souhait : se retrouver en duel avec \u00c9ric Ciotti et \u00e9viter une triangulaire au second tour avec une liste de gauche.<\/p>\n<p class=\"fs-5 \">\u00ab Donc il voulait que je maintienne ma liste ou que je le rejoigne. Le fait de m\u2019avoir fait basculer l\u2019\u00e9lection \u00bb, estime Jean-Marc Governatori, qui conc\u00e8de qu\u2019il aurait fait \u00ab entre 5 et 10 % \u00bb au premier tour avec une liste solo, compte tenu des forces en pr\u00e9sence.<\/p>\n<p>    \u00ab On aurait pu sortir \u00e0 20 ou 25 % et \u00e9liminer Damiano \u00bb<\/p>\n<p class=\"fs-5 \">Quant \u00e0 ses discussions avec Juliette Chesnel-Le Roux, et malgr\u00e9 le d\u00e9menti de la candidate, il maintient sa version.<\/p>\n<p class=\"fs-5 \">\u00ab Je lui ai \u00e9crit le 4 janvier pour qu\u2019on reproduise l\u2019alliance de 2020 [Jean-Marc Governatori avait pris la t\u00eate de la liste \u00ab Nice \u00c9cologique \u00bb]. On aurait pu sortir \u00e0 20 ou 25 % au premier tour, \u00e9liminer Damiano [la candidate de Nice Front Populaire] et esp\u00e9rer un miracle au second tour \u00bb, projette-t-il.<\/p>\n<p class=\"fs-5 \">C\u2019\u00e9tait sa solution pr\u00e9f\u00e9r\u00e9e. \u00ab Mais elle voulait rester t\u00eate de liste et a refus\u00e9 \u00bb, regrette-t-il.<\/p>\n<p>    \u00ab \u00c9ric Ciotti n\u2019est pas un extr\u00e9miste \u00bb<\/p>\n<p class=\"fs-5 \">S\u2019il privil\u00e9gie l\u2019\u00e9cologie avant tout et souhaite qu\u2019on le place au centre de l\u2019\u00e9chiquier politique, il rejoint une liste UDR, soutenue par le Rassemblement national, parti qu\u2019il d\u00e9crivait en 2021 comme \u00ab un danger dans son essence m\u00eame \u00bb.<\/p>\n<p class=\"fs-5 \">Pour lui, ce n\u2019est pas un probl\u00e8me : \u00ab Beaucoup ont dit que le RN s\u2019est transform\u00e9. C\u2019est un parti qui en fait beaucoup trop sur l\u2019immigration. Mais il n\u2019a pas grand-chose de diff\u00e9rent avec la politique de Bruno Retailleau, par exemple, pourtant pas class\u00e9 \u00e0 l\u2019extr\u00eame droite. \u00c9ric Ciotti n\u2019est pas un extr\u00e9miste, c\u2019est un pur RPR comme Estrosi \u00bb, affirme le candidat \u00e9cologiste.<\/p>\n<p class=\"fs-5 \">Il est d\u00e9sormais en marche pour les \u00e9lections, en 9e place sur la liste ciottiste, selon nos informations.<\/p>\n","protected":false},"excerpt":{"rendered":"Une histoire de victoire. Qu\u2019importe l\u2019\u00e9tiquette, l\u2019\u00e9cologiste Jean-Marc Governatori a rejoint, lundi, la liste d\u2019\u00c9ric Ciotti dans la&hellip;\n","protected":false},"author":2,"featured_media":730053,"comment_status":"","ping_status":"","sticky":false,"template":"","format":"standard","meta":{"footnotes":"","_share_on_mastodon":"0"},"categories":[2819],"tags":[1111,11,1777,674,1011,27,3434,12,2401,882,25],"class_list":["post-730052","post","type-post","status-publish","format-standard","has-post-thumbnail","category-nice","tag-actu","tag-actualites","tag-eu","tag-europe","tag-fr","tag-france","tag-municipales-2026","tag-news","tag-nice","tag-provence-alpes-cote-dazur","tag-republique-francaise"],"share_on_mastodon":{"url":"https:\/\/pubeurope.com\/@fr\/116059311165851450","error":""},"_links":{"self":[{"href":"https:\/\/www.europesays.com\/fr\/wp-json\/wp\/v2\/posts\/730052","targetHints":{"allow":["GET"]}}],"collection":[{"href":"https:\/\/www.europesays.com\/fr\/wp-json\/wp\/v2\/posts"}],"about":[{"href":"https:\/\/www.europesays.com\/fr\/wp-json\/wp\/v2\/types\/post"}],"author":[{"embeddable":true,"href":"https:\/\/www.europesays.com\/fr\/wp-json\/wp\/v2\/users\/2"}],"replies":[{"embeddable":true,"href":"https:\/\/www.europesays.com\/fr\/wp-json\/wp\/v2\/comments?post=730052"}],"version-history":[{"count":0,"href":"https:\/\/www.europesays.com\/fr\/wp-json\/wp\/v2\/posts\/730052\/revisions"}],"wp:featuredmedia":[{"embeddable":true,"href":"https:\/\/www.europesays.com\/fr\/wp-json\/wp\/v2\/media\/730053"}],"wp:attachment":[{"href":"https:\/\/www.europesays.com\/fr\/wp-json\/wp\/v2\/media?parent=730052"}],"wp:term":[{"taxonomy":"category","embeddable":true,"href":"https:\/\/www.europesays.com\/fr\/wp-json\/wp\/v2\/categories?post=730052"},{"taxonomy":"post_tag","embeddable":true,"href":"https:\/\/www.europesays.com\/fr\/wp-json\/wp\/v2\/tags?post=730052"}],"curies":[{"name":"wp","href":"https:\/\/api.w.org\/{rel}","templated":true}]}}