{"id":730058,"date":"2026-02-12T19:31:09","date_gmt":"2026-02-12T19:31:09","guid":{"rendered":"https:\/\/www.europesays.com\/fr\/730058\/"},"modified":"2026-02-12T19:31:09","modified_gmt":"2026-02-12T19:31:09","slug":"la-bataille-pour-le-geant-bordelais-du-vin-devient-judiciaire-et-personnelle","status":"publish","type":"post","link":"https:\/\/www.europesays.com\/fr\/730058\/","title":{"rendered":"la bataille pour le g\u00e9ant bordelais du vin devient judiciaire et personnelle"},"content":{"rendered":"<p><a href=\"https:\/\/www.sudouest.fr\/vin\/vin-pourquoi-le-groupe-castel-rentre-t-il-en-zone-de-fortes-turbulences-27322369.php\" rel=\"nofollow noopener\" target=\"_blank\">En d\u00e9saccord depuis plusieurs semaines avec le dirigeant suisse Gregory Clerc<\/a>, la famille de Pierre Castel (99\u00a0ans) a saisi la Haute Cour de Singapour, qui a rendu lundi 9\u00a0f\u00e9vrier une d\u00e9cision provisoire d\u00e9favorable \u00e0 celui qui tient les r\u00eanes du groupe bordelais depuis 2023, selon l\u2019arr\u00eat consult\u00e9 ce mercredi 11\u00a0f\u00e9vrier par l\u2019Agence France Presse (AFP).<\/p>\n<p>Le directeur g\u00e9n\u00e9ral s\u2019est vu interdire de se pr\u00e9valoir du statut d\u2019administrateur de la soci\u00e9t\u00e9 singapourienne Investment Beverage Business Management (IBBM), l\u2019une des principales holdings du groupe bordelais, \u00ab\u00a0dans l\u2019attente de l\u2019issue finale de la proc\u00e9dure en cours\u00a0\u00bb.<\/p>\n<p>\u00ab\u00a0Je ne ferai aucun commentaire sur de quelconques proc\u00e9dures en cours \u00e0 Singapour au sujet de la gouvernance d\u2019IBBM, conform\u00e9ment aux r\u00e8gles en vigueur \u00e0 Singapour\u00a0\u00bb, a r\u00e9agi M.\u00a0Clerc dans un communiqu\u00e9.<\/p>\n<p>Redressement fiscal<\/p>\n<p>Le 2\u00a0f\u00e9vrier, la famille Castel, actionnaire du groupe aux quelque 40\u00a0000\u00a0employ\u00e9s fond\u00e9 en 1949, avait vot\u00e9 en assembl\u00e9e g\u00e9n\u00e9rale pour \u00e9vincer Gregory Clerc de ses fonctions d\u2019administrateur d\u2019IBBM. Ce vote, cens\u00e9 selon la famille entra\u00eener \u00ab\u00a0m\u00e9caniquement\u00a0\u00bb une s\u00e9rie de r\u00e9vocations de ses divers mandats au sein du groupe, avait \u00e9t\u00e9 contest\u00e9 par le dirigeant suisse (41\u00a0ans) qui avait assur\u00e9 rester \u00ab\u00a0aux manettes\u00a0\u00bb.<\/p>\n<p>Selon une source proche du dossier, son camp a rejet\u00e9 la validit\u00e9 des voix de Romy Castel, fille unique de Pierre Castel, et les administrateurs qui le repr\u00e9sentent ont quitt\u00e9 l\u2019assembl\u00e9e g\u00e9n\u00e9rale du 2\u00a0f\u00e9vrier sans signer le proc\u00e8s-verbal. Une premi\u00e8re tentative d\u2019\u00e9vincer Gregory Clerc, ex-avocat fiscaliste du fondateur, avait \u00e9chou\u00e9 le 8\u00a0janvier.<\/p>\n<p>Le groupe Castel, empire du vin, de la bi\u00e8re et des sodas en Afrique et en France (Baron de Lestac, Listel, Kriter, cavistes Maison Nicolas\u2026), est constitu\u00e9 d\u2019un embo\u00eetement de soci\u00e9t\u00e9s jusqu\u2019\u00e0 la holding op\u00e9rationnelle luxembourgeoise DF Holding, dirig\u00e9e par M.\u00a0Clerc et coiffant ses trois principales entit\u00e9s\u00a0: Castel Vins, Castel Afrique et la filiale agro-industrielle Somdia.<\/p>\n<p>Affichant 6,5\u00a0milliards d\u2019euros de chiffre d\u2019affaires en 2024, le groupe bordelais est actuellement menac\u00e9 d\u2019un redressement fiscal en France pouvant atteindre, dans sa \u00ab\u00a0fourchette haute\u00a0\u00bb, le milliard d\u2019euros, selon sa filiale Castel Vins.<\/p>\n<p>Dans un courrier interne d\u00e9but janvier, Gregory Clerc avait assur\u00e9 que le r\u00e9voquer d\u2019IBBM n\u2019aurait \u00ab\u00a0aucun impact\u00a0\u00bb sur ses autres mandats, \u00e9voquant la volont\u00e9 de Pierre Castel de dissocier \u00ab\u00a0d\u00e9tention du capital\u00a0\u00bb et \u00ab\u00a0gestion op\u00e9rationnelle\u00a0\u00bb.<\/p>\n<p>\u00ab\u00a0Sentiment de trahison\u00a0\u00bb<\/p>\n<p>Romy Castel, fille de Pierre Castel, a r\u00e9pliqu\u00e9 mercredi dans une d\u00e9claration \u00e0 l\u2019AFP pour fustiger \u00ab\u00a0la captation du pouvoir et la d\u00e9rive narcissique\u00a0\u00bb du dirigeant suisse. \u00ab\u00a0Mon p\u00e8re a progressivement regrett\u00e9 sa nomination en tant que directeur g\u00e9n\u00e9ral\u00a0\u00bb, a-t-elle assur\u00e9. Elle a all\u00e9gu\u00e9 d\u2019un \u00e9loignement entre le presque centenaire, vivant en Suisse, et son ex-avocat, qui \u00ab\u00a0n\u2019est plus venu voir mon p\u00e8re depuis un an et demi\u00a0\u00bb.<\/p>\n<p>\u00ab\u00a0Aussi en sait-il bien moins que moi de ce qui affecte vraiment mon p\u00e8re aujourd\u2019hui\u00a0: une peine consid\u00e9rable, une col\u00e8re de voir l\u2019\u0153uvre de sa vie malmen\u00e9e sur la place publique et un sentiment de trahison\u00a0\u00bb, a ass\u00e9n\u00e9 Romy Castel, demandant \u00e0 Gregory Clerc de \u00ab\u00a0cesser de pr\u00eater\u00a0\u00bb \u00e0 son p\u00e8re \u00ab\u00a0des paroles ou une volont\u00e9 qu\u2019il n\u2019a jamais exprim\u00e9es\u00a0\u00bb.<\/p>\n<p>Les conseils d\u2019administration de DF Holding et de Cassiop\u00e9e, autre structure de t\u00eate du groupe, ont pour leur part r\u00e9affirm\u00e9 mercredi leur \u00ab\u00a0pleine confiance\u00a0\u00bb \u00e0 Gregory Clerc, d\u00e9non\u00e7ant des \u00ab\u00a0tentatives de d\u00e9stabilisation\u00a0\u00bb. \u00ab\u00a0Le groupe Castel est ultimement d\u00e9tenu par des trusts, de mani\u00e8re \u00e0 assurer un contr\u00f4le professionnel et ind\u00e9pendant, garant de la bonne gouvernance du groupe. Ainsi, le contr\u00f4le ultime du groupe Castel n\u2019appartient ni \u00e0 des personnes physiques ni \u00e0 IBBM qui est une soci\u00e9t\u00e9 de gestion\u00a0\u00bb, ont assur\u00e9 ces administrateurs dans un communiqu\u00e9.<\/p>\n","protected":false},"excerpt":{"rendered":"En d\u00e9saccord depuis plusieurs semaines avec le dirigeant suisse Gregory Clerc, la famille de Pierre Castel (99\u00a0ans) a&hellip;\n","protected":false},"author":2,"featured_media":730059,"comment_status":"","ping_status":"","sticky":false,"template":"","format":"standard","meta":{"footnotes":"","_share_on_mastodon":"0"},"categories":[2817],"tags":[1111,11,1997,1777,674,1011,27,12,2219,25],"class_list":["post-730058","post","type-post","status-publish","format-standard","has-post-thumbnail","category-bordeaux","tag-actu","tag-actualites","tag-bordeaux","tag-eu","tag-europe","tag-fr","tag-france","tag-news","tag-nouvelle-aquitaine","tag-republique-francaise"],"share_on_mastodon":{"url":"https:\/\/pubeurope.com\/@fr\/116059326737375005","error":""},"_links":{"self":[{"href":"https:\/\/www.europesays.com\/fr\/wp-json\/wp\/v2\/posts\/730058","targetHints":{"allow":["GET"]}}],"collection":[{"href":"https:\/\/www.europesays.com\/fr\/wp-json\/wp\/v2\/posts"}],"about":[{"href":"https:\/\/www.europesays.com\/fr\/wp-json\/wp\/v2\/types\/post"}],"author":[{"embeddable":true,"href":"https:\/\/www.europesays.com\/fr\/wp-json\/wp\/v2\/users\/2"}],"replies":[{"embeddable":true,"href":"https:\/\/www.europesays.com\/fr\/wp-json\/wp\/v2\/comments?post=730058"}],"version-history":[{"count":0,"href":"https:\/\/www.europesays.com\/fr\/wp-json\/wp\/v2\/posts\/730058\/revisions"}],"wp:featuredmedia":[{"embeddable":true,"href":"https:\/\/www.europesays.com\/fr\/wp-json\/wp\/v2\/media\/730059"}],"wp:attachment":[{"href":"https:\/\/www.europesays.com\/fr\/wp-json\/wp\/v2\/media?parent=730058"}],"wp:term":[{"taxonomy":"category","embeddable":true,"href":"https:\/\/www.europesays.com\/fr\/wp-json\/wp\/v2\/categories?post=730058"},{"taxonomy":"post_tag","embeddable":true,"href":"https:\/\/www.europesays.com\/fr\/wp-json\/wp\/v2\/tags?post=730058"}],"curies":[{"name":"wp","href":"https:\/\/api.w.org\/{rel}","templated":true}]}}