{"id":730060,"date":"2026-02-12T19:32:16","date_gmt":"2026-02-12T19:32:16","guid":{"rendered":"https:\/\/www.europesays.com\/fr\/730060\/"},"modified":"2026-02-12T19:32:16","modified_gmt":"2026-02-12T19:32:16","slug":"les-degats-de-la-tempete-nils-en-gironde","status":"publish","type":"post","link":"https:\/\/www.europesays.com\/fr\/730060\/","title":{"rendered":"les d\u00e9g\u00e2ts de la temp\u00eate Nils en Gironde"},"content":{"rendered":"<p>                    Par<br \/>\n        <strong><br \/>\n            <a href=\"https:\/\/actu.fr\/auteur\/julian-doubax\" title=\"Consulter tous les articles de Julian Doubax\" rel=\"nofollow noopener\" target=\"_blank\">Julian Doubax<\/a><br \/>\n                    <\/strong><\/p>\n<p>        Publi\u00e9 le<\/p>\n<p>            12 f\u00e9vr. 2026 \u00e0 20h02        <\/p>\n<p>Dans la nuit du 11 au 12\u00a0f\u00e9vrier 2026, le passage de la temp\u00eate Nils a laiss\u00e9 des traces en Gironde. Des <a href=\"https:\/\/actu.fr\/nouvelle-aquitaine\/bordeaux_33063\/la-tempete-nils-a-fait-des-degats-en-gironde-le-bilan-s-alourdit-a-la-mi-journee_63834252.html\" rel=\"nofollow noopener\" target=\"_blank\">milliers de foyers sont encore priv\u00e9s d\u2019\u00e9lectricit\u00e9<\/a> et plus de 600 interventions de pompiers ont \u00e9t\u00e9 n\u00e9cessaires. Sur le bassin d\u2019Arcachon, les rafales ont m\u00eame atteint les <a href=\"https:\/\/actu.fr\/nouvelle-aquitaine\/bordeaux_33063\/avec-le-passage-de-la-tempete-nils-le-vent-a-souffle-a-des-rafales-records-voici-les-vitesses-enregistrees_63830219.html\" rel=\"nofollow noopener\" target=\"_blank\">157km\/h<\/a>. La <a href=\"https:\/\/actu.fr\/nouvelle-aquitaine\/bordeaux_33063\/apres-le-pic-de-la-tempete-nils-en-gironde-a-quelle-meteo-s-attendre-pour-la-suite-de-la-semaine_63833410.html\" rel=\"nofollow noopener\" target=\"_blank\">m\u00e9t\u00e9o s\u2019annonce encore mouvement\u00e9e<\/a> dans les prochains jours. Apr\u00e8s cette vague, on fait le point<strong> en images sur les d\u00e9g\u00e2ts<\/strong> caus\u00e9s par ce ph\u00e9nom\u00e8ne climatique.\u00a0<\/p>\n<p>La m\u00e9tropole bordelaise touch\u00e9e<\/p>\n<p class=\" wall-content\">\n    <img   decoding=\"async\" loading=\"lazy\" src=\"https:\/\/www.europesays.com\/fr\/wp-content\/uploads\/2026\/02\/37ee2b46-6da2-4947-ad9b-45291e56ca27-1-960x472.png\" alt=\"Des d\u00e9g\u00e2ts caus\u00e9s par la temp\u00eate Nils sur la commune de Sainte-Eulalie. \" width=\"960\" height=\"472\"\/><br \/>\n    Des d\u00e9g\u00e2ts caus\u00e9s par la temp\u00eate Nils sur la commune de Sainte-Eulalie. (\u00a9Dumitru Bordea)<br \/>\n    <img   decoding=\"async\" loading=\"lazy\" src=\"https:\/\/www.europesays.com\/fr\/wp-content\/uploads\/2026\/02\/dc83487d-2ce8-4332-aa18-34c731cb5fbc-960x640.jpg\" alt=\"Des arbres tomb\u00e9s dans le bois du Bouscat, pr\u00e8s de Bordeaux. \" width=\"960\" height=\"640\"\/><br \/>\n    Des arbres tomb\u00e9s dans le bois du Bouscat, pr\u00e8s de Bordeaux. (\u00a9 argentique_analog)<br \/>\n    <img   decoding=\"async\" loading=\"lazy\" src=\"https:\/\/www.europesays.com\/fr\/wp-content\/uploads\/2026\/02\/4dd11c78-a999-4fc3-8bdf-530113599c47-960x640.jpg\" alt=\"Un arbre tomb\u00e9 sur le campus Carreire \u00e0 Bordeaux.\" width=\"960\" height=\"640\"\/><br \/>\n    Un arbre tomb\u00e9 sur le campus Carreire \u00e0 Bordeaux. (\u00a9Odile Lortolary)<br \/>\n    <img   decoding=\"async\" loading=\"lazy\" src=\"https:\/\/www.europesays.com\/fr\/wp-content\/uploads\/2026\/02\/632118020-774272361895467-430809277442496464-n-720x640.jpg\" alt=\"Au Haillan, les poteaux \u00e9lectriques n'ont pas r\u00e9sist\u00e9. \" width=\"720\" height=\"640\"\/><br \/>\n    Au Haillan, les poteaux \u00e9lectriques n\u2019ont pas r\u00e9sist\u00e9. (\u00a9Nicolas Lescorail)<br \/>\n    <img   decoding=\"async\" loading=\"lazy\" src=\"https:\/\/www.europesays.com\/fr\/wp-content\/uploads\/2026\/02\/632060348-924826970223392-859467246024814836-n-720x640.jpg\" alt=\"Sur la commune de Cenon, un arbre est tomb\u00e9 sur la route, \u00e0 proximit\u00e9 de plusieurs v\u00e9hicules.\" width=\"720\" height=\"640\"\/><br \/>\n    Sur la commune de Cenon, un arbre est tomb\u00e9 sur la route, \u00e0 proximit\u00e9 de plusieurs v\u00e9hicules. (\u00a9document transmis \u00e0 actu Bordeaux)<\/p>\n<p>Le M\u00e9doc sous le vent<\/p>\n<p class=\" wall-content\">\n    <img   decoding=\"async\" loading=\"lazy\" src=\"https:\/\/www.europesays.com\/fr\/wp-content\/uploads\/2026\/02\/5fc179e5-c634-46b7-9e94-60160ab8818f-960x640.jpg\" alt=\"La route d'Arsac bloqu\u00e9e apr\u00e8s une chute d'arbre. \" width=\"960\" height=\"640\"\/><br \/>\n    La route d\u2019Arsac bloqu\u00e9e apr\u00e8s une chute d\u2019arbre. (\u00a9Tiff Any)<br \/>\n    <img   decoding=\"async\" loading=\"lazy\" src=\"https:\/\/www.europesays.com\/fr\/wp-content\/uploads\/2026\/02\/51a3e40b-da90-4914-ab25-a0728d107650-960x640.jpg\" alt=\"Au Pian-M\u00e9doc, la cl\u00f4ture n'a pas tenu face au vent. \" width=\"960\" height=\"640\"\/><br \/>\n    Au Pian-M\u00e9doc, la cl\u00f4ture n\u2019a pas tenu face au vent. (\u00a9Claudia Cornet Girard)<\/p>\n<p>Le bassin d\u2019Arcachon a d\u00fb affronter les vents violents<br \/>\n    <img   decoding=\"async\" loading=\"lazy\" src=\"https:\/\/www.europesays.com\/fr\/wp-content\/uploads\/2026\/02\/39f9745c-53fb-435f-99a7-4b1cf2dad913-960x640.jpg\" alt=\"Sur la-Teste-de-Buch, le vent n'a pas \u00e9pargn\u00e9 les toitures. \" width=\"960\" height=\"640\"\/><br \/>\n    Sur la-Teste-de-Buch, le vent n\u2019a pas \u00e9pargn\u00e9 les toitures. (\u00a9 Coralie Theurillat)Une situation tendue en Sud-Gironde<\/p>\n<p class=\" wall-content\">Le <a href=\"https:\/\/actu.fr\/nouvelle-aquitaine\/langon_33227\/tempete-nils-en-sud-gironde-violentes-rafales-coupures-delectricite-arbres-tombes-le-bilan-de-la-nuit_63829227.html\" rel=\"nofollow noopener\" target=\"_blank\">Sud-Gironde<\/a> est la zone la plus touch\u00e9e apr\u00e8s le passage de la temp\u00eate Nils, conjugu\u00e9 \u00e0 un \u00e9pisode de crue de la Garonne. La nuit a \u00e9t\u00e9 plus qu\u2019agit\u00e9e. Vous pouvez suivre la situation avec nos coll\u00e8gues du <a href=\"https:\/\/actu.fr\/le-republicain-sud-gironde\/\" rel=\"nofollow noopener\" target=\"_blank\">R\u00e9publicain Sud-Gironde<\/a>.<\/p>\n<p class=\" wall-content\">Personnalisez votre actualit\u00e9 en ajoutant vos villes et m\u00e9dias en favori avec <a href=\"https:\/\/moncompte.actu.fr\" title=\"D\u00e9couvez Mon Actu\" rel=\"nofollow noopener\" data-trk=\"{&quot;cta&quot;:{&quot;action&quot;:&quot;https:\\\/\\\/moncompte.actu.fr&quot;,&quot;category&quot;:&quot;mon compte&quot;,&quot;from&quot;:&quot;article footer&quot;,&quot;name&quot;:&quot;Mon actu&quot;,&quot;type&quot;:&quot;cta&quot;}}\" target=\"_blank\">Mon Actu<\/a>.<\/p>\n","protected":false},"excerpt":{"rendered":"Par Julian Doubax Publi\u00e9 le 12 f\u00e9vr. 2026 \u00e0 20h02 Dans la nuit du 11 au 12\u00a0f\u00e9vrier 2026,&hellip;\n","protected":false},"author":2,"featured_media":730061,"comment_status":"","ping_status":"","sticky":false,"template":"","format":"standard","meta":{"footnotes":"","_share_on_mastodon":"0"},"categories":[2817],"tags":[1111,11,1997,1777,674,1011,27,3059,2487,12,2219,25,81640],"class_list":["post-730060","post","type-post","status-publish","format-standard","has-post-thumbnail","category-bordeaux","tag-actu","tag-actualites","tag-bordeaux","tag-eu","tag-europe","tag-fr","tag-france","tag-intemperies","tag-meteo","tag-news","tag-nouvelle-aquitaine","tag-republique-francaise","tag-tempete-nils"],"share_on_mastodon":{"url":"https:\/\/pubeurope.com\/@fr\/116059331266899216","error":""},"_links":{"self":[{"href":"https:\/\/www.europesays.com\/fr\/wp-json\/wp\/v2\/posts\/730060","targetHints":{"allow":["GET"]}}],"collection":[{"href":"https:\/\/www.europesays.com\/fr\/wp-json\/wp\/v2\/posts"}],"about":[{"href":"https:\/\/www.europesays.com\/fr\/wp-json\/wp\/v2\/types\/post"}],"author":[{"embeddable":true,"href":"https:\/\/www.europesays.com\/fr\/wp-json\/wp\/v2\/users\/2"}],"replies":[{"embeddable":true,"href":"https:\/\/www.europesays.com\/fr\/wp-json\/wp\/v2\/comments?post=730060"}],"version-history":[{"count":0,"href":"https:\/\/www.europesays.com\/fr\/wp-json\/wp\/v2\/posts\/730060\/revisions"}],"wp:featuredmedia":[{"embeddable":true,"href":"https:\/\/www.europesays.com\/fr\/wp-json\/wp\/v2\/media\/730061"}],"wp:attachment":[{"href":"https:\/\/www.europesays.com\/fr\/wp-json\/wp\/v2\/media?parent=730060"}],"wp:term":[{"taxonomy":"category","embeddable":true,"href":"https:\/\/www.europesays.com\/fr\/wp-json\/wp\/v2\/categories?post=730060"},{"taxonomy":"post_tag","embeddable":true,"href":"https:\/\/www.europesays.com\/fr\/wp-json\/wp\/v2\/tags?post=730060"}],"curies":[{"name":"wp","href":"https:\/\/api.w.org\/{rel}","templated":true}]}}