{"id":730062,"date":"2026-02-12T19:33:12","date_gmt":"2026-02-12T19:33:12","guid":{"rendered":"https:\/\/www.europesays.com\/fr\/730062\/"},"modified":"2026-02-12T19:33:12","modified_gmt":"2026-02-12T19:33:12","slug":"grands-oraux-le-passage-de-plus-en-plus-oblige-des-candidats-aux-municipales","status":"publish","type":"post","link":"https:\/\/www.europesays.com\/fr\/730062\/","title":{"rendered":"Grands Oraux. Le passage de plus en plus oblig\u00e9 des candidats aux municipales"},"content":{"rendered":"<p>Le premier tour des \u00e9lections municipales est dans quasiment un mois. La campagne \u00e9lectorale s\u2019acc\u00e9l\u00e8re \u00e0 Toulouse et les candidats se pr\u00eatent de bonne gr\u00e2ce au jeu des grands oraux. Mobilit\u00e9, \u00e9cologie, \u00e9conomie sociale et solidaire, autant de th\u00e9matiques sur lesquelles des associations invitent les listes toulousaines \u00e0 d\u00e9tailler leurs programmes lors de grandes soir\u00e9es ouvertes au public. Ce lundi 9\u00a0f\u00e9vrier, c\u2019est l\u2019association <a href=\"https:\/\/www.touleco.fr\/RER-Toulousain-Rallumons-l-etoile-propose-une-premiere-etape-des,36158\" class=\"spip_in\" rel=\"nofollow noopener\" target=\"_blank\">Rallumons l\u2019\u00e9toile<\/a>, qui milite depuis 2018 en faveur d\u2019un RER toulousain, qui organisait pour la premi\u00e8re fois un \u00ab\u00a0Grand Oral des Mobilit\u00e9s\u00a0\u00bb avec les quatre premi\u00e8res listes dans les sondages. Le Hall M, salle \u00e9v\u00e9nementielle de la Gare Matabiau, \u00e9tait pleine \u00e0 craquer. \u00ab\u00a0C\u2019est impressionnant, le Hall M n\u2019a jamais connu un tel \u00e9v\u00e9nement\u00a0\u00bb, reconna\u00eet Caroline Carcone, la responsable du lieu, en saluant les invit\u00e9s politiques.<\/p>\n<p>Avant que la soir\u00e9e ne d\u00e9bute officiellement, le spectacle a d\u00e9j\u00e0 d\u00e9but\u00e9 dans la salle. Beaucoup de colistiers et de militants ont fait le d\u00e9placement. Chaque \u00e9quipe observe plus ou moins discr\u00e8tement ses adversaires. Certains rient sous cape en commentant les derniers rebondissements de la campagne, d\u2019autres annotent des documents pour leur candidat. Dans la salle, la pr\u00e9sence d\u2019un ancien maire de gauche, Pierre Cohen, et d\u2019un ancien candidat \u00e9cologiste, Antoine Maurice, est bien vite remarqu\u00e9e. Interviennent ce soir-l\u00e0 deux t\u00eates de listes (Fran\u00e7ois Piquemal pour La France insoumise et Julien Leonardelli pour le Rassemblent national), le candidat de la gauche unie hors LFI pour la pr\u00e9sidence de Toulouse M\u00e9tropole, R\u00e9gis Godec, et Jean-Michel Lattes, actuel pr\u00e9sident de Tiss\u00e9o pour la liste de la droite et du centre du maire sortant.<\/p>\n<p>Les candidats semblent heureux de se pr\u00eater \u00e0 l\u2019exercice. \u00ab\u00a0De tels \u00e9v\u00e8nements o\u00f9 l\u2019on a le temps de pouvoir expliquer nos programmes par grandes th\u00e9matique sont tr\u00e8s importants. Il y en aura d\u2019autres mais, pour moi, il devrait y en avoir encore plus. Ce sont des moments essentiels de la campagne\u00a0\u00bb, estime Fran\u00e7ois Piquemal. Avis partag\u00e9 par Julien Leonardelli. \u00ab\u00a0Ce n\u2019est jamais une mauvaise chose de confronter ainsi nos programmes. Lorsqu\u2019on nous invite, nous r\u00e9pondons toujours pr\u00e9sents\u00a0\u00bb, confie la t\u00eate de liste d\u2019extr\u00eame droite. \u00ab\u00a0Nous ne sommes pas toujours d\u2019accord avec Rallumons l\u2019\u00e9toile, mais les organisateurs nous proposent toujours des \u00e9v\u00e9nements o\u00f9 l\u2019on peut s\u2019exprimer dans le respect. Une telle initiative nous challenge\u00a0\u00bb, estime de son c\u00f4t\u00e9 Jean-Michel Lattes. R\u00e9gis Godec n\u2019est pas si enthousiaste. \u00ab\u00a0L\u2019exercice est utile mais nous avons h\u00e9sit\u00e9 \u00e0 participer. La pr\u00e9sence de l\u2019extr\u00eame droite est pour nous probl\u00e9matique. On peut aussi d\u00e9plorer que certaines listes n\u2019aient pas \u00e9t\u00e9 invit\u00e9es\u00a0\u00bb, consid\u00e8re l\u2019\u00e9cologiste.<\/p>\n<p>Inviter ou pas l\u2019extr\u00eame droite\u00a0? <\/p>\n<p>Cette question de la pr\u00e9sence ou non de l\u2019extr\u00eame droite, tous les organiseurs de grands oraux y ont \u00e9t\u00e9 confront\u00e9s. \u00ab\u00a0Nous avons d\u00e9cid\u00e9, au niveau national, de ne pas convier de repr\u00e9sentants de l\u2019extr\u00eame droite \u00e0 nos \u00e9v\u00e9nements li\u00e9s aux municipales. Leurs id\u00e9es sont contraires \u00e0 celles de l\u2019\u00e9conomie sociale et solidaire (ESS)\u00a0\u00bb, juge Sarah Rousseau, directrice g\u00e9n\u00e9rale de la <a href=\"https:\/\/www.touleco-green.fr\/L-Economie-sociale-et-solidaire-ne-se-confine-pas,29875\" class=\"spip_out\" rel=\"external nofollow noopener\" target=\"_blank\">Chambre r\u00e9gionale de l\u2019\u00e9conomie sociale et solidaire (Cress) Occitanie<\/a>, qui coorganise avec le <a href=\"https:\/\/www.touleco.fr\/En-Occitanie-l-inquietude-du-Mouvement-Associatif,47456\" class=\"spip_in\" rel=\"nofollow noopener\" target=\"_blank\">Mouvement Associatif Occitanie<\/a> et l\u2019<a href=\"https:\/\/www.touleco.fr\/Les-Scop-veulent-imposer-leur-modele-face-a-un-monde-en-crises,45899\" class=\"spip_in\" rel=\"nofollow noopener\" target=\"_blank\">Urscop Occitanie-Pyr\u00e9n\u00e9es<\/a>, son premier grand oral des candidats sur l\u2019ESS, le jeudi 19\u00a0f\u00e9vrier aux Halles de la Cartoucherie.<\/p>\n<p>\u00ab\u00a0Nous avons \u00e9cart\u00e9 l\u2019extr\u00eame droite car ils n\u2019ont pas de programme \u00e9cologique. Nous allons aborder en d\u00e9tail des sujets (eau dans la ville, biodiversit\u00e9, Plan Climat air \u00e9nergie, etc.) sur lesquels ils n\u2019ont visiblement rien \u00e0 dire dans la longueur\u00a0\u00bb, lance Marie-Pierre Cassagne, de Toulouse en Transition, qui participe \u00e0 l\u2019organisation du deuxi\u00e8me grand oral des candidats (apr\u00e8s une premi\u00e8re \u00e9dition en 2020) par le collectif des associations environnementales de Toulouse. Il aura lieu le lundi 16\u00a0f\u00e9vrier \u00e0 18h30, \u00e0 la Salle Os\u00e8te.<\/p>\n<p>Beno\u00eet Lanusse, de Rallumons l\u2019\u00e9toile, assume de son c\u00f4t\u00e9 d\u2019avoir convi\u00e9 le RN \u00e0 son grand oral des mobilit\u00e9s. \u00ab\u00a0Nous avons d\u00e9battu sur cette question mais le RN a un poids politique qu\u2019on ne peut pas occulter. Il nous a sembl\u00e9 important d\u2019avoir toutes les listes susceptibles d\u2019avoir des \u00e9lus \u00e0 Toulouse et au niveau de la M\u00e9tropole. Toutes ces personnes vont avoir un impact sur le futur des mobilit\u00e9s \u00e0 Toulouse, dans la zone m\u00e9tropolitaine et au-del\u00e0\u00a0\u00bb, souligne le pr\u00e9sident de l\u2019association, qui rappelle que, sur son site, toutes les listes de Haute-Garonne et des villes limitrophes peuvent pr\u00e9ciser leur programme et se positionner sur les propositions de l\u2019association en mati\u00e8re de d\u00e9veloppement des mobilit\u00e9s.<\/p>\n<p>Un format int\u00e9ressant pour les politiques et le monde associatif <\/p>\n<p>Ces moments d\u2019\u00e9change avec les futurs \u00e9lus sont aussi, pour le monde associatif, une base de travail pour les ann\u00e9es qui viennent. \u00ab\u00a0Nous allons retranscrire toutes leurs propositions en mati\u00e8re de transition environnementale et climatique. Et nous saurons leur rappeler apr\u00e8s les \u00e9lections. Ce sera un document primordial pour nos discussions avec les \u00e9lus durant le prochain mandat\u00a0\u00bb, indique Marie-Pierre Cassagne. \u00ab\u00a0Cela va nous \u00eatre tr\u00e8s utile, effectivement, pour notre travail de plaidoyer. \u00c0 l\u2019\u00e9chelle municipale et intercommunale, les \u00e9lus peuvent influer sur l\u2019avenir des acteurs de l\u2019ESS. Il faut qu\u2019ils s\u2019en souviennent en dehors des p\u00e9riodes \u00e9lectorales\u00a0\u00bb, esp\u00e8re Sarah Rousseau.<\/p>\n<p>Du c\u00f4t\u00e9 de Rallumons l\u2019\u00e9toile, on veut se servir aussi de \u00ab\u00a0ce moment d\u2019\u00e9change d\u00e9mocratique\u00a0\u00bb pour peser dans les ann\u00e9es qui viennent. \u00ab\u00a0Le projet de Services express r\u00e9gionaux m\u00e9tropolitains (SERM) a fait de nous un acteur associatif respect\u00e9 et de plus en plus incontournable. Le succ\u00e8s du grand oral, qui a attir\u00e9 plus de cent personnes en pr\u00e9sentiel et trois cents en ligne, renforce encore notre cr\u00e9dibilit\u00e9. L\u2019enjeu du RER va au-del\u00e0 de la Ville rose, mais Toulouse a un tel poids d\u00e9mographique, \u00e9conomique, politique que l\u2019\u00e9lection \u00e0 Toulouse rev\u00eat une importance capitale\u00a0\u00bb, analyse Beno\u00eet Lanusse.<\/p>\n<p>Et comment expliquer que les candidats acceptent de plus en plus de se plier \u00e0 ce genre de format\u00a0? \u00ab\u00a0Ce sont des exercices o\u00f9 chacun peut s\u2019exprimer sur des points un peu pass\u00e9s sous les radars sans  \u00eatre interrompus par ses adversaires, contrairement \u00e0 certains d\u00e9bats dans les m\u00e9dias. Ils sont interrog\u00e9s par des experts qui connaissent particuli\u00e8rement bien les sujets mais tout reste tr\u00e8s courtois. C\u2019est un exercice qui reste bien cadr\u00e9\u00a0\u00bb, admet Marie-Pierre Cassagne, de Toulouse en Transition.<br class=\"autobr\"\/><br \/>\nMatthias Hardoy<\/p>\n<p>Sur la photo\u00a0:  Le Grand Oral des Mobilit\u00e9s avait lieu le lundi 9\u00a0f\u00e9vrier 2026, au Hall M de la Gare Matabiau. En pr\u00e9sence des quatre principales listes candidates aux municipales de Toulouse. Cr\u00e9dit\u00a0: Zoltan Bach-Rallumons l\u2019\u00e9toile.<\/p>\n","protected":false},"excerpt":{"rendered":"Le premier tour des \u00e9lections municipales est dans quasiment un mois. La campagne \u00e9lectorale s\u2019acc\u00e9l\u00e8re \u00e0 Toulouse et&hellip;\n","protected":false},"author":2,"featured_media":730063,"comment_status":"","ping_status":"","sticky":false,"template":"","format":"standard","meta":{"footnotes":"","_share_on_mastodon":"0"},"categories":[2816],"tags":[1111,11,251,51,37063,1777,674,1011,27,1137,3434,12,2680,316,25,2312,800],"class_list":["post-730062","post","type-post","status-publish","format-standard","has-post-thumbnail","category-toulouse","tag-actu","tag-actualites","tag-culture","tag-ecologie","tag-economie-sociale-et-solidaire","tag-eu","tag-europe","tag-fr","tag-france","tag-mobilite","tag-municipales-2026","tag-news","tag-occitanie","tag-politique","tag-republique-francaise","tag-toulouse","tag-transports"],"share_on_mastodon":{"url":"https:\/\/pubeurope.com\/@fr\/116059334559776279","error":""},"_links":{"self":[{"href":"https:\/\/www.europesays.com\/fr\/wp-json\/wp\/v2\/posts\/730062","targetHints":{"allow":["GET"]}}],"collection":[{"href":"https:\/\/www.europesays.com\/fr\/wp-json\/wp\/v2\/posts"}],"about":[{"href":"https:\/\/www.europesays.com\/fr\/wp-json\/wp\/v2\/types\/post"}],"author":[{"embeddable":true,"href":"https:\/\/www.europesays.com\/fr\/wp-json\/wp\/v2\/users\/2"}],"replies":[{"embeddable":true,"href":"https:\/\/www.europesays.com\/fr\/wp-json\/wp\/v2\/comments?post=730062"}],"version-history":[{"count":0,"href":"https:\/\/www.europesays.com\/fr\/wp-json\/wp\/v2\/posts\/730062\/revisions"}],"wp:featuredmedia":[{"embeddable":true,"href":"https:\/\/www.europesays.com\/fr\/wp-json\/wp\/v2\/media\/730063"}],"wp:attachment":[{"href":"https:\/\/www.europesays.com\/fr\/wp-json\/wp\/v2\/media?parent=730062"}],"wp:term":[{"taxonomy":"category","embeddable":true,"href":"https:\/\/www.europesays.com\/fr\/wp-json\/wp\/v2\/categories?post=730062"},{"taxonomy":"post_tag","embeddable":true,"href":"https:\/\/www.europesays.com\/fr\/wp-json\/wp\/v2\/tags?post=730062"}],"curies":[{"name":"wp","href":"https:\/\/api.w.org\/{rel}","templated":true}]}}