{"id":730080,"date":"2026-02-12T19:43:09","date_gmt":"2026-02-12T19:43:09","guid":{"rendered":"https:\/\/www.europesays.com\/fr\/730080\/"},"modified":"2026-02-12T19:43:09","modified_gmt":"2026-02-12T19:43:09","slug":"paris-previsions-meteo-du-jeudi-12-fevrier-2026","status":"publish","type":"post","link":"https:\/\/www.europesays.com\/fr\/730080\/","title":{"rendered":"Paris : pr\u00e9visions m\u00e9t\u00e9o du jeudi 12 f\u00e9vrier 2026"},"content":{"rendered":"<p>\u00c0 Paris, le jeudi 12 f\u00e9vrier 2026, la m\u00e9t\u00e9o sera marqu\u00e9e par un ciel tr\u00e8s nuageux avec des pluies faibles et des rafales de vent soutenues. Les temp\u00e9ratures resteront fra\u00eeches, autour de 10 \u00e0 12 \u00b0C, dans une atmosph\u00e8re humide et instable.<\/p>\n<p>    Alerte en cours<\/p>\n<p>Paris demeure plac\u00e9e en vigilance <b>Jaune Vent<\/b> jusqu\u2019\u00e0 ce soir. Les rafales, pouvant atteindre 61 km\/h, rendent certaines activit\u00e9s ext\u00e9rieures particuli\u00e8rement d\u00e9licates, notamment sur les quais et les toits d\u2019immeubles.<\/p>\n<ul>\n<li>\u00c9vitez de vous approcher des arbres fragilis\u00e9s.<\/li>\n<li>Limitez l\u2019usage des deux-roues.<\/li>\n<li>Veillez \u00e0 bien fixer les objets l\u00e9gers sur les balcons.<\/li>\n<\/ul>\n<p>Pour suivre l\u2019\u00e9volution du niveau de vigilance, consultez notre <a href=\"https:\/\/www.meteocity.com\/france\/alertes\" rel=\"nofollow noopener\" target=\"_blank\">page d\u00e9di\u00e9e aux alertes m\u00e9t\u00e9orologiques<\/a>.<\/p>\n<p>Matin : ciel tr\u00e8s nuageux \u2013 lever du soleil 08 h 03<\/p>\n<p>D\u00e8s 09 h, un plafond nuageux compact s\u2019installe sur la capitale. Le thermom\u00e8tre affiche <b>10 \u00b0C<\/b>, mais le vent d\u2019ouest \u00e0 23 km\/h, accompagn\u00e9 de rafales jusqu\u2019\u00e0 61 km\/h, fait chuter le ressenti \u00e0 <b>6 \u00b0C<\/b>.<\/p>\n<p>Le risque de pluie atteint 55 %. On attend pr\u00e8s de <b>3,2 mm<\/b> de pr\u00e9cipitations, de quoi mouiller les trottoirs et compliquer la circulation en deux-roues.<\/p>\n<p>L\u2019humidit\u00e9 s\u2019\u00e9l\u00e8ve \u00e0 75 %, tandis que la pression reste basse \u00e0 984 hPa, signe d\u2019une atmosph\u00e8re instable.<\/p>\n<p>Apr\u00e8s-midi : faibles pluies et bourrasques<\/p>\n<p>Aux environs de 15 h, la perturbation se d\u00e9cale lentement, mais quelques averses r\u00e9siduelles persistent. Le mercure grimpe \u00e0 <b>12 \u00b0C<\/b>, ressenti <b>8 \u00b0C<\/b> sous des rafales avoisinant 60 km\/h, toujours orient\u00e9es \u00e0 l\u2019ouest.<\/p>\n<p>La lame d\u2019eau additionnelle restera limit\u00e9e, mais la chauss\u00e9e pourra demeurer glissante. La pression remonte l\u00e9g\u00e8rement \u00e0 989 hPa, indice d\u2019un lent r\u00e9tablissement.<\/p>\n<p>L\u2019humidit\u00e9 se fait plus raisonnable, autour de 63 %, offrant un peu de r\u00e9pit aux pi\u00e9tons entre deux ond\u00e9es.<\/p>\n<p>Soir : accalmie relative \u2013 coucher du soleil 18 h 05<\/p>\n<p>\u00c0 21 h, le ciel reste tr\u00e8s nuageux, mais la pluie cesse. La temp\u00e9rature baisse \u00e0 <b>10 \u00b0C<\/b>, avec un ressenti de <b>6 \u00b0C<\/b>.<\/p>\n<p>Le vent faiblit \u00e0 18 km\/h, m\u00eame si quelques pointes \u00e0 42 km\/h persistent. L\u2019humidit\u00e9 demeure importante, \u00e0 69 %, alors que la pression atteint 994 hPa.<\/p>\n<p>Restez vigilant lors des sorties nocturnes : feuilles mouill\u00e9es et \u00e9clairage att\u00e9nu\u00e9 peuvent rendre les trottoirs glissants.<\/p>\n<p>Tendance g\u00e9n\u00e9rale pour demain vendredi 13 f\u00e9vrier<\/p>\n<p>Les mod\u00e8les annoncent une journ\u00e9e toujours perturb\u00e9e. Les temp\u00e9ratures oscilleront de <b>7 \u00b0C<\/b> au petit matin \u00e0 <b>9 \u00b0C<\/b> l\u2019apr\u00e8s-midi, avec un ressenti maximal de <b>7 \u00b0C<\/b>.<\/p>\n<p>La pluie s\u2019imposera tout au long de la journ\u00e9e, avec <b>18,1 mm<\/b> attendus, soit plus du double des cumuls d\u2019aujourd\u2019hui. L\u2019humidit\u00e9 moyenne avoisinera 83 %.<\/p>\n<p>Le vent tournera progressivement au sud-sud-est, autour de 16 km\/h, sans d\u00e9passer le seuil de vigilance pour les rafales.<\/p>\n<p>Entre la saturation des sols et la baisse des pressions (985 hPa), quelques ralentissements sont \u00e0 pr\u00e9voir sur le p\u00e9riph\u00e9rique et dans les gares.<\/p>\n<p>Pour organiser votre week-end sous la grisaille parisienne, consultez <a href=\"https:\/\/www.meteocity.com\/france\/paris-v2988507\/meteo-week-end\" rel=\"nofollow noopener\" target=\"_blank\">notre page week-end<\/a>.<\/p>\n<p>En r\u00e9sum\u00e9<\/p>\n<tr>P\u00e9riodeTemps dominantT\u00b0 (\u00b0C)Ressenti (\u00b0C)Vent moyen (km\/h)Rafales (km\/h)<\/tr>\n<tr>\n<td>Matin<\/td>\n<td>Tr\u00e8s nuageux + averses<\/td>\n<td><b>10<\/b><\/td>\n<td>6<\/td>\n<td>23<\/td>\n<td>61<\/td>\n<\/tr>\n<tr>\n<td>Apr\u00e8s-midi<\/td>\n<td>Pluie faible<\/td>\n<td><b>12<\/b><\/td>\n<td>8<\/td>\n<td>23<\/td>\n<td>60<\/td>\n<\/tr>\n<tr>\n<td>Soir<\/td>\n<td>Tr\u00e8s nuageux<\/td>\n<td><b>10<\/b><\/td>\n<td>6<\/td>\n<td>18<\/td>\n<td>42<\/td>\n<\/tr>\n<p>En tout, on attend <b>8,7 mm<\/b> de pr\u00e9cipitations aujourd\u2019hui. Gardez l\u2019imperm\u00e9able \u00e0 port\u00e9e de main et restez attentifs aux coups de vent.<\/p>\n","protected":false},"excerpt":{"rendered":"\u00c0 Paris, le jeudi 12 f\u00e9vrier 2026, la m\u00e9t\u00e9o sera marqu\u00e9e par un ciel tr\u00e8s nuageux avec des&hellip;\n","protected":false},"author":2,"featured_media":730081,"comment_status":"","ping_status":"","sticky":false,"template":"","format":"standard","meta":{"footnotes":"","_share_on_mastodon":"0"},"categories":[1888],"tags":[1111,1928,11,1927,1777,674,1011,27,12,1926,626,1925,25],"class_list":["post-730080","post","type-post","status-publish","format-standard","has-post-thumbnail","category-paris","tag-actu","tag-actu-paris","tag-actualites","tag-actualites-paris","tag-eu","tag-europe","tag-fr","tag-france","tag-news","tag-news-paris","tag-paris","tag-paris-news","tag-republique-francaise"],"share_on_mastodon":{"url":"https:\/\/pubeurope.com\/@fr\/116059373938816466","error":""},"_links":{"self":[{"href":"https:\/\/www.europesays.com\/fr\/wp-json\/wp\/v2\/posts\/730080","targetHints":{"allow":["GET"]}}],"collection":[{"href":"https:\/\/www.europesays.com\/fr\/wp-json\/wp\/v2\/posts"}],"about":[{"href":"https:\/\/www.europesays.com\/fr\/wp-json\/wp\/v2\/types\/post"}],"author":[{"embeddable":true,"href":"https:\/\/www.europesays.com\/fr\/wp-json\/wp\/v2\/users\/2"}],"replies":[{"embeddable":true,"href":"https:\/\/www.europesays.com\/fr\/wp-json\/wp\/v2\/comments?post=730080"}],"version-history":[{"count":0,"href":"https:\/\/www.europesays.com\/fr\/wp-json\/wp\/v2\/posts\/730080\/revisions"}],"wp:featuredmedia":[{"embeddable":true,"href":"https:\/\/www.europesays.com\/fr\/wp-json\/wp\/v2\/media\/730081"}],"wp:attachment":[{"href":"https:\/\/www.europesays.com\/fr\/wp-json\/wp\/v2\/media?parent=730080"}],"wp:term":[{"taxonomy":"category","embeddable":true,"href":"https:\/\/www.europesays.com\/fr\/wp-json\/wp\/v2\/categories?post=730080"},{"taxonomy":"post_tag","embeddable":true,"href":"https:\/\/www.europesays.com\/fr\/wp-json\/wp\/v2\/tags?post=730080"}],"curies":[{"name":"wp","href":"https:\/\/api.w.org\/{rel}","templated":true}]}}