{"id":730082,"date":"2026-02-12T19:44:16","date_gmt":"2026-02-12T19:44:16","guid":{"rendered":"https:\/\/www.europesays.com\/fr\/730082\/"},"modified":"2026-02-12T19:44:16","modified_gmt":"2026-02-12T19:44:16","slug":"le-psg-annonce-le-lancement-du-psg-running","status":"publish","type":"post","link":"https:\/\/www.europesays.com\/fr\/730082\/","title":{"rendered":"Le PSG annonce le lancement du PSG Running"},"content":{"rendered":"<p>Ce jeudi 12 f\u00e9vrier 2026, le PSG a officialis\u00e9 le lancement<br \/>\ndu PSG Running, un programme d\u00e9di\u00e9 \u00e0 la course \u00e0 pied destin\u00e9 \u00e0<br \/>\nrassembler, tout au long de l\u2019ann\u00e9e, les fans et les pratiquants en<br \/>\nFrance et \u00e0 l\u2019international.<\/p>\n<p>Le <strong>PSG<\/strong> continue \u00e0 impliquer toute sa communaut\u00e9<br \/>\net ses supporters \u00e0 travers diverses activit\u00e9s. Ce jeudi 12 f\u00e9vrier<br \/>\n2026, le club de la capitale a annonc\u00e9 le lancement du <strong>PSG<br \/>\nRunning<\/strong>. Et cela s\u2019incarne par le retour de<br \/>\n<strong><a href=\"https:\/\/canal-supporters.com\/succes-pour-la-premiere-edition-de-la-we-run-paris\/\" title=\"\" rel=\"nofollow noopener\" target=\"_blank\">We Run Paris<\/a><\/strong>, l\u2019\u00e9v\u00e9nement running<br \/>\nembl\u00e9matique du Club, le d\u00e9ploiement de\u00a0<strong>Run Clubs<br \/>\ninternationaux<\/strong>, qui d\u00e9butera d\u00e8s ce week-end \u00e0<br \/>\n<strong>Londres<\/strong>, \u00ab\u00a0le lancement<br \/>\ndu\u00a0<strong>PSG Run Club digital sur Strava<\/strong>\u00a0\u00e0<br \/>\npartir du mois de mars, ainsi que l\u2019annonce de son ambassadeur pour<br \/>\nce programme :\u00a0<strong>Sir Mo Farah<\/strong>\u00ab\u00a0,<br \/>\nrapporte le <strong>PSG<\/strong> dans son <strong><a href=\"https:\/\/www.psg.fr\/content\/le-paris-saint-germain-sengage-dans-le-running-et-deploie-un-programme-global-pour-rassembler-sa-communaute-psg-club-news-2025-2026\" target=\"_blank\" rel=\"noopener nofollow\" title=\"\">communiqu\u00e9<\/a><\/strong>.<\/p>\n<p>We Run Paris le<br \/>\n28 juin 2026<\/p>\n<p><strong>PSG Running\u00a0<\/strong>proposera \u00e9galement<br \/>\ndes\u00a0contenus p\u00e9dagogiques et inspirants\u00a0pour accompagner<br \/>\nsa communaut\u00e9 dans le d\u00e9passement de soi et le plaisir de courir :<br \/>\nentra\u00eenements ludiques, conseils en nutrition et m\u00e9thodes<br \/>\nd\u2019entra\u00eenement, pens\u00e9s pour tous les profils, des d\u00e9butants aux<br \/>\ncoureurs confirm\u00e9s, petits et grands. Et le <strong>We Run<br \/>\nParis<\/strong> fera son retour le dimanche 28 juin 2026, pour sa<br \/>\ndeuxi\u00e8me \u00e9dition apr\u00e8s celle de 2023. La course reprendra les<br \/>\nmarqueurs qui ont fait son succ\u00e8s :<\/p>\n<ul class=\"wp-block-list\">\n<li>Une\u00a0arriv\u00e9e devant le <strong>Parc des Princes<\/strong>, l\u2019enceinte mythique du <strong>PSG<\/strong><\/li>\n<li>Un\u00a0parcours de 10 km dans l\u2019ouest parisien\u00a0qui sera d\u00e9voil\u00e9 prochainement<\/li>\n<li>Une course\u00a0ouverte \u00e0 toutes et tous, du pratiquant occasionnel \u00e0 l\u2019athl\u00e8te confirm\u00e9, dans une atmosph\u00e8re m\u00ealant\u00a0performance, d\u00e9passement de soi et plaisir<\/li>\n<li>Une exp\u00e9rience immersive Rouge et Bleu, de l\u2019avant-course aux animations le long du parcours jusqu\u2019\u00e0 la ligne d\u2019arriv\u00e9e<\/li>\n<li>Une\u00a0remise des m\u00e9dailles au <strong>Parc des Princes<\/strong><\/li>\n<\/ul>\n<p>\u00c0 noter que les <strong>Kids Races<\/strong> (\u00e0 partir de 7 ans)<br \/>\nferont \u00e9galement leur retour. \u00ab\u00a0Les inscriptions<br \/>\nouvrent\u00a0lundi 16 f\u00e9vrier 2026 \u00e0 10h\u00a0pour les<br \/>\nmembres\u00a0<strong>MyParis Premium<\/strong> et les abonn\u00e9s du<br \/>\nClub,\u00a0qui b\u00e9n\u00e9ficieront d\u2019une\u00a0priorit\u00e9 d\u2019achat et d\u2019un<br \/>\ntarif pr\u00e9f\u00e9rentiel.\u00a0Les inscriptions\u00a0Grand<br \/>\nPublic\u00a0ouvriront le\u00a0lundi 23 f\u00e9vrier 2026 \u00e0 10h,\u00a0sur<br \/>\nle site officiel de\u00a0<strong>We Run Paris<\/strong>, o\u00f9 toutes<br \/>\nles informations pratiques sont d\u2019ores et d\u00e9j\u00e0<br \/>\ndisponibles\u00a0\u00bb, pr\u00e9cise le <strong>PSG<\/strong>.<\/p>\n<p>L\u2019ambassadeur du programme <strong>PSG Running<\/strong> et star<br \/>\nde l\u2019athl\u00e9tisme, <strong>Sir Mo Farah<\/strong> (quadruple champion<br \/>\nolympique), de son nom complet <strong>Mohamed Farah<\/strong>,<br \/>\ns\u2019est exprim\u00e9 sur cet \u00e9v\u00e8nement \u00e0 venir : \u00ab\u00a0C\u2019est un<br \/>\nhonneur de m\u2019associer au <strong>Paris Saint-Germain<\/strong>, un<br \/>\nClub embl\u00e9matique qui porte de grands projets et explore<br \/>\nconstamment de nouveaux horizons, comme le running maintenant. Je<br \/>\nsuis fier de devenir ambassadeur d\u2019un Club qui place la passion et<br \/>\nla transmission au c\u0153ur de son ADN, et de pouvoir partager mon<br \/>\nexp\u00e9rience avec la Nouvelle G\u00e9n\u00e9ration et les fans du<br \/>\n<strong>PSG<\/strong>, partout dans le monde.\u00a0\u00bb<\/p>\n<p> <img loading=\"lazy\" decoding=\"async\" width=\"3841\" height=\"2561\" src=\"https:\/\/canal-supporters.com\/wp-content\/uploads\/2026\/02\/We-Run-Paris.avif\" alt=\"We Run Paris\" class=\"wp-image-590768\" style=\"aspect-ratio:1.4998326079678608;width:703px;height:auto\"\/> Image : psg.fr <\/p>\n<p>Avec son partenaires <strong>Nike<\/strong>, le<br \/>\n<strong>PSG<\/strong> compte bien animer sa communaut\u00e9 running tout<br \/>\nau long de l\u2019ann\u00e9e \u00e0 <strong>Paris<\/strong>, en<br \/>\n<strong>\u00cele-de-France<\/strong> et \u00e0 l\u2019international via le<br \/>\nprogramme <strong>MyParis<\/strong>. \u00ab\u00a0Entre\u00a0runs<br \/>\ncommunautaires, activations locales et\u00a0d\u00e9fis digitaux,\u00a0le<br \/>\nClub entend rassembler sous une m\u00eame banni\u00e8re tous les passionn\u00e9s<br \/>\nde course \u00e0 pied et mettre en lumi\u00e8re les parcours, initiatives et<br \/>\nmoments forts de sa communaut\u00e9. Pour les fans internationaux, le<br \/>\n<strong>Paris Saint-Germain<\/strong> proposera \u00e9galement des<br \/>\nactivations en lien avec ses\u00a0180 clubs de supporters<br \/>\nactifs<strong>\u00a0<\/strong>sur tous les continents et<br \/>\nses\u00a0<strong>PSG Academies<\/strong> pr\u00e9sentes dans 22 pays,<br \/>\nafin de faire rayonner les couleurs Rouge et Bleu partout dans le<br \/>\nmonde. Premi\u00e8re \u00e9tape \u00e0\u00a0<strong>Londres<\/strong>,\u00a0d\u00e8s ce<br \/>\nweek-end, samedi 14 et dimanche 15 f\u00e9vrier, \u00e0 l\u2019occasion de<br \/>\nl\u2019espace \u00e9ph\u00e9m\u00e8re Ici C\u2019est <strong>Paris \u2013 La Maison<\/strong>,<br \/>\navec plusieurs runs communautaires encadr\u00e9s par des coachs<br \/>\n<strong>Nike<\/strong>.\u00a0\u00bb<\/p>\n<\/p>\n<p>Youtube :<br \/>\n<strong><a href=\"https:\/\/www.youtube.com\/@CanalSupportersParis\" target=\"_blank\" rel=\"noopener nofollow\" title=\"\">Canal Supporters<br \/>\nParis<\/a><\/strong><\/p>\n","protected":false},"excerpt":{"rendered":"Ce jeudi 12 f\u00e9vrier 2026, le PSG a officialis\u00e9 le lancement du PSG Running, un programme d\u00e9di\u00e9 \u00e0&hellip;\n","protected":false},"author":2,"featured_media":730083,"comment_status":"","ping_status":"","sticky":false,"template":"","format":"standard","meta":{"footnotes":"","_share_on_mastodon":"0"},"categories":[1888],"tags":[1111,1928,11,1927,81,787,1777,674,1011,27,12,1926,626,1925,91,92,93,81929,25,81930,96,81931],"class_list":["post-730082","post","type-post","status-publish","format-standard","has-post-thumbnail","category-paris","tag-actu","tag-actu-paris","tag-actualites","tag-actualites-paris","tag-canal-supporters","tag-cs","tag-eu","tag-europe","tag-fr","tag-france","tag-news","tag-news-paris","tag-paris","tag-paris-news","tag-paris-saint-germain","tag-paris-sg","tag-psg","tag-psg-running","tag-republique-francaise","tag-sir-mo-farah","tag-une","tag-we-run-paris"],"share_on_mastodon":{"url":"https:\/\/pubeurope.com\/@fr\/116059377908370165","error":""},"_links":{"self":[{"href":"https:\/\/www.europesays.com\/fr\/wp-json\/wp\/v2\/posts\/730082","targetHints":{"allow":["GET"]}}],"collection":[{"href":"https:\/\/www.europesays.com\/fr\/wp-json\/wp\/v2\/posts"}],"about":[{"href":"https:\/\/www.europesays.com\/fr\/wp-json\/wp\/v2\/types\/post"}],"author":[{"embeddable":true,"href":"https:\/\/www.europesays.com\/fr\/wp-json\/wp\/v2\/users\/2"}],"replies":[{"embeddable":true,"href":"https:\/\/www.europesays.com\/fr\/wp-json\/wp\/v2\/comments?post=730082"}],"version-history":[{"count":0,"href":"https:\/\/www.europesays.com\/fr\/wp-json\/wp\/v2\/posts\/730082\/revisions"}],"wp:featuredmedia":[{"embeddable":true,"href":"https:\/\/www.europesays.com\/fr\/wp-json\/wp\/v2\/media\/730083"}],"wp:attachment":[{"href":"https:\/\/www.europesays.com\/fr\/wp-json\/wp\/v2\/media?parent=730082"}],"wp:term":[{"taxonomy":"category","embeddable":true,"href":"https:\/\/www.europesays.com\/fr\/wp-json\/wp\/v2\/categories?post=730082"},{"taxonomy":"post_tag","embeddable":true,"href":"https:\/\/www.europesays.com\/fr\/wp-json\/wp\/v2\/tags?post=730082"}],"curies":[{"name":"wp","href":"https:\/\/api.w.org\/{rel}","templated":true}]}}