{"id":730086,"date":"2026-02-12T19:46:10","date_gmt":"2026-02-12T19:46:10","guid":{"rendered":"https:\/\/www.europesays.com\/fr\/730086\/"},"modified":"2026-02-12T19:46:10","modified_gmt":"2026-02-12T19:46:10","slug":"jean-luc-reichmann-proprietaire-dune-belle-batisse-du-xixe-siecle-situee-a-30-kilometres-de-paris-un-poumon-pour-sa-famille-recomposee","status":"publish","type":"post","link":"https:\/\/www.europesays.com\/fr\/730086\/","title":{"rendered":"Jean-Luc Reichmann propri\u00e9taire d&rsquo;une belle b\u00e2tisse du XIXe si\u00e8cle situ\u00e9e \u00e0 30 kilom\u00e8tres de Paris, un \u00ab\u00a0poumon\u00a0\u00bb pour sa famille recompos\u00e9e"},"content":{"rendered":"<p>Ce jeudi 12 f\u00e9vrier 2026, TF1 lance la treizi\u00e8me saison de <a href=\"https:\/\/www.purepeople.com\/article\/cela-a-ete-tres-dur-de-prendre-cette-decision-une-actrice-phare-de-leo-mattei-quitte-la-serie-de-tf1-et-evoque-jean-luc-reichmann_a541594\/1\" rel=\"nofollow noopener\" target=\"_blank\">L\u00e9o Matt\u00e9\u00ef<\/a>. L&rsquo;occasion alors de s&rsquo;int\u00e9resser \u00e0<a href=\"https:\/\/www.purepeople.com\/people\/jean-luc-reichmann_p1353\" rel=\"nofollow noopener\" target=\"_blank\"> Jean-Luc Reichmann<\/a>, h\u00e9ros de la s\u00e9rie, et notamment \u00e0 l&rsquo;endroit o\u00f9 il vit. <strong>Aux derni\u00e8res nouvelles, le c\u00e9l\u00e8bre animateur est install\u00e9 \u00e0 Versailles, \u00e0 30 kilom\u00e8tres de Paris. Il poss\u00e8de une maison de 600 m\u00e8tres carr\u00e9s, situ\u00e9e dans le quartier Saint-Louis.<\/strong><\/p>\n<p><strong>Plus pr\u00e9cis\u00e9ment, celui qui partage sa vie avec <\/strong><a href=\"https:\/\/www.purepeople.com\/article\/jean-luc-reichmann-et-sa-compagne-nathalie-agrandissent-leur-grande-famille-recomposee-avec-un-nouveau-membre_a546944\/1\" rel=\"nofollow noopener\" target=\"_blank\"><strong>Nathalie <\/strong><\/a><strong>Lecoultre, et qui a six enfants issus d&rsquo;une famille recompos\u00e9e, habite une b\u00e2tisse dat\u00e9e de 1860.<\/strong> C&rsquo;est ce que l&rsquo;on apprenait en juin 2015, lorsqu&rsquo;il ouvrait les portes de sa demeure \u00e0 nos confr\u00e8res du Parisien. Le quotidien r\u00e9gional pr\u00e9cisait ensuite que, lorsque l&rsquo;on pousse la porte de sa propri\u00e9t\u00e9, on tombe directement sur \u00ab\u00a0une courette pav\u00e9e, noy\u00e9e sous la verdure et parsem\u00e9e de pots aux fleurs multicolores\u00a0\u00bb.<\/p>\n<p>Il s&rsquo;agit d&rsquo;une maison avec jardin, ce qui est tout sauf un d\u00e9tail pour Jean-Luc Reichmann : \u00a0\u00ab\u00a0M\u00eame s&rsquo;il est tout petit, puisqu&rsquo;il ne fait que 3 m sur 5, je tiens \u00e0 ce bout de jardin. Certains ont besoin d&rsquo;affronter vents et oc\u00e9ans. Moi, je m&rsquo;\u00e9vade dans ma maison en franchissant la porte du jardin. Comme le chante Cabrel : Il n&rsquo;a pas trouv\u00e9 mieux que son lopin de terre.\u00a0\u00bb<\/p>\n<p>Jean-Luc Reichmann, \u00e0 quoi ressemble l&rsquo;int\u00e9rieur de sa maison \u00e0 Versailles ?<\/p>\n<p><strong>\u00ab\u00a0Cette maison est un poumon\u00a0\u00bb<\/strong>, indiquait au Parisien le pr\u00e9sentateur des Douze coups de midi. Et d&rsquo;ajouter : \u00ab\u00a0On a cherch\u00e9 un endroit o\u00f9 il y ait assez de place pour que chacun y ait sa chambre. On cherchait pas loin des \u00e9coles et avec un bout de jardin pour le chien, Ajacchien, adopt\u00e9 il y a deux ans dans un refuge corse \u00e0 Ajaccio (<a href=\"https:\/\/www.purepeople.com\/article\/jean-luc-reichmann-a-aussi-une-maison-en-corse-il-y-habite-depuis-plus-de-20-ans-je-me-suis-senti-accueilli-comme-personne_a541498\/1\" rel=\"nofollow noopener\" target=\"_blank\">il a \u00e9galement un pied-\u00e0-terre en Corse<\/a>, ndlr).\u00a0\u00bb<\/p>\n<p>Sur Instagram, l&rsquo;animateur partage parfois certains clich\u00e9s de sa maison. Les internautes peuvent ainsi d\u00e9couvrir un int\u00e9rieur cosy avec des murs en pierre, une belle chemin\u00e9e rustique, et un escalier en bois.<\/p>\n<p>Comme l&rsquo;indique Closer, Jean-Luc Reichmann &#8211; qui poss\u00e8de aussi une jolie demeure en <a href=\"https:\/\/www.purepeople.com\/article\/maisons-de-stars-jean-luc-reichmann-vrai-provincial-ses-havres-de-paix-en-bourgogne-et-sur-la-splendide-ile-de-beaute_a521003\/1\" rel=\"nofollow noopener\" target=\"_blank\">Bourgogne <\/a>&#8211; peut \u00e0 la fois profiter de ce havre de paix et se rendre facilement dans la capitale pour son travail : il rejoint Paris en quelques dizaines de minutes seulement, \u00e0 bord de sa moto.\u00a0<\/p>\n","protected":false},"excerpt":{"rendered":"Ce jeudi 12 f\u00e9vrier 2026, TF1 lance la treizi\u00e8me saison de L\u00e9o Matt\u00e9\u00ef. L&rsquo;occasion alors de s&rsquo;int\u00e9resser \u00e0&hellip;\n","protected":false},"author":2,"featured_media":730087,"comment_status":"","ping_status":"","sticky":false,"template":"","format":"standard","meta":{"footnotes":"","_share_on_mastodon":"0"},"categories":[1888],"tags":[11,1777,674,1011,27,12,626,25],"class_list":["post-730086","post","type-post","status-publish","format-standard","has-post-thumbnail","category-paris","tag-actualites","tag-eu","tag-europe","tag-fr","tag-france","tag-news","tag-paris","tag-republique-francaise"],"share_on_mastodon":{"url":"https:\/\/pubeurope.com\/@fr\/116059385792829934","error":""},"_links":{"self":[{"href":"https:\/\/www.europesays.com\/fr\/wp-json\/wp\/v2\/posts\/730086","targetHints":{"allow":["GET"]}}],"collection":[{"href":"https:\/\/www.europesays.com\/fr\/wp-json\/wp\/v2\/posts"}],"about":[{"href":"https:\/\/www.europesays.com\/fr\/wp-json\/wp\/v2\/types\/post"}],"author":[{"embeddable":true,"href":"https:\/\/www.europesays.com\/fr\/wp-json\/wp\/v2\/users\/2"}],"replies":[{"embeddable":true,"href":"https:\/\/www.europesays.com\/fr\/wp-json\/wp\/v2\/comments?post=730086"}],"version-history":[{"count":0,"href":"https:\/\/www.europesays.com\/fr\/wp-json\/wp\/v2\/posts\/730086\/revisions"}],"wp:featuredmedia":[{"embeddable":true,"href":"https:\/\/www.europesays.com\/fr\/wp-json\/wp\/v2\/media\/730087"}],"wp:attachment":[{"href":"https:\/\/www.europesays.com\/fr\/wp-json\/wp\/v2\/media?parent=730086"}],"wp:term":[{"taxonomy":"category","embeddable":true,"href":"https:\/\/www.europesays.com\/fr\/wp-json\/wp\/v2\/categories?post=730086"},{"taxonomy":"post_tag","embeddable":true,"href":"https:\/\/www.europesays.com\/fr\/wp-json\/wp\/v2\/tags?post=730086"}],"curies":[{"name":"wp","href":"https:\/\/api.w.org\/{rel}","templated":true}]}}