{"id":730209,"date":"2026-02-12T20:57:14","date_gmt":"2026-02-12T20:57:14","guid":{"rendered":"https:\/\/www.europesays.com\/fr\/730209\/"},"modified":"2026-02-12T20:57:14","modified_gmt":"2026-02-12T20:57:14","slug":"la-ministre-francaise-des-armees-doute-que-la-russie-veuille-vraiment-la-paix-avec-lukraine","status":"publish","type":"post","link":"https:\/\/www.europesays.com\/fr\/730209\/","title":{"rendered":"La ministre fran\u00e7aise des Arm\u00e9es doute que la Russie veuille vraiment la paix avec l&rsquo;Ukraine"},"content":{"rendered":"<p class=\"mb-4 text-lg md:leading-8 break-words\">Dans un entretien accord\u00e9 \u00e0 Euronews, la ministre fran\u00e7aise des Arm\u00e9es, Catherine Vautrin, s&rsquo;est interrog\u00e9e sur la r\u00e9elle volont\u00e9 de la Russie de conclure un accord de paix avec l&rsquo;Ukraine, au regard des attaques que le Kremlin continue de mener contre le pays.<\/p>\n<p class=\"mb-4 text-lg md:leading-8 break-words\">La semaine derni\u00e8re, Vautrin s&rsquo;est rendue en Ukraine pour la premi\u00e8re fois depuis sa prise de fonctions en octobre dernier. Elle a racont\u00e9 les nombreuses alertes sonores signalant des attaques imminentes, ainsi que les frappes survenues pendant son s\u00e9jour.<\/p>\n<p class=\"mb-4 text-lg md:leading-8 break-words\">\u00ab Dans la nuit o\u00f9 je voyageais entre la Pologne et Kiev, il y a eu des alertes \u00e0 l&rsquo;ouest, des attaques pour frapper une nouvelle fois les infrastructures \u00e9nerg\u00e9tiques, et dans le train du retour vers Lviv, il y avait l\u00e0 aussi des alertes ; c&rsquo;est donc une r\u00e9alit\u00e9 quotidienne \u00bb, a-t-elle d\u00e9clar\u00e9.<\/p>\n<p class=\"mb-4 text-lg md:leading-8 break-words\">\u00ab Quand on est t\u00e9moin de cela, quand on voit cette situation, on se demande : les Russes veulent-ils vraiment la paix ? \u00bb, a ajout\u00e9 Vautrin.<\/p>\n<p class=\"mb-4 text-lg md:leading-8 break-words\">Elle a toutefois salu\u00e9 les efforts des \u00c9tats-Unis, en coordination avec l&rsquo;Ukraine, pour engager des discussions avec la Russie en vue d&rsquo;un accord de paix.<\/p>\n<p class=\"mb-4 text-lg md:leading-8 break-words\">Des pourparlers trilat\u00e9raux se sont tenus la semaine derni\u00e8re dans la capitale \u00e9miratie, Abou Dhabi, afin de mettre un terme \u00e0 la guerre. Faute de perc\u00e9e majeure, cette r\u00e9union de deux jours a n\u00e9anmoins d\u00e9bouch\u00e9 sur un nouvel accord d&rsquo;\u00e9change de prisonniers, ainsi que sur un engagement \u00e0 poursuivre les discussions.<\/p>\n<p class=\"mb-4 text-lg md:leading-8 break-words\">\u00c0 l&rsquo;issue de ces discussions, le pr\u00e9sident ukrainien Volodymyr Zelensky a indiqu\u00e9 que les \u00c9tats-Unis avaient donn\u00e9 \u00e0 l&rsquo;Ukraine et \u00e0 la Russie jusqu&rsquo;au mois de juin pour conclure un accord, et que l&rsquo;Ukraine avait accept\u00e9 une invitation am\u00e9ricaine \u00e0 organiser un nouveau cycle de n\u00e9gociations de paix la semaine prochaine. La Russie n&rsquo;a pas encore r\u00e9agi.<\/p>\n<p class=\"mb-4 text-lg md:leading-8 break-words\">Vautrin a soulign\u00e9 la n\u00e9cessit\u00e9 d&rsquo;associer les dirigeants europ\u00e9ens aux prochaines n\u00e9gociations. \u00ab Car, comme vous le savez, notamment avec la Coalition des volontaires, nous serons l\u00e0 pour veiller qu&rsquo;une fois les hostilit\u00e9s termin\u00e9es, un cessez-le-feu soit proclam\u00e9, ou mieux encore, qu&rsquo;un accord de paix soit conclu ; nous serons l\u00e0 pour garantir les conditions de s\u00e9curit\u00e9. \u00bb<\/p>\n<p>\u00ab Les missiles sont essentiels pour l&rsquo;Ukraine \u00bb<\/p>\n<p class=\"mb-4 text-lg md:leading-8 break-words\">Lors de sa visite en Ukraine, Vautrin a pu observer les positions de combat des unit\u00e9s de missiles anti-a\u00e9riens des forces arm\u00e9es ukrainiennes, ainsi que le syst\u00e8me de dissuasion par missiles du pays.<\/p>\n<p class=\"mb-4 text-lg md:leading-8 break-words\">Les missiles sont les armes dont l&rsquo;Ukraine a le plus besoin, a-t-elle affirm\u00e9. \u00ab L&rsquo;enjeu, c&rsquo;est vraiment la bataille dans le ciel. C&rsquo;est la premi\u00e8re chose que le pr\u00e9sident Zelensky m&rsquo;a demand\u00e9 de faire : relayer ce besoin en missiles \u00bb, a-t-elle dit.<\/p>\n<p class=\"mb-4 text-lg md:leading-8 break-words\">Elle a pr\u00e9cis\u00e9 que la demande de missiles suppl\u00e9mentaires avait \u00e9t\u00e9 au c\u0153ur des discussions lors d&rsquo;une r\u00e9union minist\u00e9rielle de l&rsquo;OTAN jeudi \u00e0 Bruxelles.<\/p>\n<p class=\"mb-4 text-lg md:leading-8 break-words\">\u00ab Avec le secr\u00e9taire g\u00e9n\u00e9ral de l&rsquo;OTAN, Mark Rutte, nous avons organis\u00e9 une table ronde avec tous les ministres pr\u00e9sents, en partant de cette question : comment convaincre votre Premier ministre d&rsquo;aller plus loin ? \u00bb<\/p>\n<p class=\"mb-4 text-lg md:leading-8 break-words\">Elle a relev\u00e9 que l&rsquo;actuel Premier ministre fran\u00e7ais, S\u00e9bastien Lecornu, est l&rsquo;ancien ministre de la D\u00e9fense du pays et un ancien militaire.<\/p>\n<p class=\"mb-4 text-lg md:leading-8 break-words\">Vautrin a ajout\u00e9 que derri\u00e8re cette mobilisation se trouve la n\u00e9cessit\u00e9, pour tous les pays europ\u00e9ens, de \u00ab comprendre que d\u00e9fendre l&rsquo;Ukraine, c&rsquo;est d\u00e9fendre l&rsquo;Europe \u00bb.<\/p>\n<p class=\"mb-4 text-lg md:leading-8 break-words\">\u00ab Il est important que tous les Europ\u00e9ens comprennent que la s\u00e9curit\u00e9 du continent est ind\u00e9niablement li\u00e9e \u00e0 celle de l&rsquo;Ukraine. \u00bb<\/p>\n<p class=\"mb-4 text-lg md:leading-8 break-words\">La ministre fran\u00e7aise des Arm\u00e9es a rejet\u00e9 l&rsquo;id\u00e9e selon laquelle les avertissements r\u00e9p\u00e9t\u00e9s des plus hauts responsables militaires fran\u00e7ais sur un possible conflit avec la Russie seraient excessivement alarmistes.<\/p>\n<p class=\"mb-4 text-lg md:leading-8 break-words\">Le plus haut grad\u00e9 de l&rsquo;arm\u00e9e fran\u00e7aise avait \u00e9t\u00e9 accus\u00e9 de va-t-en-guerre apr\u00e8s avoir averti que le pays devait se pr\u00e9parer \u00e0 \u00ab perdre ses enfants \u00bb face \u00e0 la menace que repr\u00e9sente la Russie.<\/p>\n<p class=\"mb-4 text-lg md:leading-8 break-words\">Ces propos du chef d&rsquo;\u00e9tat-major des arm\u00e9es, Fabien Mandon, tenus en novembre dernier devant des maires, ont relanc\u00e9 le d\u00e9bat sur l&rsquo;ampleur de l&rsquo;engagement que la France et ses alli\u00e9s europ\u00e9ens doivent \u00eatre pr\u00eats \u00e0 assumer dans le conflit en Ukraine.<\/p>\n<p class=\"mb-4 text-lg md:leading-8 break-words\">\u00ab La question qui se pose lorsqu&rsquo;un conflit \u00e9clate sur le continent europ\u00e9en, c&rsquo;est que nous devons nous pr\u00e9parer \u00e0 un conflit de haute intensit\u00e9 \u00bb, a d\u00e9clar\u00e9 Vautrin. \u00ab La meilleure fa\u00e7on d&rsquo;\u00e9viter un conflit, c&rsquo;est de s&rsquo;y pr\u00e9parer, et c&rsquo;est ce que nous faisons. \u00bb<\/p>\n<p class=\"mb-4 text-lg md:leading-8 break-words\">Ce texte a \u00e9t\u00e9 traduit avec l\u2019aide de l\u2019intelligence artificielle. Signaler un probl\u00e8me : [feedback-articles-fr@euronews.com].<\/p>\n","protected":false},"excerpt":{"rendered":"Dans un entretien accord\u00e9 \u00e0 Euronews, la ministre fran\u00e7aise des Arm\u00e9es, Catherine Vautrin, s&rsquo;est interrog\u00e9e sur la r\u00e9elle&hellip;\n","protected":false},"author":2,"featured_media":730210,"comment_status":"","ping_status":"","sticky":false,"template":"","format":"standard","meta":{"footnotes":"","_share_on_mastodon":"0"},"categories":[1591],"tags":[15533,11,6970,74702,1887,70285,2489,12,1885,1886,132,220],"class_list":["post-730209","post","type-post","status-publish","format-standard","has-post-thumbnail","category-russie","tag-accord-de-paix","tag-actualites","tag-catherine-vautrin","tag-conditions-de-securite","tag-federation-de-russie","tag-l39ukraine","tag-la-russie","tag-news","tag-russia","tag-russian-federation","tag-russie","tag-ukraine"],"share_on_mastodon":{"url":"https:\/\/pubeurope.com\/@fr\/116059664928129922","error":""},"_links":{"self":[{"href":"https:\/\/www.europesays.com\/fr\/wp-json\/wp\/v2\/posts\/730209","targetHints":{"allow":["GET"]}}],"collection":[{"href":"https:\/\/www.europesays.com\/fr\/wp-json\/wp\/v2\/posts"}],"about":[{"href":"https:\/\/www.europesays.com\/fr\/wp-json\/wp\/v2\/types\/post"}],"author":[{"embeddable":true,"href":"https:\/\/www.europesays.com\/fr\/wp-json\/wp\/v2\/users\/2"}],"replies":[{"embeddable":true,"href":"https:\/\/www.europesays.com\/fr\/wp-json\/wp\/v2\/comments?post=730209"}],"version-history":[{"count":0,"href":"https:\/\/www.europesays.com\/fr\/wp-json\/wp\/v2\/posts\/730209\/revisions"}],"wp:featuredmedia":[{"embeddable":true,"href":"https:\/\/www.europesays.com\/fr\/wp-json\/wp\/v2\/media\/730210"}],"wp:attachment":[{"href":"https:\/\/www.europesays.com\/fr\/wp-json\/wp\/v2\/media?parent=730209"}],"wp:term":[{"taxonomy":"category","embeddable":true,"href":"https:\/\/www.europesays.com\/fr\/wp-json\/wp\/v2\/categories?post=730209"},{"taxonomy":"post_tag","embeddable":true,"href":"https:\/\/www.europesays.com\/fr\/wp-json\/wp\/v2\/tags?post=730209"}],"curies":[{"name":"wp","href":"https:\/\/api.w.org\/{rel}","templated":true}]}}