{"id":730388,"date":"2026-02-12T22:47:13","date_gmt":"2026-02-12T22:47:13","guid":{"rendered":"https:\/\/www.europesays.com\/fr\/730388\/"},"modified":"2026-02-12T22:47:13","modified_gmt":"2026-02-12T22:47:13","slug":"une-equipe-des-droites-rassemblees-au-pradet-pour-les-municipales","status":"publish","type":"post","link":"https:\/\/www.europesays.com\/fr\/730388\/","title":{"rendered":"une \u00e9quipe des droites rassembl\u00e9es au Pradet pour les Municipales"},"content":{"rendered":"<p class=\"fs-5 \">\u00ab Nous nous retrouvons au terme de quatre ann\u00e9es de rencontres durant lesquelles nous avons tout b\u00e2ti ensemble. Voici maintenant notre \u00e9quipe pour une alternative au Pradet ; une \u00e9quipe qui a la volont\u00e9 de changer Le Pradet ! \u00bb Mercredi soir \u00e0 l\u2019Espace des arts, Val\u00e9rie Rialland, a pr\u00e9sent\u00e9 ses colistiers dans une salle pleine et sous des projecteurs tr\u00e8s color\u00e9s.<\/p>\n<p class=\"fs-5 \">\u00ab Cette \u00e9quipe, elle est diverse et repr\u00e9sente bien Le Pradet d\u2019aujourd\u2019hui. Il y a \u00e0 la fois des repr\u00e9sentants d\u2019anciennes familles prad\u00e9tanes comme des tout jeunes. Notre benjamine est \u00e9tudiante et a seulement 18 ans. \u00bb<\/p>\n<p class=\"fs-5 \">C\u00f4t\u00e9 politique, la candidate se veut la repr\u00e9sentante du \u00ab rassemblement des droites \u00bb avec l\u2019UDR et Nouvelle \u00e9nergie pour la France, en soutiens. \u00ab Au-del\u00e0 de \u00e7a, je me suis entour\u00e9e de femmes et d\u2019hommes venus de tous milieux : du public comme du priv\u00e9. Car on a envie que \u00e7a change ici. On a envie de servir. On est pr\u00eats ! \u00bb, a-t-elle martel\u00e9.<\/p>\n<p>    La liste<\/p>\n<p class=\"fs-5 \"><strong>Val\u00e9rie Rialland, <\/strong>52 ans, professeure en lyc\u00e9e<strong> ; Elian Devesa<\/strong>, 36 ans, chef d\u2019entreprise ; <strong>Martine Cabot<\/strong>, 71 ans, agent de ma\u00eetrise ; <strong>Gilles Lejeune<\/strong>, 65 ans, infirmier ; <strong>C\u00e9line Prati,<\/strong> 44 ans, m\u00e9diatrice administrative ; <strong>Thierry Mimouni<\/strong>, 60 ans, responsable \u00e9ducatif ; <strong>Dominique Rolland<\/strong>, 61 ans, cadre de banque ; <strong>Gabriel Ladouce<\/strong>, 45 ans, agent administratif ; <strong>Viviane Tiar<\/strong>, 62 ans, ing\u00e9nieur commercial ; <strong>Martial Messe<\/strong>, 43 ans, cadre technique ; <strong>Catherine Bordone<\/strong>, 60 ans, cadre de banque ; <strong>Denis Tendil<\/strong>, 76 ans, militaire ; <strong>\u00c9milie Baldacchino<\/strong>, 39 ans, \u00e9ducatrice jeunes enfants ; <strong>Daniel Duvoux<\/strong>, 75 ans, officier de marine ; <strong>Karine Lindow,<\/strong> 58 ans, \u00e9ducatrice ; <strong>Eric Hugoning de Labonnefon<\/strong>, 59 ans, coordinateur production ; <strong>Rega Shehu,<\/strong> 45 ans, cheffe de projet ; <strong>Fabrice Beau<\/strong>, 58 ans, chef d\u2019entreprise ; <strong>Delphine De Lesquen<\/strong>, 44 ans, professeure ; <strong>Jean-Marc L\u00e9andri<\/strong>, 37 ans, chef d\u2019entreprise ; <strong>C\u00e9line Sanchez<\/strong>, 40 ans, directrice d\u2019agence ; <strong>Fr\u00e9d\u00e9ric Garcia<\/strong>, 46 ans, agent commercial SNCF ; <strong>Laura Simone<\/strong>, 18 ans, \u00e9tudiante ; <strong>Dominique Zorzitto<\/strong>, 74 ans, artisan ; <strong>Marion Banafous<\/strong>, 35 ans, cheffe d\u2019entreprise ; <strong>Philippe Bouchet<\/strong>, 74 ans, expert immobilier ; <strong>Laetitia G\u00e9nnarino<\/strong>, 45 ans, conseill\u00e8re en patrimoine ; <strong>Fr\u00e9d\u00e9ric Bongiovanni<\/strong>, 38 ans, fonctionnaire ; <strong>Christine Watel<\/strong>, 70 ans, adjoint administratif ; <strong>Pierre Vachier<\/strong>, 59 ans, agriculteur ; <strong>Aur\u00e9lie Aiguier<\/strong>, 38 ans, infirmi\u00e8re ; <strong>Daniel Ayela<\/strong>, 78 ans, repr\u00e9sentant commercial ; <strong>Anne Deriggi<\/strong>, 44 ans, m\u00e9decin g\u00e9n\u00e9raliste.<\/p>\n","protected":false},"excerpt":{"rendered":"\u00ab Nous nous retrouvons au terme de quatre ann\u00e9es de rencontres durant lesquelles nous avons tout b\u00e2ti ensemble.&hellip;\n","protected":false},"author":2,"featured_media":730389,"comment_status":"","ping_status":"","sticky":false,"template":"","format":"standard","meta":{"footnotes":"","_share_on_mastodon":"0"},"categories":[9619],"tags":[1111,11,1777,674,1011,27,3434,12,882,25,2310],"class_list":["post-730388","post","type-post","status-publish","format-standard","has-post-thumbnail","category-toulon","tag-actu","tag-actualites","tag-eu","tag-europe","tag-fr","tag-france","tag-municipales-2026","tag-news","tag-provence-alpes-cote-dazur","tag-republique-francaise","tag-toulon"],"share_on_mastodon":{"url":"https:\/\/pubeurope.com\/@fr\/116060097452118810","error":""},"_links":{"self":[{"href":"https:\/\/www.europesays.com\/fr\/wp-json\/wp\/v2\/posts\/730388","targetHints":{"allow":["GET"]}}],"collection":[{"href":"https:\/\/www.europesays.com\/fr\/wp-json\/wp\/v2\/posts"}],"about":[{"href":"https:\/\/www.europesays.com\/fr\/wp-json\/wp\/v2\/types\/post"}],"author":[{"embeddable":true,"href":"https:\/\/www.europesays.com\/fr\/wp-json\/wp\/v2\/users\/2"}],"replies":[{"embeddable":true,"href":"https:\/\/www.europesays.com\/fr\/wp-json\/wp\/v2\/comments?post=730388"}],"version-history":[{"count":0,"href":"https:\/\/www.europesays.com\/fr\/wp-json\/wp\/v2\/posts\/730388\/revisions"}],"wp:featuredmedia":[{"embeddable":true,"href":"https:\/\/www.europesays.com\/fr\/wp-json\/wp\/v2\/media\/730389"}],"wp:attachment":[{"href":"https:\/\/www.europesays.com\/fr\/wp-json\/wp\/v2\/media?parent=730388"}],"wp:term":[{"taxonomy":"category","embeddable":true,"href":"https:\/\/www.europesays.com\/fr\/wp-json\/wp\/v2\/categories?post=730388"},{"taxonomy":"post_tag","embeddable":true,"href":"https:\/\/www.europesays.com\/fr\/wp-json\/wp\/v2\/tags?post=730388"}],"curies":[{"name":"wp","href":"https:\/\/api.w.org\/{rel}","templated":true}]}}