{"id":730390,"date":"2026-02-12T22:48:13","date_gmt":"2026-02-12T22:48:13","guid":{"rendered":"https:\/\/www.europesays.com\/fr\/730390\/"},"modified":"2026-02-12T22:48:13","modified_gmt":"2026-02-12T22:48:13","slug":"michel-bonnus-presente-ces-colistiers-de-toulon-en-grand","status":"publish","type":"post","link":"https:\/\/www.europesays.com\/fr\/730390\/","title":{"rendered":"Michel Bonnus pr\u00e9sente ces colistiers de \u00ab\u00a0Toulon en grand\u00a0!\u00a0\u00bb"},"content":{"rendered":"<p class=\"fs-5 \">Tout un symbole. C\u2019est au Cabanon, bar-restaurant des plages du Mourillon que Michel Bonnus a longtemps tenu, que ce dernier a choisi de pr\u00e9senter son \u00e9quipe. Une liste de cinquante-neuf noms qui a pour mission d\u2019accompagner le s\u00e9nateur Les R\u00e9publicains dans sa campagne pour les \u00e9lections municipales de Toulon\u2026 et plus si affinit\u00e9s\u00a0!<\/p>\n<p class=\"fs-5 \">\u00ab\u00a0Je veux les meilleurs pour ma ville, je veux qu\u2019on me fasse de l\u2019ombre\u00a0\u00bb, a lanc\u00e9, devant ses troupes, Michel Bonnus. Lequel confesse avoir pass\u00e9 quelques nuits blanches pour choisir ses colistiers. Chefs d\u2019entreprise (onze), enseignants (cinq), avocats (cinq)\u00a0: \u00ab\u00a0J\u2019ai rassembl\u00e9 des comp\u00e9tences, des sp\u00e9cialistes dans leurs domaines\u00a0\u00bb, a insist\u00e9 le parlementaire, d\u00e9voilant un collectif affichant 51 ans de moyenne d\u2019\u00e2ge.<\/p>\n<p class=\"fs-5 \">Mais ce qui est notable surtout, c\u2019est la pr\u00e9sence autour de lui de vingt-trois \u00e9lus de l\u2019actuelle majorit\u00e9 municipale. Soit pr\u00e8s de 40\u00a0% de \u00ab\u00a0sortants\u00a0\u00bb, d\u00e9j\u00e0 aux c\u00f4t\u00e9s d\u2019Hubert Falco en 2020. Rien de surprenant pour les observateurs de la vie politique locale\u00a0: \u00e0 l\u2019automne dernier, embo\u00eetant le pas \u00e0 l\u2019ancien maire, trente et un \u00e9lus avaient cosign\u00e9 une tribune pour apporter leur soutien au s\u00e9nateur plut\u00f4t qu\u2019\u00e0 Jos\u00e9e Massi, en poste \u00e0 l\u2019h\u00f4tel de ville.<\/p>\n<p class=\"fs-5 \">Toutes ces \u00ab\u00a0personnes d\u2019exp\u00e9rience\u00a0\u00bb permettent aujourd\u2019hui \u00e0 Michel Bonnus de faire un argument de campagne des projets d\u00e9j\u00e0 lanc\u00e9s, tout en se pr\u00e9valant du bilan de la derni\u00e8re mandature\u2026 et m\u00eame des pr\u00e9c\u00e9dentes. Robert Cavanna (71 ans, doyen de la liste), Yannick Chenevard, Caroline Depallens et Amaury Charreton font ainsi partie de l\u2019\u00e9quipe municipale depuis 2001.<\/p>\n<p class=\"fs-5 \">En revanche, aucune \u00ab\u00a0star\u00a0\u00bb de la culture ou du sport. Mourad Boudjellal, qui se pr\u00e9vaut d\u2019\u00eatre \u00ab\u00a0le seul Toulonnais qui aurait pu \u00eatre sur les quatre listes\u00a0\u00bb, est l\u2019un des rares \u00e0 voir sa notori\u00e9t\u00e9 d\u00e9passer les fronti\u00e8res du Var.<\/p>\n<p>        <img src=\"https:\/\/www.europesays.com\/fr\/wp-content\/uploads\/2026\/02\/7458695_upload-from-url-1-tr58jvjmkivq-data-art-17117971.jpg\"   loading=\"lazy\" decoding=\"async\" alt=\"\u00ab Je veux que dans cinq ans, on dise : \u201cIl a fait \u00e9voluer la ville\u201d \u00bb. Photo luc boutria\" class=\"img-fluid position-absolute w-100 object-fit-cover rounded-2\" width=\"600\" height=\"400\"\/><\/p>\n<p>    La liste \u00ab\u00a0Toulon en grand\u00a0!\u00a0\u00bb<\/p>\n<p class=\"fs-5 \"><strong>Michel Bonnus<\/strong>, 60 ans, s\u00e9nateur\u00a0; <strong>Val\u00e9rie Mondone,<\/strong> 51 ans, formatrice\u00a0; <strong>Eric Goirand<\/strong>, 55 ans, avocat\u00a0; <strong>Virginie Hornus-Pin<\/strong>, 56 ans, avocate\u00a0; <strong>Yannick Chenevard<\/strong>, 66 ans, d\u00e9put\u00e9\u00a0; <strong>Caroline Depallens<\/strong>, 63 ans, opticienne\u00a0; <strong>Thierry Di Manno<\/strong>, 58 ans, professeur des universit\u00e9s\u00a0; <strong>Audrey Pasquali-Cerny<\/strong>, 41 ans, avocate\u00a0; <strong>Mourad Boudjellal<\/strong>, 65 ans, \u00e9diteur\u00a0; <strong>Ana\u00efs Dir<\/strong>, 36 ans, professeure des \u00e9coles\u00a0; <strong>Christophe Moreno<\/strong>, 41 ans, responsable d\u2019agences immobili\u00e8res\u00a0; <strong>Camille Roy\u00e8re<\/strong>, 44 ans, expert-comptable\u00a0; <strong>Fran\u00e7ois Vial<\/strong>, 62 ans, professeur des \u00e9coles\u00a0; <strong>Magali Turbatte<\/strong>, 55 ans, consultante\u00a0; <strong>Laurent Bonnet<\/strong>, 51 ans, kin\u00e9\u00a0; <strong>Charlotte Barriol<\/strong>, 40 ans, avocate\u00a0; <strong>Robert Cavanna<\/strong>, 71 ans, ma\u00eetre de conf\u00e9rences en droit public (ER)\u00a0; <strong>Karima Dridi,<\/strong> 39 ans, infirmi\u00e8re\u00a0; <strong>Lucien Arnaud<\/strong>, 47 ans, avocat\u00a0; <strong>B\u00e9atrice Manzanares<\/strong>, 61 ans, fonctionnaire hospitalier\u00a0; <strong>David Garavagno<\/strong>, 48 ans, chef d\u2019entreprise\u00a0; <strong>Amandine Layec<\/strong>, 38 ans, sportive de haut niveau\u00a0; <strong>Eric Briquet Campin<\/strong>, 64 ans, professeur des \u00e9coles\u00a0; <strong>Antonia Celma-Ribeton<\/strong>, 37 ans, professeure des \u00e9coles\u00a0; <strong>Gilles Manchon<\/strong>, 57 ans, cadre sup\u00e9rieur de sant\u00e9\u00a0; <strong>Donia Boudokhane<\/strong>, 24 ans, animatrice adjointe num\u00e9rique jeunesse \u00e0 la Maefe\u00a0; <strong>R\u00e9mi Tagliafico<\/strong>, 60 ans, chef d\u2018entreprise\u00a0; <strong>No\u00e9mie Plumier<\/strong>, 33 ans, charg\u00e9e de projet au secr\u00e9tariat international de l\u2019eau\u00a0; <strong>Amaury Charreton<\/strong>, 50 ans, directeur \u00e0 EDF\u00a0; <strong>Fabienne Gomes-Tmim<\/strong>, 59 ans, infirmi\u00e8re\u00a0; <strong>Luc de Saint-Sernin<\/strong>, 62 ans, consultant\u00a0; <strong>Viviane Driquez<\/strong>, 62 ans, charg\u00e9 de projet \u00e0 France Travail\u00a0; <strong>Mathieu Bayard<\/strong>, 44 ans, chef d\u2019entreprise\u00a0; <strong>Constance Illien-Bouton<\/strong>, 47 ans, chef d\u2018entreprise\u00a0; <strong>Thierry Campus<\/strong>, 63 ans, ancien directeur de cabinet du maire de La Valette, <strong>Isabelle Brotons<\/strong>, 55 ans, coiffeuse\u00a0; <strong>Laurent Gabbanini<\/strong>, 54 ans, cadre de la fonction publique\u00a0; <strong>Magalie N\u2019Kouka<\/strong>, 38 ans, fonctionnaire territorial\u00a0; <strong>Benoit Pelletier<\/strong>, 44 ans, directeur de cabinet du pr\u00e9sident de TPM\u00a0; <strong>Manon Fortias<\/strong>, 46 ans, fonctionnaire territorial\u00a0; <strong>St\u00e9phane Marello<\/strong>, 57 ans, expert-comptable\u00a0; <strong>Janine H\u00fcnn Zurowski<\/strong>, 50 ans, sophrologue\u00a0; <strong>Guillaume M\u00e9lenchon<\/strong>, 46 ans, pr\u00e9sident du comit\u00e9 d\u00e9partemental handisports\u00a0;<strong> Pascale Janvier<\/strong>, 55 ans, supply chain manager au service industriel de l\u2019a\u00e9ronautique\u00a0; <strong>Jean-Pierre Castelli,<\/strong> 69 ans, fonctionnaire territorial (ER)\u00a0; <strong>Sonia Moussaoui<\/strong>, 42 ans, conseill\u00e8re en gestion de patrimoine\u00a0; <strong>Romain Pelissou<\/strong>, 36 ans, cuisiniste\u00a0; <strong>Marcella Piasco Leca<\/strong>, 71 ans, fonctionnaire territorial (ER), <strong>St\u00e9phane Lagaye<\/strong>, 50 ans, responsable des affaires institutionnelles \u00e0 l\u2019AGPM, <strong>Cl\u00e9mence Mounier<\/strong>, 30 ans, entrepreneure\u00a0; <strong>Erick Mascaro<\/strong>, 64 ans, directeur \u00e0 GRDF\u00a0; <strong>Myriam Farsac Pareja<\/strong>, 58 ans, enseignante\u00a0; <strong>Ramzi Temine<\/strong>, 43 ans, fonctionnaire territorial\u00a0; <strong>Isabelle Gomez<\/strong>, 30 ans, m\u00e8re au foyer\u00a0; <strong>Kelvin Mathieu Delhal,<\/strong> 22 ans, \u00e9tudiant\u00a0; <strong>Jennifer Coulon<\/strong>, 43 ans, commer\u00e7ante\u00a0; <strong>Luigi Alfano<\/strong>, 68 ans, ancien footballeur, entra\u00eeneur et dirigeant du Sporting Toulon\u00a0; <strong>Sabrina Dob,<\/strong> 50 ans, fonctionnaire territorial\u00a0; <strong>Manu Diaz<\/strong>, 70 ans, ancien rugbyman, entra\u00eeneur et dirigeant du RCT.<\/p>\n<p class=\"fs-5 \">Les 45 premiers noms de la liste seraient assur\u00e9s d\u2019\u00eatre \u00e9lus si d\u2019aventure Michel Bonnus gagnait au second tour dans le cadre d\u2019un duel.<\/p>\n","protected":false},"excerpt":{"rendered":"Tout un symbole. C\u2019est au Cabanon, bar-restaurant des plages du Mourillon que Michel Bonnus a longtemps tenu, que&hellip;\n","protected":false},"author":2,"featured_media":730391,"comment_status":"","ping_status":"","sticky":false,"template":"","format":"standard","meta":{"footnotes":"","_share_on_mastodon":"0"},"categories":[9619],"tags":[1111,11,1777,674,1011,27,3434,12,882,25,2310],"class_list":["post-730390","post","type-post","status-publish","format-standard","has-post-thumbnail","category-toulon","tag-actu","tag-actualites","tag-eu","tag-europe","tag-fr","tag-france","tag-municipales-2026","tag-news","tag-provence-alpes-cote-dazur","tag-republique-francaise","tag-toulon"],"share_on_mastodon":{"url":"https:\/\/pubeurope.com\/@fr\/116060101501845522","error":""},"_links":{"self":[{"href":"https:\/\/www.europesays.com\/fr\/wp-json\/wp\/v2\/posts\/730390","targetHints":{"allow":["GET"]}}],"collection":[{"href":"https:\/\/www.europesays.com\/fr\/wp-json\/wp\/v2\/posts"}],"about":[{"href":"https:\/\/www.europesays.com\/fr\/wp-json\/wp\/v2\/types\/post"}],"author":[{"embeddable":true,"href":"https:\/\/www.europesays.com\/fr\/wp-json\/wp\/v2\/users\/2"}],"replies":[{"embeddable":true,"href":"https:\/\/www.europesays.com\/fr\/wp-json\/wp\/v2\/comments?post=730390"}],"version-history":[{"count":0,"href":"https:\/\/www.europesays.com\/fr\/wp-json\/wp\/v2\/posts\/730390\/revisions"}],"wp:featuredmedia":[{"embeddable":true,"href":"https:\/\/www.europesays.com\/fr\/wp-json\/wp\/v2\/media\/730391"}],"wp:attachment":[{"href":"https:\/\/www.europesays.com\/fr\/wp-json\/wp\/v2\/media?parent=730390"}],"wp:term":[{"taxonomy":"category","embeddable":true,"href":"https:\/\/www.europesays.com\/fr\/wp-json\/wp\/v2\/categories?post=730390"},{"taxonomy":"post_tag","embeddable":true,"href":"https:\/\/www.europesays.com\/fr\/wp-json\/wp\/v2\/tags?post=730390"}],"curies":[{"name":"wp","href":"https:\/\/api.w.org\/{rel}","templated":true}]}}