{"id":730392,"date":"2026-02-12T22:49:10","date_gmt":"2026-02-12T22:49:10","guid":{"rendered":"https:\/\/www.europesays.com\/fr\/730392\/"},"modified":"2026-02-12T22:49:10","modified_gmt":"2026-02-12T22:49:10","slug":"une-immersion-totale-au-rockstore-avec-le-dj-petit-biscuit","status":"publish","type":"post","link":"https:\/\/www.europesays.com\/fr\/730392\/","title":{"rendered":"Une immersion totale au Rockstore avec le DJ Petit Biscuit"},"content":{"rendered":"<p>\t\t\t\t\t\t\t\tPetit Biscuit en \u00ab\u00a0Club Sandwich 360\u00a0\u00bb<\/p>\n<p data-path-to-node=\"5\">Oubliez la barri\u00e8re sc\u00e8ne-public. Pour cette soir\u00e9e sp\u00e9ciale, le DJ s\u2019installe au c\u0153ur de la fosse. Le concept <b data-path-to-node=\"5\" data-index-in-node=\"111\">360\u00b0<\/b> permet une immersion totale o\u00f9 le public entoure l\u2019artiste, cr\u00e9ant une connexion brute et organique. C\u2019est l\u2019occasion r\u00eav\u00e9e de red\u00e9couvrir les envol\u00e9es m\u00e9lodiques de Petit Biscuit \u2014 de l\u2019ind\u00e9modable Sunset Lover \u00e0 ses productions les plus r\u00e9centes \u2014 dans une ambiance clubbing pouss\u00e9e \u00e0 son paroxysme.<\/p>\n<p>Une proximit\u00e9 in\u00e9dite avec l\u2019artiste<\/p>\n<p data-path-to-node=\"7\">Parce qu\u2019une bonne immersion commence par le r\u00e9confort, le Rockstore voit les choses en grand :<\/p>\n<ul data-path-to-node=\"8\">\n<li>\n<p data-path-to-node=\"8,0,0\"><b data-path-to-node=\"8,0,0\" data-index-in-node=\"0\">D\u00e8s 19h :<\/b> L\u2019\u00e9tage se transforme en <b data-path-to-node=\"8,0,0\" data-index-in-node=\"35\">espace restauration<\/b>. Venez prendre des forces, discuter et monter en pression dans un cadre convivial avant que les basses ne prennent le relais.<\/p>\n<\/li>\n<li>\n<p data-path-to-node=\"8,1,0\"><b data-path-to-node=\"8,1,0\" data-index-in-node=\"0\">La suite :<\/b> Plongez dans le set de ce dj pour une nuit o\u00f9 la musique se vit autant qu\u2019elle s\u2019\u00e9coute.<\/p>\n<\/li>\n<\/ul>\n<p data-path-to-node=\"11,0,0\"><b data-path-to-node=\"11,0,0\" data-index-in-node=\"0\">Date :<\/b> Vendredi 21 f\u00e9vrier<\/p>\n<p data-path-to-node=\"11,1,0\"><b data-path-to-node=\"11,1,0\" data-index-in-node=\"0\">Lieu :<\/b> Le Rockstore, rue de Verdun \u00e0 Montpellier (tram Com\u00e9die)<\/p>\n<p data-path-to-node=\"11,2,0\"><b data-path-to-node=\"11,2,0\" data-index-in-node=\"0\">Format :<\/b> Club Sandwich 360 (DJ au centre de la salle)<\/p>\n<p data-path-to-node=\"11,3,0\"><b data-path-to-node=\"11,3,0\" data-index-in-node=\"0\">Ouverture de l\u2019\u00e9tage (Food) :<\/b> d\u00e8s 19h00<\/p>\n<p data-path-to-node=\"11,3,0\"><strong>Prix<\/strong> : 29\u20ac <a href=\"https:\/\/xceed.me\/en\/montpellier\/tickets\/petit-biscuit-club-sandwich-montpellier-rockstore\/209725\/channel\/my-life\" target=\"_blank\" rel=\"noopener nofollow\"><strong>ici<\/strong><\/a><\/p><\/p>\n","protected":false},"excerpt":{"rendered":"Petit Biscuit en \u00ab\u00a0Club Sandwich 360\u00a0\u00bb Oubliez la barri\u00e8re sc\u00e8ne-public. Pour cette soir\u00e9e sp\u00e9ciale, le DJ s\u2019installe au&hellip;\n","protected":false},"author":2,"featured_media":730393,"comment_status":"","ping_status":"","sticky":false,"template":"","format":"standard","meta":{"footnotes":"","_share_on_mastodon":"0"},"categories":[9599],"tags":[1111,11,1777,674,1011,27,2208,12,2680,25],"class_list":["post-730392","post","type-post","status-publish","format-standard","has-post-thumbnail","category-montpellier","tag-actu","tag-actualites","tag-eu","tag-europe","tag-fr","tag-france","tag-montpellier","tag-news","tag-occitanie","tag-republique-francaise"],"share_on_mastodon":{"url":"https:\/\/pubeurope.com\/@fr\/116060105315444072","error":""},"_links":{"self":[{"href":"https:\/\/www.europesays.com\/fr\/wp-json\/wp\/v2\/posts\/730392","targetHints":{"allow":["GET"]}}],"collection":[{"href":"https:\/\/www.europesays.com\/fr\/wp-json\/wp\/v2\/posts"}],"about":[{"href":"https:\/\/www.europesays.com\/fr\/wp-json\/wp\/v2\/types\/post"}],"author":[{"embeddable":true,"href":"https:\/\/www.europesays.com\/fr\/wp-json\/wp\/v2\/users\/2"}],"replies":[{"embeddable":true,"href":"https:\/\/www.europesays.com\/fr\/wp-json\/wp\/v2\/comments?post=730392"}],"version-history":[{"count":0,"href":"https:\/\/www.europesays.com\/fr\/wp-json\/wp\/v2\/posts\/730392\/revisions"}],"wp:featuredmedia":[{"embeddable":true,"href":"https:\/\/www.europesays.com\/fr\/wp-json\/wp\/v2\/media\/730393"}],"wp:attachment":[{"href":"https:\/\/www.europesays.com\/fr\/wp-json\/wp\/v2\/media?parent=730392"}],"wp:term":[{"taxonomy":"category","embeddable":true,"href":"https:\/\/www.europesays.com\/fr\/wp-json\/wp\/v2\/categories?post=730392"},{"taxonomy":"post_tag","embeddable":true,"href":"https:\/\/www.europesays.com\/fr\/wp-json\/wp\/v2\/tags?post=730392"}],"curies":[{"name":"wp","href":"https:\/\/api.w.org\/{rel}","templated":true}]}}