{"id":730394,"date":"2026-02-12T22:50:18","date_gmt":"2026-02-12T22:50:18","guid":{"rendered":"https:\/\/www.europesays.com\/fr\/730394\/"},"modified":"2026-02-12T22:50:18","modified_gmt":"2026-02-12T22:50:18","slug":"basket-lattes-montpellier-se-qualifie-en-demi-finale-de-leurocoupe-une-premiere-depuis-2019","status":"publish","type":"post","link":"https:\/\/www.europesays.com\/fr\/730394\/","title":{"rendered":"Basket\u00a0: Lattes-Montpellier se qualifie en demi-finale de l&rsquo;EuroCoupe, une premi\u00e8re depuis 2019"},"content":{"rendered":"<p>Les basketteuses de Lattes-Montpellier s&rsquo;inclinent de peu au match retour (82-78) mais \u00e9liminent quand m\u00eame les Polonaises de Lublin et se hissent en demi-finale de l&rsquo;EuroCoupe. Une premi\u00e8re depuis 2019 !<\/p>\n<p>Apr\u00e8s la victoire 67-43 \u00e0 l&rsquo;aller, le BLMA disposait de 24 points d&rsquo;avance au moment de recevoir les Polonaises de Lublin, jeudi 12 f\u00e9vrier 2026, en quart de finale retour de l&rsquo;EuroCoupe. Un matelas heureusement suffisant pour se qualifier en demi-finale, malgr\u00e9 la courte d\u00e9faite 82-78.<\/p>\n<p>Les Polonaises entament la partie par un 6-0, provoquant le premier temps-mort de la partie c\u00f4t\u00e9 BLMA. Les \u00ab\u00a0Gazelles\u00a0\u00bb se remettent au niveau, dans le match, et virent en t\u00eate \u00e0 l&rsquo;issue du premier quart, sur un tir lointain de Pospisilova, finaliste de l&rsquo;EuroCoupe la saison derni\u00e8re (24-23). Puis les \u00ab\u00a0Gazelles\u00a0\u00bb mettent un sacr\u00e9 coup d&rsquo;acc\u00e9l\u00e9rateur\u00a0: 27-13 sur le deuxi\u00e8me quart, les Polonaises sont au tapis \u00e0 la pause (51-36).<\/p>\n<p>Au tapis mais loin d&rsquo;\u00eatre K.O. malgr\u00e9 les 17 points d&rsquo;avance (\u00e9cart maximal) des Montpelli\u00e9raines. La preuve au retour des vestiaires avec ce troisi\u00e8me quart-temps totalement domin\u00e9 par Lublin (26-9), dans lequel le BLMA est victime d&rsquo;un \u00e9norme trou d&rsquo;air au niveau de l&rsquo;adresse. Alors que Lattes-Montpellier doit mettre un dernier coup de collier pour avoir le tout, le flacon ET l&rsquo;ivresse, la qualification ET la victoire, le match se termine sur une courte d\u00e9faite, 82-78. Anecdotique .<\/p>\n<p>Une premi\u00e8re depuis l&rsquo;\u00e9pop\u00e9e de 2019<\/p>\n<p>Le BLMA se hisse en demi-finale\u00a0d&rsquo;une Coupe d&rsquo;Europe pour la deuxi\u00e8me fois de son histoire. La premi\u00e8re c&rsquo;\u00e9tait en 2019, ann\u00e9e de l&rsquo;\u00e9pop\u00e9e des \u00ab\u00a0Gazelles\u00a0\u00bb <a class=\"IciLink ici-link IciArticleLink g-ici-body-regular-1 underline brand svelte-1chfe2s\" href=\"https:\/\/www.francebleu.fr\/sports\/basket-handball-volley\/pas-de-titre-europeen-pour-les-basketteuses-de-lattes-montpellier-en-eurocoupe-1554935688\" rel=\"nofollow noopener\" target=\"_blank\">jusqu&rsquo;en finale<\/a>.<\/p>\n<p> Un club turc en demi-finale<\/p>\n<p>D\u00e9but mars, les \u00ab\u00a0Gazelles\u00a0\u00bb affronteront les Turques de Mersin en demi-finale, tombeuses du club grec du Panathina\u00efkos (91-87, 71-57). Mersin aura l&rsquo;avantage du terrain, le BLMA recevra donc la premi\u00e8re manche.<\/p>\n<p>En attendant, retour au championnat dimanche 15 f\u00e9vrier, avec r\u00e9ception de Charnay-L\u00e8s-M\u00e2con. D\u00e9j\u00e0 la cinqui\u00e8me opposition entre les deux \u00e9quipes cette saison, entre le championnat, la Coupe d&rsquo;Europe et la Coupe de France. Jusqu&rsquo;ici, les \u00ab\u00a0Gazelles\u00a0\u00bb ont gagn\u00e9 trois fois, les Bourguignonnes une fois.<\/p>\n<p>\u00c0 lire aussi   <img decoding=\"async\" src=\"https:\/\/www.europesays.com\/fr\/wp-content\/uploads\/2026\/02\/1770936618_467_400x400.jpeg\" alt=\"\" style=\"--_image-preview:url('data:image\/jpeg;base64,\/9j\/2wBDACgcHiMeGSgjISMtKygwPGRBPDc3PHtYXUlkkYCZlo+AjIqgtObDoKrarYqMyP\/L2u71\/\/\/\/m8H\/\/\/\/6\/+b9\/\/j\/2wBDASstLTw1PHZBQXb4pYyl+Pj4+Pj4+Pj4+Pj4+Pj4+Pj4+Pj4+Pj4+Pj4+Pj4+Pj4+Pj4+Pj4+Pj4+Pj4+Pj4+Pj\/wAARCAAXACoDASIAAhEBAxEB\/8QAFwABAQEBAAAAAAAAAAAAAAAAAAIDAf\/EABgQAQEBAQEAAAAAAAAAAAAAAAABAhES\/8QAFgEAAwAAAAAAAAAAAAAAAAAAAAEC\/8QAFREBAQAAAAAAAAAAAAAAAAAAABH\/2gAMAwEAAhEDEQA\/AOnSptVUxpNKlY+lTRG16JldOlEajLQJUjq80AG2WnAAf\/\/Z');\" loading=\"lazy\" fetchpriority=\"low\" aria-hidden=\"true\" class=\"svelte-1cksh76 rounded\" onload=\"this.__e=event\" onerror=\"this.__e=event\"\/>\u00c0 lire aussi   <img decoding=\"async\" src=\"https:\/\/www.europesays.com\/fr\/wp-content\/uploads\/2026\/02\/1770936618_395_400x400.jpeg\" alt=\"\" style=\"--_image-preview:url('data:image\/jpeg;base64,\/9j\/2wBDACgcHiMeGSgjISMtKygwPGRBPDc3PHtYXUlkkYCZlo+AjIqgtObDoKrarYqMyP\/L2u71\/\/\/\/m8H\/\/\/\/6\/+b9\/\/j\/2wBDASstLTw1PHZBQXb4pYyl+Pj4+Pj4+Pj4+Pj4+Pj4+Pj4+Pj4+Pj4+Pj4+Pj4+Pj4+Pj4+Pj4+Pj4+Pj4+Pj4+Pj\/wAARCAAXACoDASIAAhEBAxEB\/8QAGAAAAwEBAAAAAAAAAAAAAAAAAAECBAP\/xAAYEAEBAQEBAAAAAAAAAAAAAAAAAhIBEf\/EABYBAQEBAAAAAAAAAAAAAAAAAAECAP\/EABYRAQEBAAAAAAAAAAAAAAAAAAABEf\/aAAwDAQACEQMRAD8Ay8hXJdsDBGuXiey7ZLshTNUpy09hOGZuynsgKRC7JZACoWBgAF\/\/2Q==');\" loading=\"lazy\" fetchpriority=\"low\" aria-hidden=\"true\" class=\"svelte-1cksh76 rounded\" onload=\"this.__e=event\" onerror=\"this.__e=event\"\/> (function(w, d) {     if (w.FB &#038;&#038; w.FB.XFBML &#038;&#038; w.FB.XFBML.parse) {         if (&lsquo;undefined&rsquo; == typeof w.__fbTimeout) {             w.__fbTimeout = setTimeout(function() {                 w.FB.XFBML.parse();                 w.__fbTimeout = undefined;             }, 1000);         }     } else if (&lsquo;undefined&rsquo; == typeof w.__fbTimeout) {         if (d.querySelectorAll(&lsquo;#fb-root&rsquo;).length === 0) {             var fbRoot = d.createElement(&lsquo;div&rsquo;);             fbRoot.id = &lsquo;fb-root&rsquo;;             d.querySelector(&lsquo;body&rsquo;).append(fbRoot);         }         if (d.querySelectorAll(&lsquo;#facebook-jssdk&rsquo;).length === 0) {             var fbScript = d.createElement(&lsquo;script&rsquo;);             fbScript.id = &lsquo;facebook-jssdk&rsquo;;             fbScript.src=\u00a0\u00bb\/\/connect.facebook.net\/fr_FR\/sdk.js#xfbml=1&#038;version=v2.8&#038;appId=593991304071705&Prime;;             fbScript.async = 1;             d.querySelector(&lsquo;head&rsquo;).append(fbScript);         }     } })(window, window.document); \\u003C\/script>\\\u00a0\u00bb,\\\u00a0\u00bbprovider\\\u00a0\u00bb:\\\u00a0\u00bbfacebook\\\u00a0\u00bb,\\\u00a0\u00bbdidomiPurposes\\\u00a0\u00bb:\\\u00a0\u00bbPour afficher ce contenu Facebook, vous devez accepter les cookies \\u003Cb>R\u00e9seaux Sociaux\\u003C\/b>.\\u003Cbr>\\u003Cbr>Ces cookies permettent de partager ou r\u00e9agir directement sur les r\u00e9seaux sociaux auxquels vous \u00eates connect\u00e9s ou d&rsquo;int\u00e9grer du contenu initialement post\u00e9 sur ces r\u00e9seaux sociaux. Ils permettent aussi aux r\u00e9seaux sociaux d&rsquo;utiliser vos visites sur nos sites et applications \u00e0 des fins de personnalisation et de ciblage publicitaire.\\\u00a0\u00bb,\\\u00a0\u00bbdidomiVendorId\\\u00a0\u00bb:\\\u00a0\u00bbc:facebookc-rgacRMQm\\\u00a0\u00bb}},{\\\u00a0\u00bbtype\\\u00a0\u00bb:\\\u00a0\u00bbheading\\\u00a0\u00bb,\\\u00a0\u00bblevel\\\u00a0\u00bb:2,\\\u00a0\u00bbvalue\\\u00a0\u00bb:\\\u00a0\u00bbUn club turc en demi-finale\\\u00a0\u00bb},{\\\u00a0\u00bbtype\\\u00a0\u00bb:\\\u00a0\u00bbtext\\\u00a0\u00bb,\\\u00a0\u00bbchildren\\\u00a0\u00bb:[{\\\u00a0\u00bbtype\\\u00a0\u00bb:\\\u00a0\u00bbtext\\\u00a0\u00bb,\\\u00a0\u00bbvalue\\\u00a0\u00bb:\\\u00a0\u00bbD\u00e9but mars, les \\\\\\\u00a0\u00bbGazelles\\\\\\\u00a0\u00bb affronteront les Turques de Mersin en demi-finale, tombeuses du club grec du Panathina\u00efkos (91-87, 71-57). Mersin aura l&rsquo;avantage du terrain, le BLMA recevra donc la premi\u00e8re manche.\\\u00a0\u00bb}]},{\\\u00a0\u00bbtype\\\u00a0\u00bb:\\\u00a0\u00bbtext\\\u00a0\u00bb,\\\u00a0\u00bbchildren\\\u00a0\u00bb:[{\\\u00a0\u00bbtype\\\u00a0\u00bb:\\\u00a0\u00bbtext\\\u00a0\u00bb,\\\u00a0\u00bbvalue\\\u00a0\u00bb:\\\u00a0\u00bbEn attendant, retour au championnat dimanche 15 f\u00e9vrier, avec r\u00e9ception de Charnay-L\u00e8s-M\u00e2con. D\u00e9j\u00e0 la cinqui\u00e8me opposition entre les deux \u00e9quipes cette saison, entre le championnat, la Coupe d&rsquo;Europe et la Coupe de France. Jusqu&rsquo;ici, les \\\\\\\u00a0\u00bbGazelles\\\\\\\u00a0\u00bb ont gagn\u00e9 trois fois, les Bourguignonnes une fois.\\\u00a0\u00bb}]},{\\\u00a0\u00bbtype\\\u00a0\u00bb:\\\u00a0\u00bbbounce\\\u00a0\u00bb,\\\u00a0\u00bbdata\\\u00a0\u00bb:{\\\u00a0\u00bbtitle\\\u00a0\u00bb:\\\u00a0\u00bb\\\\\\\u00a0\u00bbOn fait vibrer 25.000 spectateurs par an\\\\\\\u00a0\u00bb se r\u00e9jouit Olivier Ribotta, directeur du club de basket Lattes-Montpellier \\\u00a0\u00bb,\\\u00a0\u00bbpath\\\u00a0\u00bb:\\\u00a0\u00bbemissions\/l-invite-d-ici-matin-ici-herault\/olivier-ribotta-directeur-du-blma-le-club-de-basket-lattes-montpellier-9557450\\\u00a0\u00bb,\\\u00a0\u00bbvisual\\\u00a0\u00bb:{\\\u00a0\u00bbid\\\u00a0\u00bb:\\\u00a0\u00bbf8373376-7277-4bb2-9d6d-a115aedc97c1\\\u00a0\u00bb,\\\u00a0\u00bbpreview\\\u00a0\u00bb:\\\u00a0\u00bb\/9j\/2wBDACgcHiMeGSgjISMtKygwPGRBPDc3PHtYXUlkkYCZlo+AjIqgtObDoKrarYqMyP\/L2u71\/\/\/\/m8H\/\/\/\/6\/+b9\/\/j\/2wBDASstLTw1PHZBQXb4pYyl+Pj4+Pj4+Pj4+Pj4+Pj4+Pj4+Pj4+Pj4+Pj4+Pj4+Pj4+Pj4+Pj4+Pj4+Pj4+Pj4+Pj\/wAARCAAXACoDASIAAhEBAxEB\/8QAFwABAQEBAAAAAAAAAAAAAAAAAAIDAf\/EABgQAQEBAQEAAAAAAAAAAAAAAAABAhES\/8QAFgEAAwAAAAAAAAAAAAAAAAAAAAEC\/8QAFREBAQAAAAAAAAAAAAAAAAAAABH\/2gAMAwEAAhEDEQA\/AOnSptVUxpNKlY+lTRG16JldOlEajLQJUjq80AG2WnAAf\/\/Z\\\u00a0\u00bb},\\\u00a0\u00bbpublishedDate\\\u00a0\u00bb:\\\u00a0\u00bb03\/02\/2026\\\u00a0\u00bb,\\\u00a0\u00bbmedia\\\u00a0\u00bb:{\\\u00a0\u00bbsources\\\u00a0\u00bb:[{\\\u00a0\u00bbbroadcastType\\\u00a0\u00bb:\\\u00a0\u00bbaod\\\u00a0\u00bb,\\\u00a0\u00bburl\\\u00a0\u00bb:\\\u00a0\u00bbhttps:\/\/media.radiofrance-podcast.net\/podcast09\/14645-03.02.2026-ITEMA_24395189-2026B24166S0034-NET_34A_2EAE6A14-3217-4A0B-8575-A4A57A464D93-21-5352e89ed98c6c325c98ce4f74ac0fa9.mp3\\\u00a0\u00bb}],\\\u00a0\u00bbstartTime\\\u00a0\u00bb:null,\\\u00a0\u00bbendTime\\\u00a0\u00bb:393,\\\u00a0\u00bbtimeMap\\\u00a0\u00bb:[{\\\u00a0\u00bbdata\\\u00a0\u00bb:{\\\u00a0\u00bbstation\\\u00a0\u00bb:\\\u00a0\u00bbICI H\u00e9rault\\\u00a0\u00bb,\\\u00a0\u00bbtitle\\\u00a0\u00bb:\\\u00a0\u00bbL&rsquo;invit\u00e9 d&rsquo;ICI matin, ICI H\u00e9rault\\\u00a0\u00bb,\\\u00a0\u00bbdescription\\\u00a0\u00bb:\\\u00a0\u00bb\\\\\\\u00a0\u00bbOn fait vibrer 25.000 spectateurs par an\\\\\\\u00a0\u00bb se r\u00e9jouit Olivier Ribotta, directeur du club de basket Lattes-Montpellier \\\u00a0\u00bb,\\\u00a0\u00bbcoverFallback\\\u00a0\u00bb:\\\u00a0\u00bbhttps:\/\/www.francebleu.fr\/s3\/cruiser-production-eu3\/2024\/12\/7d516a30-19b5-402f-87a9-5ea6150b2592\/400x400_sc_3d9c9a7d-8ad5-4751-bfa3-f15dfd6b700f-720.jpg\\\u00a0\u00bb,\\\u00a0\u00bbclipType\\\u00a0\u00bb:\\\u00a0\u00bbreecoute\\\u00a0\u00bb,\\\u00a0\u00bbxtn2\\\u00a0\u00bb:24,\\\u00a0\u00bbemission\\\u00a0\u00bb:{\\\u00a0\u00bbid\\\u00a0\u00bb:\\\u00a0\u00bb\\\u00a0\u00bb,\\\u00a0\u00bbtitle\\\u00a0\u00bb:\\\u00a0\u00bbL&rsquo;invit\u00e9 d&rsquo;ICI matin, ICI H\u00e9rault\\\u00a0\u00bb,\\\u00a0\u00bbbusinessReference\\\u00a0\u00bb:null},\\\u00a0\u00bbdiffusion\\\u00a0\u00bb:{\\\u00a0\u00bbid\\\u00a0\u00bb:null,\\\u00a0\u00bbtitle\\\u00a0\u00bb:\\\u00a0\u00bb\\\\\\\u00a0\u00bbOn fait vibrer 25.000 spectateurs par an\\\\\\\u00a0\u00bb se r\u00e9jouit Olivier Ribotta, directeur du club de basket Lattes-Montpellier \\\u00a0\u00bb,\\\u00a0\u00bbpath\\\u00a0\u00bb:null},\\\u00a0\u00bbsiteId\\\u00a0\u00bb:56,\\\u00a0\u00bbconceptUuid\\\u00a0\u00bb:\\\u00a0\u00bb\\\u00a0\u00bb,\\\u00a0\u00bbexpressionUuid\\\u00a0\u00bb:\\\u00a0\u00bb\\\u00a0\u00bb,\\\u00a0\u00bblocaleId\\\u00a0\u00bb:28}}],\\\u00a0\u00bbduration\\\u00a0\u00bb:393},\\\u00a0\u00bbduration\\\u00a0\u00bb:393,\\\u00a0\u00bblocation\\\u00a0\u00bb:\\\u00a0\u00bbH\u00e9rault\\\u00a0\u00bb}},{\\\u00a0\u00bbtype\\\u00a0\u00bb:\\\u00a0\u00bbbounce\\\u00a0\u00bb,\\\u00a0\u00bbdata\\\u00a0\u00bb:{\\\u00a0\u00bbtitle\\\u00a0\u00bb:\\\u00a0\u00bbBasket\u00a0: \\\\\\\u00a0\u00bbToujours le m\u00eame app\u00e9tit, toujours la m\u00eame envie\\\\\\\u00a0\u00bb, une 9e saison au BLMA pour la capitaine Romane Bernies \\\u00a0\u00bb,\\\u00a0\u00bbpath\\\u00a0\u00bb:\\\u00a0\u00bboccitanie\/herault-34\/lattes\/basket-toujours-le-meme-appetit-toujours-la-meme-envie-une-9e-saison-au-blma-pour-la-capitaine-romane-bernies-8511350\\\u00a0\u00bb,\\\u00a0\u00bbvisual\\\u00a0\u00bb:{\\\u00a0\u00bbid\\\u00a0\u00bb:\\\u00a0\u00bb0d4d146e-c60f-4821-b2c0-8ca98b994d1c\\\u00a0\u00bb,\\\u00a0\u00bbpreview\\\u00a0\u00bb:\\\u00a0\u00bb\/9j\/2wBDACgcHiMeGSgjISMtKygwPGRBPDc3PHtYXUlkkYCZlo+AjIqgtObDoKrarYqMyP\/L2u71\/\/\/\/m8H\/\/\/\/6\/+b9\/\/j\/2wBDASstLTw1PHZBQXb4pYyl+Pj4+Pj4+Pj4+Pj4+Pj4+Pj4+Pj4+Pj4+Pj4+Pj4+Pj4+Pj4+Pj4+Pj4+Pj4+Pj4+Pj\/wAARCAAXACoDASIAAhEBAxEB\/8QAGAAAAwEBAAAAAAAAAAAAAAAAAAECBAP\/xAAYEAEBAQEBAAAAAAAAAAAAAAAAAhIBEf\/EABYBAQEBAAAAAAAAAAAAAAAAAAECAP\/EABYRAQEBAAAAAAAAAAAAAAAAAAABEf\/aAAwDAQACEQMRAD8Ay8hXJdsDBGuXiey7ZLshTNUpy09hOGZuynsgKRC7JZACoWBgAF\/\/2Q==\\\u00a0\u00bb},\\\u00a0\u00bbpublishedDate\\\u00a0\u00bb:\\\u00a0\u00bb30\/09\/2025\\\u00a0\u00bb,\\\u00a0\u00bbmedia\\\u00a0\u00bb:null,\\\u00a0\u00bbduration\\\u00a0\u00bb:null,\\\u00a0\u00bblocation\\\u00a0\u00bb:\\\u00a0\u00bbLattes\\\u00a0\u00bb}}]}},\\\u00a0\u00bbdisplay\\\u00a0\u00bb:{\\\u00a0\u00bbhighBanner\\\u00a0\u00bb:true}}\u00a0\u00bb}<\/p>\n","protected":false},"excerpt":{"rendered":"Les basketteuses de Lattes-Montpellier s&rsquo;inclinent de peu au match retour (82-78) mais \u00e9liminent quand m\u00eame les Polonaises de&hellip;\n","protected":false},"author":2,"featured_media":730395,"comment_status":"","ping_status":"","sticky":false,"template":"","format":"standard","meta":{"footnotes":"","_share_on_mastodon":"0"},"categories":[9599],"tags":[1111,11,1777,674,1011,27,2208,12,2680,25],"class_list":["post-730394","post","type-post","status-publish","format-standard","has-post-thumbnail","category-montpellier","tag-actu","tag-actualites","tag-eu","tag-europe","tag-fr","tag-france","tag-montpellier","tag-news","tag-occitanie","tag-republique-francaise"],"share_on_mastodon":{"url":"https:\/\/pubeurope.com\/@fr\/116060109295112101","error":""},"_links":{"self":[{"href":"https:\/\/www.europesays.com\/fr\/wp-json\/wp\/v2\/posts\/730394","targetHints":{"allow":["GET"]}}],"collection":[{"href":"https:\/\/www.europesays.com\/fr\/wp-json\/wp\/v2\/posts"}],"about":[{"href":"https:\/\/www.europesays.com\/fr\/wp-json\/wp\/v2\/types\/post"}],"author":[{"embeddable":true,"href":"https:\/\/www.europesays.com\/fr\/wp-json\/wp\/v2\/users\/2"}],"replies":[{"embeddable":true,"href":"https:\/\/www.europesays.com\/fr\/wp-json\/wp\/v2\/comments?post=730394"}],"version-history":[{"count":0,"href":"https:\/\/www.europesays.com\/fr\/wp-json\/wp\/v2\/posts\/730394\/revisions"}],"wp:featuredmedia":[{"embeddable":true,"href":"https:\/\/www.europesays.com\/fr\/wp-json\/wp\/v2\/media\/730395"}],"wp:attachment":[{"href":"https:\/\/www.europesays.com\/fr\/wp-json\/wp\/v2\/media?parent=730394"}],"wp:term":[{"taxonomy":"category","embeddable":true,"href":"https:\/\/www.europesays.com\/fr\/wp-json\/wp\/v2\/categories?post=730394"},{"taxonomy":"post_tag","embeddable":true,"href":"https:\/\/www.europesays.com\/fr\/wp-json\/wp\/v2\/tags?post=730394"}],"curies":[{"name":"wp","href":"https:\/\/api.w.org\/{rel}","templated":true}]}}