{"id":730396,"date":"2026-02-12T22:51:15","date_gmt":"2026-02-12T22:51:15","guid":{"rendered":"https:\/\/www.europesays.com\/fr\/730396\/"},"modified":"2026-02-12T22:51:15","modified_gmt":"2026-02-12T22:51:15","slug":"un-homme-aurait-essaye-de-penetrer-dans-une-ecole-les-parents-inquiets-pour-la-securite","status":"publish","type":"post","link":"https:\/\/www.europesays.com\/fr\/730396\/","title":{"rendered":"un homme aurait essay\u00e9 de p\u00e9n\u00e9trer dans une \u00e9cole, les parents inquiets pour la s\u00e9curit\u00e9"},"content":{"rendered":"<p>                    Par<br \/>\n        <strong><br \/>\n            <a href=\"https:\/\/actu.fr\/auteur\/aurelien-delavaud\" title=\"Consulter tous les articles de Aur\u00e9lien Delavaud\" rel=\"nofollow noopener\" target=\"_blank\">Aur\u00e9lien Delavaud<\/a><br \/>\n                    <\/strong><\/p>\n<p>        Publi\u00e9 le<\/p>\n<p>            12 f\u00e9vr. 2026 \u00e0 16h54        <\/p>\n<p>C\u2019est un mail, envoy\u00e9 par la mairie de <a href=\"https:\/\/actu.fr\/normandie\/saint-pierre-les-elbeuf_76640\" rel=\"nofollow noopener\" target=\"_blank\">Saint-Pierre-l\u00e8s-Elbeuf (Seine-Maritime)<\/a>, qui a commenc\u00e9 \u00e0 inqui\u00e9ter de nombreux parents d\u2019\u00e9l\u00e8ves. Dans ce texte envoy\u00e9 aux familles, dans la soir\u00e9e du lundi 9 f\u00e9vrier 2026, la Ville informe de \u00ab\u00a0la <b>possible intrusion d\u2019un individu<\/b> dans l\u2019enceinte de l\u2019<a href=\"https:\/\/actu.fr\/normandie\/saint-pierre-les-elbeuf_76640\/pres-de-rouen-une-enveloppe-de-15-million-deuros-pour-renover-deux-ecoles-de-cette-commune_63494784.html\" rel=\"nofollow noopener\" target=\"_blank\">\u00e9cole Jules-Verne\u00a0\u00bb<\/a>, le midi m\u00eame. Selon leur t\u00e9moignage, ces deux jeunes \u00e9l\u00e8ves \u00ab\u00a0auraient aper\u00e7u un individu qui les a salu\u00e9s et est parti de suite en courant\u00a0\u00bb. L\u2019intervention de la police municipale et de la police nationale n\u2019a pas permis de prouver les faits, puisqu\u2019aucun individu correspondant au signalement n\u2019a \u00e9t\u00e9 retrouv\u00e9 pr\u00e8s de l\u2019\u00e9cole. Mais quelques jours apr\u00e8s, l\u2019inqui\u00e9tude est encore bien pr\u00e9sente.<\/p>\n<p>\u00ab\u00a0Choqu\u00e9e\u00a0\u00bb, \u00ab\u00a0effray\u00e9e\u00a0\u00bb\u2026<\/p>\n<p class=\" wall-content\">\u00ab\u00a0Franchement, j\u2019ai \u00e9t\u00e9 <b>choqu\u00e9e <\/b>quand j\u2019ai appris \u00e7a, souffle Marie, \u00e0 la sortie de l\u2019\u00e9cole. J\u2019essaye de rester calme, parce que rien n\u2019est s\u00fbr, mais je suis oblig\u00e9e de ne pas \u00eatre rassur\u00e9e quand on voit ce qui arrive ailleurs !\u00a0\u00bb Melissa, maman d\u2019un petit gar\u00e7on scolaris\u00e9 dans l\u2019\u00e9cole, est effray\u00e9e par la situation : \u00ab\u00a0Nous sommes fusionnels. Je suis terroris\u00e9e \u00e0 l\u2019id\u00e9e que mon fils prenne un risque, j\u2019ai tr\u00e8s peur qu\u2019il lui arrive quelque chose.\u00a0\u00bb<\/p>\n<p>    <a href=\"https:\/\/maps.google.com\/maps?q=49.27081980742161,1.048904060774234&amp;z=15&amp;output=embed\" title=\"Ouvrie le lien\" rel=\"nofollow noopener\" target=\"_blank\">Cliquez ici pour visualiser le contenu<\/a><\/p>\n<p class=\" wall-content\">Pour r\u00e9pondre \u00e0 cette <b>inqui\u00e9tude <\/b>partag\u00e9e par d\u2019autres parents, la Ville a pris des mesures, comme elle indique dans le mail envoy\u00e9 \u00ab\u00a0dans un souci de transparence\u00a0\u00bb aux familles.<\/p>\n<blockquote class=\"ac-article-quote wall-content\">\n<p>Un rappel sur les consignes de s\u00e9curit\u00e9 a \u00e9t\u00e9 op\u00e9r\u00e9 aupr\u00e8s de l\u2019ensemble des personnels enseignants et municipaux. Une surveillance particuli\u00e8re des abords de l\u2019\u00e9cole est mise en place par la police municipale.<\/p>\n<p>La ville de Saint-Pierre-l\u00e8s-Elbeuf<\/p><\/blockquote>\n<p class=\" wall-content\">Interrog\u00e9 sur d\u2019\u00e9ventuelles mesures pr\u00e9ventives prises au sein de l\u2019\u00e9cole, le <b>Rectorat <\/b>temp\u00e8re, en pointant que \u00ab\u00a0aucun t\u00e9moignage ni \u00e9l\u00e9ment concret ne vient corroborer ces faits\u00a0\u00bb.<\/p>\n<p>Un vrai probl\u00e8me de s\u00e9curit\u00e9 ?<\/p>\n<p class=\" wall-content\">L\u2019avertissement a \u00e9t\u00e9 lanc\u00e9 d\u00e8s le lundi soir. Mais selon Melissa, il n\u2019aurait pas \u00e9t\u00e9 forc\u00e9ment pris au s\u00e9rieux : \u00ab\u00a0Le mardi, en venant chercher mon fils \u00e0 la garderie, j\u2019ai constat\u00e9 un \u00e9tablissement avec des <b>barri\u00e8res grandes ouvertes<\/b> ainsi que le b\u00e2timent o\u00f9 mon fils est cens\u00e9 \u00eatre gard\u00e9 !\u00a0\u00bb Particuli\u00e8rement m\u00e9contente, elle s\u2019est \u00e9mue de la situation, dans la foul\u00e9e, aupr\u00e8s de la directrice de l\u2019\u00e9cole.<\/p>\n<p class=\" wall-content\">Selon elle, cette situation qu\u2019elle a d\u00e9j\u00e0 constat\u00e9 plus t\u00f4t dans l\u2019ann\u00e9e scolaire pose la question de la <b>s\u00e9curit\u00e9 <\/b>de son fils \u00e0 l\u2019\u00e9cole : \u00ab\u00a0Doit-on nous-m\u00eame assurer la s\u00e9curit\u00e9 de nos lieux d\u2019\u00e9ducation ? C\u2019est assez frustrant dans l\u2019ensemble, car on ne peut pas rejeter la faute sur n\u2019importe qui\u2026 Il y a beaucoup de choses \u00e0 prendre en compte, mais le r\u00e9sultat est le m\u00eame, l\u2019ins\u00e9curit\u00e9 de l\u2019\u00e9cole et donc de nos enfants.\u00a0\u00bb<\/p>\n<p>Votre r\u00e9gion, votre actu !<\/p>\n<p>Recevez chaque jour les infos qui comptent pour vous.<\/p>\n<p>\t<a href=\"https:\/\/actu.fr\/newsletter\" class=\"ac-btn ac-btn--corner ac-btn--medium ac-btn--blue800\" rel=\"nofollow noopener\" target=\"_blank\">S&rsquo;incrire<\/a><\/p>\n<blockquote class=\"ac-article-quote wall-content\">\n<p>J\u2019ai l\u2019intention de le garder \u00e0 la maison jeudi et vendredi afin de savoir si la mairie me convoque et en fonction j\u2019aviserai. Un changement d\u2019\u00e9tablissement n\u2019est pas \u00e9cart\u00e9 en fonction des r\u00e9ponses et solutions apport\u00e9es.<\/p>\n<p>Melissa, maman d\u2019un \u00e9l\u00e8ve de l\u2019\u00e9cole Jules-Verne<\/p><\/blockquote>\n<p class=\" wall-content\">Pour le moment, l\u2019inqui\u00e9tude semble surtout cantonn\u00e9e \u00e0 l\u2019ext\u00e9rieur de l\u2019\u00e9cole, o\u00f9 les parents parlent et o\u00f9 la surveillance a \u00e9t\u00e9 renforc\u00e9e, selon la Ville. \u00c0 l\u2019int\u00e9rieur de l\u2019\u00e9cole, en tout cas, la vie semble suivre son cours normalement.<\/p>\n<p class=\" wall-content\">Personnalisez votre actualit\u00e9 en ajoutant vos villes et m\u00e9dias en favori avec <a href=\"https:\/\/moncompte.actu.fr\" title=\"D\u00e9couvez Mon Actu\" rel=\"nofollow noopener\" data-trk=\"{&quot;cta&quot;:{&quot;action&quot;:&quot;https:\\\/\\\/moncompte.actu.fr&quot;,&quot;category&quot;:&quot;mon compte&quot;,&quot;from&quot;:&quot;article footer&quot;,&quot;name&quot;:&quot;Mon actu&quot;,&quot;type&quot;:&quot;cta&quot;}}\" target=\"_blank\">Mon Actu<\/a>.<\/p>\n","protected":false},"excerpt":{"rendered":"Par Aur\u00e9lien Delavaud Publi\u00e9 le 12 f\u00e9vr. 2026 \u00e0 16h54 C\u2019est un mail, envoy\u00e9 par la mairie de&hellip;\n","protected":false},"author":2,"featured_media":730397,"comment_status":"","ping_status":"","sticky":false,"template":"","format":"standard","meta":{"footnotes":"","_share_on_mastodon":"0"},"categories":[9587],"tags":[1111,11,4019,1719,1777,674,118,1011,27,12,5161,25,9590],"class_list":["post-730396","post","type-post","status-publish","format-standard","has-post-thumbnail","category-rouen","tag-actu","tag-actualites","tag-ecoles","tag-enfants","tag-eu","tag-europe","tag-faits-divers","tag-fr","tag-france","tag-news","tag-normandie","tag-republique-francaise","tag-rouen"],"share_on_mastodon":{"url":"https:\/\/pubeurope.com\/@fr\/116060113157596398","error":""},"_links":{"self":[{"href":"https:\/\/www.europesays.com\/fr\/wp-json\/wp\/v2\/posts\/730396","targetHints":{"allow":["GET"]}}],"collection":[{"href":"https:\/\/www.europesays.com\/fr\/wp-json\/wp\/v2\/posts"}],"about":[{"href":"https:\/\/www.europesays.com\/fr\/wp-json\/wp\/v2\/types\/post"}],"author":[{"embeddable":true,"href":"https:\/\/www.europesays.com\/fr\/wp-json\/wp\/v2\/users\/2"}],"replies":[{"embeddable":true,"href":"https:\/\/www.europesays.com\/fr\/wp-json\/wp\/v2\/comments?post=730396"}],"version-history":[{"count":0,"href":"https:\/\/www.europesays.com\/fr\/wp-json\/wp\/v2\/posts\/730396\/revisions"}],"wp:featuredmedia":[{"embeddable":true,"href":"https:\/\/www.europesays.com\/fr\/wp-json\/wp\/v2\/media\/730397"}],"wp:attachment":[{"href":"https:\/\/www.europesays.com\/fr\/wp-json\/wp\/v2\/media?parent=730396"}],"wp:term":[{"taxonomy":"category","embeddable":true,"href":"https:\/\/www.europesays.com\/fr\/wp-json\/wp\/v2\/categories?post=730396"},{"taxonomy":"post_tag","embeddable":true,"href":"https:\/\/www.europesays.com\/fr\/wp-json\/wp\/v2\/tags?post=730396"}],"curies":[{"name":"wp","href":"https:\/\/api.w.org\/{rel}","templated":true}]}}