{"id":730398,"date":"2026-02-12T22:52:10","date_gmt":"2026-02-12T22:52:10","guid":{"rendered":"https:\/\/www.europesays.com\/fr\/730398\/"},"modified":"2026-02-12T22:52:10","modified_gmt":"2026-02-12T22:52:10","slug":"national-dabord-devant-puis-mene-au-score-lus-concarneau-a-fait-cadeau-du-match-a-quevilly-rouen","status":"publish","type":"post","link":"https:\/\/www.europesays.com\/fr\/730398\/","title":{"rendered":"National\u00a0: d\u2019abord devant puis men\u00e9 au score, l\u2019US Concarneau a \u00ab\u00a0fait cadeau\u00a0\u00bb du match \u00e0 Quevilly-Rouen"},"content":{"rendered":"<p>National (match avanc\u00e9 de la 21e journ\u00e9e). QRM &#8211; US Concarneau\u00a0: 2-1<\/p>\n<p>Tout avait pourtant si bien commenc\u00e9\u2026 Six jours apr\u00e8s avoir inscrit en fin de match (86\u2019) le penalty de la victoire de Concarneau contre Aubagne (1-0), Soukouna a encha\u00een\u00e9 tr\u00e8s vite (huit minutes entre ses deux buts) en ouvrant le score d\u2019entr\u00e9e de jeu face \u00e0 QRM (0-1, 4\u2019). Les Thoniers n\u2019avaient jamais marqu\u00e9 aussi vite cette saison. En octobre, Seba avait sign\u00e9 le succ\u00e8s contre Sochaux d\u00e8s la 5e minute (1-0), mais le meilleur buteur concarnois a fait encore plus rapide en profitant d\u2019un slalom et d\u2019une pichenette d\u00e9cisive de Gbelle pour ajouter un sixi\u00e8me but \u00e0 son total personnel.<\/p>\n<p>Trop bien parti<\/p>\n<p><a href=\"https:\/\/www.letelegramme.fr\/sports\/football\/us-concarneau\/on-na-pas-la-marge-necessaire-pour-se-permettre-de-penser-que-ca-va-etre-facile-stephane-rossi-appelle-a-la-prudence-avant-le-deplacement-de-lus-concarneau-a-quevilly-rouen-6982163.php\" rel=\"nofollow noopener\" target=\"_blank\">C\u2019\u00e9tait trop bien parti.<\/a> Pour les Thoniers en g\u00e9n\u00e9ral, qui auraient tr\u00e8s bien pu conc\u00e9der l\u2019\u00e9galisation sur des occasions de Ndiaye (14\u2019) et de Traor\u00e9 (29\u2019), les deux derni\u00e8res recrues offensives de QRM, et pour Soukouna en particulier. Car suite \u00e0 une faute de Pionnier sur Kabongo, qui retrouvait le stade Robert-Diochon apr\u00e8s son passage par le FC Rouen la saison derni\u00e8re, l\u2019attaquant concarnois a eu son septi\u00e8me but au bout du pied sur penalty (39\u2019). Mais il a voulu changer de c\u00f4t\u00e9 pour le tirer et Djoco a bien plong\u00e9 pour garder son \u00e9quipe dans le match. Un arr\u00eat d\u00e9terminant dans la mesure o\u00f9 la balle de 0-2 s&rsquo;est transform\u00e9e en six minutes, au d\u00e9but de la seconde p\u00e9riode, en un total renversement du match.<\/p>\n<p>St\u00e9phane Rossi\u00a0: \u00ab\u00a0On donne le match\u00a0\u00bb<\/p>\n<p>Bouneb a d\u2019abord \u00e9galis\u00e9 d\u2019une belle reprise sur un centre de Njik\u00e9, qui avait gratt\u00e9 sur la ligne de sortie de but un ballon que l\u2019on croyait perdu pour l\u2019adversaire (1-1, 55\u2019), et Pionnier s\u2019est rattrap\u00e9 de son penalty conc\u00e9d\u00e9 en profitant d\u2019un d\u00e9gagement un peu rip\u00e9 de Viot pour donner \u00e0 QRM sa premi\u00e8re victoire de la saison \u00e0 domicile (2-1, 61\u2019). Le 2 \u00e0 2 \u00e9tait encore possible mais Djoco s\u2019est montr\u00e9 \u00e0 nouveau solide dans ses buts en s\u2019opposant \u00e0 une formidable perc\u00e9e de Kabongo (71\u2019) et \u00e0 une vol\u00e9e en coin de Da Silva (90\u2019 +5). \u00ab\u00a0C\u2019est une \u00e9norme d\u00e9ception\u00a0\u00bb, pestait <a href=\"https:\/\/www.letelegramme.fr\/sports\/football\/us-concarneau\/national-les-arrivees-ont-rebattu-les-cartes-sur-le-plan-de-la-concurrence-estime-lentraineur-de-lus-concarneau-stephane-rossi-6981525.php\" rel=\"nofollow noopener\" target=\"_blank\">St\u00e9phane Rossi<\/a>. L\u2019entra\u00eeneur concarnois n\u2019a pas m\u00e2ch\u00e9 ses mots \u00e0 l\u2019issue de cette cinqui\u00e8me d\u00e9faite de la saison et de ce match qui avait pourtant si bien commenc\u00e9. \u00ab\u00a0On a fait un \u00e9norme cadeau (\u00e0 QRM). On donne le match.\u00a0\u00bb<\/p>\n<p class=\"titre-tech\">La fiche technique<\/p>\n<p class=\"tech\"><strong class=\"tech\">Arbitre\u00a0:<\/strong> M. Barenton.<\/p>\n<p class=\"tech\"><strong class=\"tech\">Spectateurs\u00a0: <\/strong>600 environ.<\/p>\n<p class=\"tech\"><strong class=\"tech\">BUTS. <\/strong>QRM\u00a0: Bouneb (55\u2019), Pionnier (61\u2019)\u00a0; Concarneau\u00a0: Soukouna (4\u2019).<\/p>\n<p class=\"tech\"><strong class=\"tech\">Avertissements. <\/strong>QRM\u00a0: Atangana (62\u2019), Ndiaye (67\u2019), Zinga (90\u2019 +4)\u00a0; Concarneau\u00a0: Goujon (8\u2019), Gbell\u00e9 (43\u2019).<\/p>\n<p class=\"tech\"><strong class=\"tech\">QRM\u00a0: <\/strong>Djoco &#8211; Pionnier, Theresin, Gaya, Diallo &#8211; Njike (cap), Atangana (Bouekou, 80\u2019) &#8211; Ndiaye (Diliwidi, 72\u2019), Bouneb (Leborgne, 90\u2019 +1), Mandengue &#8211; Traor\u00e9 (Zinga, 80\u2019). Entra\u00eeneur\u00a0: Fabien Val\u00e9ri.<\/p>\n<p class=\"tech\"><strong class=\"tech\">CONCARNEAU\u00a0: <\/strong>Viot &#8211; Sinquin, Jannez (cap.), Seba &#8211; Etcheverria (Da Silva, 79\u2019), Goujon (Ntumi, 69\u2019), Gbell\u00e9, Picouleau, Kabongo (Inquel, 86\u2019) &#8211; Soukouna, Baldoni (Tell, 79\u2019). Entra\u00eeneur\u00a0: St\u00e9phane Rossi.<\/p>\n","protected":false},"excerpt":{"rendered":"National (match avanc\u00e9 de la 21e journ\u00e9e). QRM &#8211; US Concarneau\u00a0: 2-1 Tout avait pourtant si bien commenc\u00e9\u2026&hellip;\n","protected":false},"author":2,"featured_media":730399,"comment_status":"","ping_status":"","sticky":false,"template":"","format":"standard","meta":{"footnotes":"","_share_on_mastodon":"0"},"categories":[9587],"tags":[1111,11,3322,3166,1777,674,63,1011,27,3238,12,5161,25,9590,60,14656],"class_list":["post-730398","post","type-post","status-publish","format-standard","has-post-thumbnail","category-rouen","tag-actu","tag-actualites","tag-concarneau","tag-en-continu-sports","tag-eu","tag-europe","tag-football","tag-fr","tag-france","tag-national","tag-news","tag-normandie","tag-republique-francaise","tag-rouen","tag-sports","tag-us-concarneau"],"share_on_mastodon":{"url":"https:\/\/pubeurope.com\/@fr\/116060117102819451","error":""},"_links":{"self":[{"href":"https:\/\/www.europesays.com\/fr\/wp-json\/wp\/v2\/posts\/730398","targetHints":{"allow":["GET"]}}],"collection":[{"href":"https:\/\/www.europesays.com\/fr\/wp-json\/wp\/v2\/posts"}],"about":[{"href":"https:\/\/www.europesays.com\/fr\/wp-json\/wp\/v2\/types\/post"}],"author":[{"embeddable":true,"href":"https:\/\/www.europesays.com\/fr\/wp-json\/wp\/v2\/users\/2"}],"replies":[{"embeddable":true,"href":"https:\/\/www.europesays.com\/fr\/wp-json\/wp\/v2\/comments?post=730398"}],"version-history":[{"count":0,"href":"https:\/\/www.europesays.com\/fr\/wp-json\/wp\/v2\/posts\/730398\/revisions"}],"wp:featuredmedia":[{"embeddable":true,"href":"https:\/\/www.europesays.com\/fr\/wp-json\/wp\/v2\/media\/730399"}],"wp:attachment":[{"href":"https:\/\/www.europesays.com\/fr\/wp-json\/wp\/v2\/media?parent=730398"}],"wp:term":[{"taxonomy":"category","embeddable":true,"href":"https:\/\/www.europesays.com\/fr\/wp-json\/wp\/v2\/categories?post=730398"},{"taxonomy":"post_tag","embeddable":true,"href":"https:\/\/www.europesays.com\/fr\/wp-json\/wp\/v2\/tags?post=730398"}],"curies":[{"name":"wp","href":"https:\/\/api.w.org\/{rel}","templated":true}]}}