{"id":730400,"date":"2026-02-12T22:53:12","date_gmt":"2026-02-12T22:53:12","guid":{"rendered":"https:\/\/www.europesays.com\/fr\/730400\/"},"modified":"2026-02-12T22:53:12","modified_gmt":"2026-02-12T22:53:12","slug":"municipales-2026-a-grenoble-le-npa-revolutionnaires-veut-leur-arracher-le-pouvoir","status":"publish","type":"post","link":"https:\/\/www.europesays.com\/fr\/730400\/","title":{"rendered":"Municipales 2026. \u00c0 Grenoble, le NPA-R\u00e9volutionnaires veut \u00ab\u00a0leur arracher le pouvoir\u00a0\u00bb"},"content":{"rendered":"<p>Ils ont \u00e9t\u00e9 parmi les premiers \u00e0 d\u00e9poser leur liste en pr\u00e9fecture. Ce jeudi, le NPA-R\u00e9volutionnaires a fait enregistrer officiellement sa candidature aux \u00e9lections municipales de mars. \u00ab\u00a0On est super fiers d\u2019avoir d\u00e9pos\u00e9 cette liste le premier jour de l\u2019ouverture. La moyenne d\u2019\u00e2ge, c\u2019est 29 ans. On est une liste de jeunes, jeunes travailleurs, \u00e9tudiants, instits, profs, ouvreur, AESH, kin\u00e9, salari\u00e9s de la restauration,\u2026 \u00bb, a lanc\u00e9, ce jeudi soir lors de sa pr\u00e9sentation Baptiste Anglade, \u00e0 la t\u00eate de l\u2019\u00e9quipe baptis\u00e9e \u201cGrenoble ouvri\u00e8re et r\u00e9volutionnaire\u201d&#8230;.<\/p>\n","protected":false},"excerpt":{"rendered":"Ils ont \u00e9t\u00e9 parmi les premiers \u00e0 d\u00e9poser leur liste en pr\u00e9fecture. Ce jeudi, le NPA-R\u00e9volutionnaires a fait&hellip;\n","protected":false},"author":2,"featured_media":730401,"comment_status":"","ping_status":"","sticky":false,"template":"","format":"standard","meta":{"footnotes":"","_share_on_mastodon":"0"},"categories":[9566],"tags":[1111,11,2430,112,4188,1777,674,1011,27,2731,2732,108,12,316,25],"class_list":["post-730400","post","type-post","status-publish","format-standard","has-post-thumbnail","category-grenoble","tag-actu","tag-actualites","tag-auvergne-rhone-alpes","tag-edition-grenoble-agglomeration","tag-elections-municipales","tag-eu","tag-europe","tag-fr","tag-france","tag-grenoble","tag-grenoble-bassin","tag-isere","tag-news","tag-politique","tag-republique-francaise"],"share_on_mastodon":{"url":"https:\/\/pubeurope.com\/@fr\/116060120975751164","error":""},"_links":{"self":[{"href":"https:\/\/www.europesays.com\/fr\/wp-json\/wp\/v2\/posts\/730400","targetHints":{"allow":["GET"]}}],"collection":[{"href":"https:\/\/www.europesays.com\/fr\/wp-json\/wp\/v2\/posts"}],"about":[{"href":"https:\/\/www.europesays.com\/fr\/wp-json\/wp\/v2\/types\/post"}],"author":[{"embeddable":true,"href":"https:\/\/www.europesays.com\/fr\/wp-json\/wp\/v2\/users\/2"}],"replies":[{"embeddable":true,"href":"https:\/\/www.europesays.com\/fr\/wp-json\/wp\/v2\/comments?post=730400"}],"version-history":[{"count":0,"href":"https:\/\/www.europesays.com\/fr\/wp-json\/wp\/v2\/posts\/730400\/revisions"}],"wp:featuredmedia":[{"embeddable":true,"href":"https:\/\/www.europesays.com\/fr\/wp-json\/wp\/v2\/media\/730401"}],"wp:attachment":[{"href":"https:\/\/www.europesays.com\/fr\/wp-json\/wp\/v2\/media?parent=730400"}],"wp:term":[{"taxonomy":"category","embeddable":true,"href":"https:\/\/www.europesays.com\/fr\/wp-json\/wp\/v2\/categories?post=730400"},{"taxonomy":"post_tag","embeddable":true,"href":"https:\/\/www.europesays.com\/fr\/wp-json\/wp\/v2\/tags?post=730400"}],"curies":[{"name":"wp","href":"https:\/\/api.w.org\/{rel}","templated":true}]}}