{"id":730402,"date":"2026-02-12T22:54:12","date_gmt":"2026-02-12T22:54:12","guid":{"rendered":"https:\/\/www.europesays.com\/fr\/730402\/"},"modified":"2026-02-12T22:54:12","modified_gmt":"2026-02-12T22:54:12","slug":"fcg-fc-grenoble-rugby-46","status":"publish","type":"post","link":"https:\/\/www.europesays.com\/fr\/730402\/","title":{"rendered":"FCG &#8211; FC Grenoble Rugby"},"content":{"rendered":"<p>Ce week-end, un seul match : nos Gaudermen re\u00e7oivent le Racing Club de France, ce samedi \u00e0 14h30 \u00e0 Lesdigui\u00e8res sur l&rsquo;Annexe !\u00a0<\/p>\n<p>Tous les autres collectifs (sauf l&rsquo;\u00e9quipe professionnelle) sont au repos.\u00a0<\/p>\n<p>Auteur : FCG Rugby<\/p>\n<ul>\n<li class=\"facebook\">\n\t\t\t    \t\t\t\t<a href=\"https:\/\/www.facebook.com\/sharer.php?u=http:\/\/fcgrugby.com\/fr\/articles\/2026\/02\/12\/l-agenda-du-week-end\" data-width=\"600\" data-height=\"400\" rel=\"nofollow noopener\" target=\"_blank\"><br \/>\n                                    Facebook                                <\/a>\n\t\t\t    \t\t\t<\/li>\n<li class=\"twitter\">\n                                <a href=\"https:\/\/twitter.com\/share?url=http:\/\/fcgrugby.com\/fr\/articles\/2026\/02\/12\/l-agenda-du-week-end\" data-width=\"600\" data-height=\"400\" rel=\"nofollow noopener\" target=\"_blank\"><br \/>\n                                    Twitter                                <\/a>\n                            <\/li>\n<li class=\"google\">\n                                <a href=\"https:\/\/plus.google.com\/share?url=http:\/\/fcgrugby.com\/fr\/articles\/2026\/02\/12\/l-agenda-du-week-end\" data-width=\"600\" data-height=\"600\" rel=\"nofollow noopener\" target=\"_blank\"><br \/>\n                                    Google+                                <\/a>\n                            <\/li>\n<\/ul>\n<p>\t\t\t\t<script async src=\"https:\/\/platform.twitter.com\/widgets.js\" charset=\"utf-8\"><\/script><\/p>\n","protected":false},"excerpt":{"rendered":"Ce week-end, un seul match : nos Gaudermen re\u00e7oivent le Racing Club de France, ce samedi \u00e0 14h30&hellip;\n","protected":false},"author":2,"featured_media":730403,"comment_status":"","ping_status":"","sticky":false,"template":"","format":"standard","meta":{"footnotes":"","_share_on_mastodon":"0"},"categories":[9566],"tags":[1111,11,2430,1777,674,1011,27,2731,12,25],"class_list":["post-730402","post","type-post","status-publish","format-standard","has-post-thumbnail","category-grenoble","tag-actu","tag-actualites","tag-auvergne-rhone-alpes","tag-eu","tag-europe","tag-fr","tag-france","tag-grenoble","tag-news","tag-republique-francaise"],"share_on_mastodon":{"url":"https:\/\/pubeurope.com\/@fr\/116060124937677742","error":""},"_links":{"self":[{"href":"https:\/\/www.europesays.com\/fr\/wp-json\/wp\/v2\/posts\/730402","targetHints":{"allow":["GET"]}}],"collection":[{"href":"https:\/\/www.europesays.com\/fr\/wp-json\/wp\/v2\/posts"}],"about":[{"href":"https:\/\/www.europesays.com\/fr\/wp-json\/wp\/v2\/types\/post"}],"author":[{"embeddable":true,"href":"https:\/\/www.europesays.com\/fr\/wp-json\/wp\/v2\/users\/2"}],"replies":[{"embeddable":true,"href":"https:\/\/www.europesays.com\/fr\/wp-json\/wp\/v2\/comments?post=730402"}],"version-history":[{"count":0,"href":"https:\/\/www.europesays.com\/fr\/wp-json\/wp\/v2\/posts\/730402\/revisions"}],"wp:featuredmedia":[{"embeddable":true,"href":"https:\/\/www.europesays.com\/fr\/wp-json\/wp\/v2\/media\/730403"}],"wp:attachment":[{"href":"https:\/\/www.europesays.com\/fr\/wp-json\/wp\/v2\/media?parent=730402"}],"wp:term":[{"taxonomy":"category","embeddable":true,"href":"https:\/\/www.europesays.com\/fr\/wp-json\/wp\/v2\/categories?post=730402"},{"taxonomy":"post_tag","embeddable":true,"href":"https:\/\/www.europesays.com\/fr\/wp-json\/wp\/v2\/tags?post=730402"}],"curies":[{"name":"wp","href":"https:\/\/api.w.org\/{rel}","templated":true}]}}