{"id":730404,"date":"2026-02-12T22:55:10","date_gmt":"2026-02-12T22:55:10","guid":{"rendered":"https:\/\/www.europesays.com\/fr\/730404\/"},"modified":"2026-02-12T22:55:10","modified_gmt":"2026-02-12T22:55:10","slug":"municipales-2026-charles-compagnon-presente-une-liste-prete-des-le-premier-jour","status":"publish","type":"post","link":"https:\/\/www.europesays.com\/fr\/730404\/","title":{"rendered":"Municipales\u00a02026 \u00a0: Charles Compagnon pr\u00e9sente une liste \u00ab\u2009pr\u00eate d\u00e8s le premier jour\u2009\u00bb"},"content":{"rendered":"<p style=\"text-align: justify;\">Dans une salle du restaurant Andy Le Mabilay, Charles Compagnon a pr\u00e9sent\u00e9, ce 12 f\u00e9vrier, devant la presse, sa liste \u00ab\u2009Vivre Rennes\u2009\u00bb en vue des municipales 2026. Entour\u00e9 de ses colistiers, il a revendiqu\u00e9 une d\u00e9marche construite \u00ab\u2009sur le terrain\u2009\u00bb et un cap politique assum\u00e9. \u00ab\u2009En 2026, Rennes n\u2019a pas besoin d\u2019un changement. Rennes a besoin d\u2019une alternance claire, responsable, pr\u00e9par\u00e9e.\u2009\u00bb<\/p>\n<p style=\"text-align: justify;\">Aux c\u00f4t\u00e9s de Carole Gandon, le candidat d\u00e9fend une \u00e9quipe \u00e0 l\u2019image de la capitale bretonne, par l\u2019\u00e2ge, les m\u00e9tiers et les quartiers. \u00ab\u2009Cette liste, elle ressemble \u00e0 Rennes. Elle est Rennes. Elle rassemble des hommes et des femmes de 19 \u00e0 78\u00a0ans, avec des profils vari\u00e9s. Nous avons des \u00e9tudiants, des commer\u00e7ants, des m\u00e9decins, des enseignants, des techniciens, des chefs d\u2019entreprise, des artistes, des infirmiers, des cadres du public comme du priv\u00e9, des artisans, des retrait\u00e9s engag\u00e9s, des parents et des dirigeants associatifs.\u2009\u00bb<\/p>\n<p style=\"text-align: justify;\">Derri\u00e8re cet inventaire \u00e0 la Pr\u00e9vert, Charles Compagnon assure ne pas avoir voulu de \u00ab\u2009professionnels de la politique hors-sols\u00bb. \u00ab\u2009Nous sommes des Rennaises et des Rennais, qui vivent, qui travaillent ici, qui \u00e9l\u00e8vent leurs enfants ici, parfois seuls. Ils connaissent la r\u00e9alit\u00e9 de la vie rennaise, ils vivent Rennes.\u2009\u00bb Au passage, l\u2019homme politique affirme compter des repr\u00e9sentants de tous les quartiers. \u00ab\u2009Mes colistiers habitent le Blosne, Br\u00e9quigny, Maurepas, Villejean, Beauregard et le centre-ville. Nous ne commentons pas la situation des quartiers prioritaires, mais nous t\u00e9moignons de ce qu\u2019ils vivent parce que, pr\u00e9cis\u00e9ment, certains d\u2019entre nous y r\u00e9sident.\u2009\u00bb<\/p>\n<p style=\"text-align: justify;\">Cette liste se pr\u00e9sente comme l\u2019aboutissement d\u2019un rapprochement politique. \u00ab\u2009C\u2019est \u00e9videmment le travail du rassemblement de deux groupes d\u2019opposition conduits par Carole et moi-m\u00eame, ajoute Charles Compagnon. C\u2019est aussi l\u2019union de la social-d\u00e9mocratie, du centre, de la droite et de repr\u00e9sentants de la soci\u00e9t\u00e9 civile, avec des r\u00e9f\u00e9rents locaux de Renaissance, du MoDem, de Horizons, de Nouvelle \u00c9nergie et du Parti Breton. Avec ce rassemblement in\u00e9dit pour les municipales \u00e0 Rennes, aujourd\u2019hui, ensemble, nous formons tout simplement la seule liste capable de l\u2019emporter face \u00e0 la majorit\u00e9 sortante.\u2009\u00bb<\/p>\n<p style=\"text-align: justify;\">Autour de trois priorit\u00e9s \u2014 \u00ab\u2009prot\u00e9ger, respirer et relancer\u2009\u00bb \u2014 Charles Compagnon dit vouloir rompre avec \u00ab\u2009une gouvernance verticale, technocratique, parfois dogmatique\u2009\u00bb. Il promet une organisation politique \u00ab\u2009lisible\u2009\u00bb. \u00ab\u2009Chaque d\u00e9cision sera claire et chaque responsabilit\u00e9 sera identifi\u00e9e. Chaque adjoint saura ce qu\u2019il doit faire et les Rennais sauront \u00e0 qui s\u2019adresser. Moi, je serai un maire \u00e0 plein temps, \u00e0 100 %. Je veux\u00eatre un maire de proximit\u00e9, de terrain, un maire, comme on dit, \u00e0 port\u00e9e de baffe.\u2009\u00bb D\u00e8s \u00e0 pr\u00e9sent, il annonce une \u00e9quipe d\u00e9j\u00e0 \u00ab\u2009pr\u00eate\u2009\u00bb \u00e0 agir rapidement. \u00ab\u2009Le soir de la victoire, nous serons pr\u00eats \u00e0 lancer un choc de propret\u00e9 et de s\u00e9curit\u00e9. Nous serons pr\u00eats \u00e0 engager les premi\u00e8res op\u00e9rations urbaines, \u00e0 remettre \u00e0 plat les priorit\u00e9s budg\u00e9taires, \u00e0 enclencher les grands dossiers d\u2019attractivit\u00e9 et de rayonnement. Une alternance, ce n\u2019est pas une transition floue, c\u2019est une responsabilit\u00e9 imm\u00e9diate.\u2009\u00bb<\/p>\n<p>\u00a0<\/p>\n<p><img fetchpriority=\"high\" decoding=\"async\" class=\"alignnone size-medium wp-image-110731\" src=\"data:image\/svg+xml,%3Csvg%20xmlns=\" http:=\"\" alt=\"\" width=\"600\" height=\"245\" data-wp-pid=\"110731\" data-lazy- data-lazy- data-lazy-src=\"https:\/\/www.europesays.com\/fr\/wp-content\/uploads\/2026\/02\/IMG_6252-600x245.jpg\"\/><\/p>\n<p style=\"text-align: justify;\"><strong>Voici la liste :<\/strong> Compagnon Charles, 52 ans, Entrepreneur, conseiller municipal et m\u00e9tropolitain, Gandon Carole, 42 ans, Directrice relations institutionnelles, conseill\u00e8re municipale et m\u00e9tropolitaine, Lemaitre Jelle, 43 ans, Enseignant-chercheur, Dhalluin Am\u00e9lie, 46 ans, M\u00e9decin hospitalier, p\u00e9diatre, Boucher Nicolas, 43 ans, Auxiliaire de vie, conseiller municipal et m\u00e9tropolitain, Compain Brigitte, 70 ans, Retrait\u00e9e d\u00e9coratrice-\u00e9talagiste, Ruiz Henri-No\u00ebl, 72 ans, Ing\u00e9nieur urbaniste, conseiller municipal, Fraslin Emmanuelle, 60 ans, Ressources humaines, Cressard Antoine, 60 ans, Professeur d\u2019histoire-g\u00e9ographie, conseiller municipal et m\u00e9tropolitain, Le Gall Jo\u00eblle, 78 ans, Retrait\u00e9e du priv\u00e9, Benoist Didier, 66 ans, Retrait\u00e9, Desse Marie, 41 ans, Juriste, Guiguen Gurval, 37 ans, Auditeur financier, Marie Eug\u00e9nie, 56 ans, Artiste plasticienne, Cara Aur\u00e9lien, 42 ans, Juriste en administration, Lepoittevin St\u00e9phanie, 58 ans, Consultante dans le m\u00e9dical, Roulet Victor, 36 ans, Responsable d\u2019activit\u00e9 relations entreprises, Gosselin B\u00e9n\u00e9dicte, 66 ans, Avocate en droit p\u00e9nal, Le Brun Lo\u00efck, 61 ans, Cadre du priv\u00e9 (immobilier), conseiller municipal, Lebreton Dominique, 61 ans, Responsable commerciale, Bouchez Antonin, 35 ans, Cadre de la fonction publique territoriale, Ngoko Sylvie, 41 ans, Assistante administrative, Gargam Mah\u00e9, 48 ans, Cadre de la fonction publique d\u2019\u00c9tat, Chataigner Chlo\u00e9, 36 ans, Responsable de magasin pr\u00eat-\u00e0-porter, Delacour Jean-Damien, 50 ans, Consultant, Gautier-Savagnac Charlotte, 47 ans, Assistante RH, Lebeltel Damien, 38 ans, Ing\u00e9nieur, Beucher Marie, 46 ans, Commer\u00e7ante, Defer Guillaume, 25 ans, Cadre de la fonction publique d\u2019\u00c9tat, Lahaye Florence, 59 ans, Directrice communication, Hintzy Stanislas, 62 ans, Dirigeant d\u2019entreprise, Vautier Pascale, 62 ans, Agent immobilier, Sala\u00fcn Thierry, 57 ans, Directeur technique, De Vasselot Anne, 71 ans, Retrait\u00e9e, Doan-Perrigault Yann, 52 ans, Infirmier, Masson Alexandra, 22 ans, \u00c9tudiante, Hardy Christian, 57 ans, Gestionnaire immobilier, Sea Ravy, 42 ans, Responsable de magasin, Schmidt Nathana\u00ebl, 22 ans, \u00c9tudiant en master service public, Charbonnel Annie, 71 ans, Retrait\u00e9e, Bardhadi Zak, 57 ans, Technicien r\u00e9gisseur, Janvier Elsa, 21 ans, \u00c9tudiante, Panhaleux Jean-Pierre, 72 ans, Ma\u00eetre-artisan, Pichon Perrine, 50 ans, M\u00e9decin endocrinologue, Roty Thierry, 66 ans, Architecte et urbaniste, Siorat Sylvie, 62 ans, Consultante et formatrice en d\u00e9veloppement durable, Bridel Denis, 71 ans, Retrait\u00e9 de la fonction publique territoriale, Bouvet Aude, 44 ans, Expert-comptable, Vaysse Victor, 31 ans, Gestionnaire de patrimoine, Aubaud Isabelle, 55 ans, Assistante de direction, Leboss\u00e9 Jean-Fran\u00e7ois, 59 ans, Chirurgien-dentiste, Bilheu Marie-Anne, 53 ans, Ancienne employ\u00e9e, Marnay Arnaud, 19 ans, \u00c9tudiant ing\u00e9nieur et sciences politiques, Boudinot Lou, 22 ans, Jeune dipl\u00f4m\u00e9e, Thomas Guillaume, 52 ans, Dirigeant d\u2019entreprise, Alm\u00e9l\u0430 Rolande, 77 ans, Infirmi\u00e8re retrait\u00e9e, Madre Zacharie, 21 ans, \u00c9tudiant en droit, Benmerah St\u00e9phanie, 45 ans, M\u00e8re au foyer, Buatois C\u00e9dric, 47 ans, Cadre du priv\u00e9, Bihan Naima, 52 ans, Artisan couturi\u00e8re, Nouveli\u00e8re Iwan, 20 ans, \u00c9tudiant en urbanisme, Pigeon Marie-Sophie, 58 ans, Antiquaire, De Courcy Samuel, 54 ans, Cadre informaticien.<\/p>\n","protected":false},"excerpt":{"rendered":"Dans une salle du restaurant Andy Le Mabilay, Charles Compagnon a pr\u00e9sent\u00e9, ce 12 f\u00e9vrier, devant la presse,&hellip;\n","protected":false},"author":2,"featured_media":730405,"comment_status":"","ping_status":"","sticky":false,"template":"","format":"standard","meta":{"footnotes":"","_share_on_mastodon":"0"},"categories":[2821],"tags":[1111,11,829,1777,674,1011,27,12,584,25],"class_list":["post-730404","post","type-post","status-publish","format-standard","has-post-thumbnail","category-rennes","tag-actu","tag-actualites","tag-bretagne","tag-eu","tag-europe","tag-fr","tag-france","tag-news","tag-rennes","tag-republique-francaise"],"share_on_mastodon":{"url":"https:\/\/pubeurope.com\/@fr\/116060128854340001","error":""},"_links":{"self":[{"href":"https:\/\/www.europesays.com\/fr\/wp-json\/wp\/v2\/posts\/730404","targetHints":{"allow":["GET"]}}],"collection":[{"href":"https:\/\/www.europesays.com\/fr\/wp-json\/wp\/v2\/posts"}],"about":[{"href":"https:\/\/www.europesays.com\/fr\/wp-json\/wp\/v2\/types\/post"}],"author":[{"embeddable":true,"href":"https:\/\/www.europesays.com\/fr\/wp-json\/wp\/v2\/users\/2"}],"replies":[{"embeddable":true,"href":"https:\/\/www.europesays.com\/fr\/wp-json\/wp\/v2\/comments?post=730404"}],"version-history":[{"count":0,"href":"https:\/\/www.europesays.com\/fr\/wp-json\/wp\/v2\/posts\/730404\/revisions"}],"wp:featuredmedia":[{"embeddable":true,"href":"https:\/\/www.europesays.com\/fr\/wp-json\/wp\/v2\/media\/730405"}],"wp:attachment":[{"href":"https:\/\/www.europesays.com\/fr\/wp-json\/wp\/v2\/media?parent=730404"}],"wp:term":[{"taxonomy":"category","embeddable":true,"href":"https:\/\/www.europesays.com\/fr\/wp-json\/wp\/v2\/categories?post=730404"},{"taxonomy":"post_tag","embeddable":true,"href":"https:\/\/www.europesays.com\/fr\/wp-json\/wp\/v2\/tags?post=730404"}],"curies":[{"name":"wp","href":"https:\/\/api.w.org\/{rel}","templated":true}]}}