{"id":730408,"date":"2026-02-12T22:57:13","date_gmt":"2026-02-12T22:57:13","guid":{"rendered":"https:\/\/www.europesays.com\/fr\/730408\/"},"modified":"2026-02-12T22:57:13","modified_gmt":"2026-02-12T22:57:13","slug":"solidarite-le-forrest-gump-francais-contre-le-cancer-pediatrique-de-passage-a-strasbourg-2","status":"publish","type":"post","link":"https:\/\/www.europesays.com\/fr\/730408\/","title":{"rendered":"Solidarit\u00e9. Le \u201cForrest Gump fran\u00e7ais\u201d, contre le cancer p\u00e9diatrique, de passage \u00e0 Strasbourg"},"content":{"rendered":"<p>Une pluie diluvienne et le \u201cvent du Diable\u201d ont accompagn\u00e9, ce jeudi, l\u2019\u00e9lan de quelques dizaines de runners de l\u2019\u00e9tape strasbourgeoise d\u2019On envoie le cancer sur la Lune, une course de solidarit\u00e9 \u00e0 travers la France pour sensibiliser \u00e0 la lutte contre le cancer p\u00e9diatrique. Ces bienveillants t\u00e9m\u00e9raires se sont donn\u00e9 rendez-vous sur le parvis de la cath\u00e9drale \u00e0 18\u00a0h\u00a015, pour effectuer une boucle de 5 \u00e0 6 kilom\u00e8tres.<\/p>\n<p>\u00c9g\u00e9rie de l\u2019initiative, le traileur <a href=\"https:\/\/www.instagram.com\/stephankalfon\/\" target=\"_blank\" rel=\"nofollow noopener\">Stephan Kalfon<\/a> est parti le 5\u00a0f\u00e9vrier de Cannes et franchira la ligne d\u2019arriv\u00e9e dimanche prochain \u00e0 Lyon, lors de la Journ\u00e9e mondiale des cancers p\u00e9diatriques. Pour atteindre le cap des 384\u00a0400 kilom\u00e8tres (soit la distance Terre-Lune), l\u2019effort kilom\u00e9trique de chacun est comptabilis\u00e9 par l\u2019application Strava. \u00c0 ce jour, environ 200\u00a0000\u00a0km ont \u00e9t\u00e9 parcourus collectivement par pr\u00e8s de dix mille participants.<\/p>\n<p>Port\u00e9 par le collectif <a href=\"https:\/\/2500voix.org\/\" target=\"_blank\" rel=\"nofollow noopener\">2 500 voix<\/a> (soit le nombre de diagnostics de cancer chez les enfants et adolescents en France chaque ann\u00e9e), le d\u00e9fi est parrain\u00e9 par plusieurs associations dont <a href=\"https:\/\/www.enfants-cancers-sante.fr\/\" target=\"_blank\" rel=\"nofollow noopener\">Enfants cancer sant\u00e9<\/a> , en premi\u00e8re ligne pour le financement de la recherche, ainsi que par le centre <a href=\"https:\/\/hope4children-braincancer.eu\/\" target=\"_blank\" rel=\"nofollow noopener\">En Hope Smart4CBT3<\/a> , repr\u00e9sent\u00e9 par l\u2019oncologue Natacha Entz-Werl\u00e9.<\/p>\n<p><script async src=\"\/\/www.instagram.com\/embed.js\"><\/script><\/p>\n","protected":false},"excerpt":{"rendered":"Une pluie diluvienne et le \u201cvent du Diable\u201d ont accompagn\u00e9, ce jeudi, l\u2019\u00e9lan de quelques dizaines de runners&hellip;\n","protected":false},"author":2,"featured_media":730047,"comment_status":"","ping_status":"","sticky":false,"template":"","format":"standard","meta":{"footnotes":"","_share_on_mastodon":"0"},"categories":[2820],"tags":[1111,11,2389,2649,1777,674,107,1011,27,775,12,25,71,801,640],"class_list":["post-730408","post","type-post","status-publish","format-standard","has-post-thumbnail","category-strasbourg","tag-actu","tag-actualites","tag-alsace","tag-bas-rhin","tag-eu","tag-europe","tag-fil-info","tag-fr","tag-france","tag-grand-est","tag-news","tag-republique-francaise","tag-sante","tag-social","tag-strasbourg"],"share_on_mastodon":{"url":"https:\/\/pubeurope.com\/@fr\/116060136648649216","error":""},"_links":{"self":[{"href":"https:\/\/www.europesays.com\/fr\/wp-json\/wp\/v2\/posts\/730408","targetHints":{"allow":["GET"]}}],"collection":[{"href":"https:\/\/www.europesays.com\/fr\/wp-json\/wp\/v2\/posts"}],"about":[{"href":"https:\/\/www.europesays.com\/fr\/wp-json\/wp\/v2\/types\/post"}],"author":[{"embeddable":true,"href":"https:\/\/www.europesays.com\/fr\/wp-json\/wp\/v2\/users\/2"}],"replies":[{"embeddable":true,"href":"https:\/\/www.europesays.com\/fr\/wp-json\/wp\/v2\/comments?post=730408"}],"version-history":[{"count":0,"href":"https:\/\/www.europesays.com\/fr\/wp-json\/wp\/v2\/posts\/730408\/revisions"}],"wp:featuredmedia":[{"embeddable":true,"href":"https:\/\/www.europesays.com\/fr\/wp-json\/wp\/v2\/media\/730047"}],"wp:attachment":[{"href":"https:\/\/www.europesays.com\/fr\/wp-json\/wp\/v2\/media?parent=730408"}],"wp:term":[{"taxonomy":"category","embeddable":true,"href":"https:\/\/www.europesays.com\/fr\/wp-json\/wp\/v2\/categories?post=730408"},{"taxonomy":"post_tag","embeddable":true,"href":"https:\/\/www.europesays.com\/fr\/wp-json\/wp\/v2\/tags?post=730408"}],"curies":[{"name":"wp","href":"https:\/\/api.w.org\/{rel}","templated":true}]}}