{"id":730409,"date":"2026-02-12T22:58:18","date_gmt":"2026-02-12T22:58:18","guid":{"rendered":"https:\/\/www.europesays.com\/fr\/730409\/"},"modified":"2026-02-12T22:58:18","modified_gmt":"2026-02-12T22:58:18","slug":"ligue-1-forme-a-lom-ancien-du-racing-club-de-strasbourg-jean-philippe-sabo-se-confie-avant-le-choc","status":"publish","type":"post","link":"https:\/\/www.europesays.com\/fr\/730409\/","title":{"rendered":"Ligue 1. Form\u00e9 \u00e0 l&rsquo;OM, ancien\u00a0du Racing Club de Strasbourg, Jean-Philippe Sabo\u00a0se confie avant\u00a0le choc"},"content":{"rendered":"<p>On le savait enracin\u00e9 en Centre-Alsace aupr\u00e8s de son \u00e9pouse originaire de la r\u00e9gion et de son fils Gabin, occup\u00e9 par son business de salles franchis\u00e9es de fitness \u2013 \u00e0 Erstein et Obernai \u2013 et accessoirement infatigable joueur du dimanche en R\u00e9gional\u200a2 (7e\u200adivision) \u00e0 \u201cGeispo\u201d.<\/p>\n<p>Mais \u00e0 bient\u00f4t trente-neuf ans (le 26\u00a0f\u00e9vrier), Jean-Philippe Sabo a encore la bougeotte quand il s\u2019agit de courir derri\u00e8re un ballon. Ce jeudi, le Picard de naissance s\u2019appr\u00eatait ainsi \u00e0 enfiler le maillot de l\u2019\u00e9quipe de France militaire pour un match \u00e0 Dijon.<\/p>\n<p>\u00ab\u200aC\u2019est mon petit kif, ma respiration et un besoin aussi pour continuer \u00e0 ressentir la vie de groupe qui manque quand tu raccroches\u200a\u00bb, dit-il.<\/p>\n<p>Gr\u00e2ce \u00e0 la s\u00e9lection des arm\u00e9es, \u201cJean-Phi\u201d continue \u00e0 voir du pays<\/p>\n<p>Cela fait pr\u00e8s de dix ans qu\u2019il est pass\u00e9 \u00e0 autre chose, \u00e0 savoir une reconversion professionnelle \u00e0 l\u2019issue de <a href=\"https:\/\/www.dna.fr\/sport\/2021\/12\/12\/grand-format-jean-philippe-sabo-ancien-defenseur-du-racing-on-est-devenu-un-rouleau-compresseur\" target=\"_blank\" rel=\"nofollow noopener\">quatre saisons au Racing, ponctu\u00e9es par une accession en Ligue 2<\/a>.\u00a0<\/p>\n<p>Gr\u00e2ce \u00e0 la s\u00e9lection des arm\u00e9es, \u201cJean-Phi\u201d continue \u00e0 voir du pays \u2013 Chine,&#8230;<\/p>\n","protected":false},"excerpt":{"rendered":"On le savait enracin\u00e9 en Centre-Alsace aupr\u00e8s de son \u00e9pouse originaire de la r\u00e9gion et de son fils&hellip;\n","protected":false},"author":2,"featured_media":730410,"comment_status":"","ping_status":"","sticky":false,"template":"","format":"standard","meta":{"footnotes":"","_share_on_mastodon":"0"},"categories":[2820],"tags":[1111,11,2649,2880,1777,674,107,63,1011,27,775,12,41281,25,517,640],"class_list":["post-730409","post","type-post","status-publish","format-standard","has-post-thumbnail","category-strasbourg","tag-actu","tag-actualites","tag-bas-rhin","tag-edition-strasbourg","tag-eu","tag-europe","tag-fil-info","tag-football","tag-fr","tag-france","tag-grand-est","tag-news","tag-racing-club-strasbourg-masculin","tag-republique-francaise","tag-sport","tag-strasbourg"],"share_on_mastodon":{"url":"https:\/\/pubeurope.com\/@fr\/116060140566380190","error":""},"_links":{"self":[{"href":"https:\/\/www.europesays.com\/fr\/wp-json\/wp\/v2\/posts\/730409","targetHints":{"allow":["GET"]}}],"collection":[{"href":"https:\/\/www.europesays.com\/fr\/wp-json\/wp\/v2\/posts"}],"about":[{"href":"https:\/\/www.europesays.com\/fr\/wp-json\/wp\/v2\/types\/post"}],"author":[{"embeddable":true,"href":"https:\/\/www.europesays.com\/fr\/wp-json\/wp\/v2\/users\/2"}],"replies":[{"embeddable":true,"href":"https:\/\/www.europesays.com\/fr\/wp-json\/wp\/v2\/comments?post=730409"}],"version-history":[{"count":0,"href":"https:\/\/www.europesays.com\/fr\/wp-json\/wp\/v2\/posts\/730409\/revisions"}],"wp:featuredmedia":[{"embeddable":true,"href":"https:\/\/www.europesays.com\/fr\/wp-json\/wp\/v2\/media\/730410"}],"wp:attachment":[{"href":"https:\/\/www.europesays.com\/fr\/wp-json\/wp\/v2\/media?parent=730409"}],"wp:term":[{"taxonomy":"category","embeddable":true,"href":"https:\/\/www.europesays.com\/fr\/wp-json\/wp\/v2\/categories?post=730409"},{"taxonomy":"post_tag","embeddable":true,"href":"https:\/\/www.europesays.com\/fr\/wp-json\/wp\/v2\/tags?post=730409"}],"curies":[{"name":"wp","href":"https:\/\/api.w.org\/{rel}","templated":true}]}}