{"id":730411,"date":"2026-02-12T22:59:12","date_gmt":"2026-02-12T22:59:12","guid":{"rendered":"https:\/\/www.europesays.com\/fr\/730411\/"},"modified":"2026-02-12T22:59:12","modified_gmt":"2026-02-12T22:59:12","slug":"on-fait-le-point-sur-les-perturbations-attendues-sur-le-reseau-lignes-dazur-a-nice-et-dans-la-metropole-ce-vendredi","status":"publish","type":"post","link":"https:\/\/www.europesays.com\/fr\/730411\/","title":{"rendered":"On fait le point sur les perturbations attendues sur le r\u00e9seau Lignes d\u2019Azur \u00e0 Nice et dans la M\u00e9tropole ce vendredi"},"content":{"rendered":"<p class=\"fs-5 \">Perturbations en vue. Une vingtaine de lignes de bus du r\u00e9seau Lignes d\u2019Azur seront perturb\u00e9es par un mouvement de gr\u00e8ve ce vendredi.<\/p>\n<p class=\"fs-5 \">Il s\u2019agit de lignes exploit\u00e9es par Transdev, sous-traitant de la r\u00e9gie m\u00e9tropolitaine.<\/p>\n<p>    Tramways, bus scolaires et parking relais maintenus<\/p>\n<p class=\"fs-5 \">Les quatre lignes de tramway (1, 2, 3 et B) fonctionnent normalement, de m\u00eame que l\u2019ensemble des lignes scolaires. Les agences commerciales et tous les Parcazur sont \u00e9galement ouverts.<\/p>\n<p>    Le d\u00e9tail des lignes perturb\u00e9es ou \u00e0 l\u2019arr\u00eat<\/p>\n<p class=\"fs-5 \">Aucun service n\u2019est assur\u00e9 sur les lignes 47, 49, 55, 58, 61, 71, 72, 75, 76 ainsi que C\u0153ur de Vence 1, 2 et 3.<\/p>\n<p class=\"fs-5 \">Plusieurs d\u00e9parts ne seront pas assur\u00e9s sur huit autres lignes de bus : 9, 41, 42, 44, 54, 60, 62, 63.<\/p>\n<p class=\"fs-5 \">Lignes d\u2019Azur n\u2019a pas pr\u00e9vu de bus de substitution sur l\u2019ensemble des lignes concern\u00e9es.<\/p>\n<p>    O\u00f9 s\u2019informer ?<\/p>\n<p class=\"fs-5 \">Lignes d\u2019Azur invite les usagers \u00e0 \u00ab anticiper \u00bb leurs d\u00e9placements. \u00ab Toutes les informations sont publi\u00e9es sur notre site internet et la liste des lignes perturb\u00e9es est r\u00e9guli\u00e8rement actualis\u00e9e \u00bb, selon une porte-parole de la r\u00e9gie m\u00e9tropolitaine de transports collectifs.<\/p>\n<p class=\"fs-5 \">Environ 80 % des conducteurs de Transdev C\u00f4te d\u2019Azur participent \u00e0 ce mouvement de gr\u00e8ve pour r\u00e9clamer de meilleures conditions de travail. Le r\u00e9seau avait d\u00e9j\u00e0 connu des perturbations lundi pour la m\u00eame raison.<\/p>\n","protected":false},"excerpt":{"rendered":"Perturbations en vue. Une vingtaine de lignes de bus du r\u00e9seau Lignes d\u2019Azur seront perturb\u00e9es par un mouvement&hellip;\n","protected":false},"author":2,"featured_media":730412,"comment_status":"","ping_status":"","sticky":false,"template":"","format":"standard","meta":{"footnotes":"","_share_on_mastodon":"0"},"categories":[2819],"tags":[1111,11,1777,674,1011,27,12,2401,882,25],"class_list":["post-730411","post","type-post","status-publish","format-standard","has-post-thumbnail","category-nice","tag-actu","tag-actualites","tag-eu","tag-europe","tag-fr","tag-france","tag-news","tag-nice","tag-provence-alpes-cote-dazur","tag-republique-francaise"],"share_on_mastodon":{"url":"https:\/\/pubeurope.com\/@fr\/116060144762488454","error":""},"_links":{"self":[{"href":"https:\/\/www.europesays.com\/fr\/wp-json\/wp\/v2\/posts\/730411","targetHints":{"allow":["GET"]}}],"collection":[{"href":"https:\/\/www.europesays.com\/fr\/wp-json\/wp\/v2\/posts"}],"about":[{"href":"https:\/\/www.europesays.com\/fr\/wp-json\/wp\/v2\/types\/post"}],"author":[{"embeddable":true,"href":"https:\/\/www.europesays.com\/fr\/wp-json\/wp\/v2\/users\/2"}],"replies":[{"embeddable":true,"href":"https:\/\/www.europesays.com\/fr\/wp-json\/wp\/v2\/comments?post=730411"}],"version-history":[{"count":0,"href":"https:\/\/www.europesays.com\/fr\/wp-json\/wp\/v2\/posts\/730411\/revisions"}],"wp:featuredmedia":[{"embeddable":true,"href":"https:\/\/www.europesays.com\/fr\/wp-json\/wp\/v2\/media\/730412"}],"wp:attachment":[{"href":"https:\/\/www.europesays.com\/fr\/wp-json\/wp\/v2\/media?parent=730411"}],"wp:term":[{"taxonomy":"category","embeddable":true,"href":"https:\/\/www.europesays.com\/fr\/wp-json\/wp\/v2\/categories?post=730411"},{"taxonomy":"post_tag","embeddable":true,"href":"https:\/\/www.europesays.com\/fr\/wp-json\/wp\/v2\/tags?post=730411"}],"curies":[{"name":"wp","href":"https:\/\/api.w.org\/{rel}","templated":true}]}}