{"id":730413,"date":"2026-02-12T23:00:10","date_gmt":"2026-02-12T23:00:10","guid":{"rendered":"https:\/\/www.europesays.com\/fr\/730413\/"},"modified":"2026-02-12T23:00:10","modified_gmt":"2026-02-12T23:00:10","slug":"jean-pierre-riviere-sinquiete-de-la-disparition-des-parkings-autour-du-stade","status":"publish","type":"post","link":"https:\/\/www.europesays.com\/fr\/730413\/","title":{"rendered":"Jean-Pierre Rivi\u00e8re s&rsquo;inqui\u00e8te de la disparition des parkings autour du stade"},"content":{"rendered":"<p>Municipale \u00e0 Nice : Jean-Pierre Rivi\u00e8re s&rsquo;inqui\u00e8te de la disparition des parkings autour du stadeSur le m\u00eame sujet<a href=\"https:\/\/www.bfmtv.com\/cote-d-azur\/replay-emissions\/azur-politiques\/video-municipale-a-nice-jean-pierre-riviere-s-inquiete-de-la-disparition-des-parkings-autour-du-stade_VN-202602120935.html\" title=\"Municipale \u00e0 Nice : Jean-Pierre Rivi\u00e8re s&#039;inqui\u00e8te de la disparition des parkings autour du stade\" rel=\"nofollow noopener\" target=\"_blank\"><img width=\"16\" height=\"9\" class=\"lozad\"  alt=\"Municipale \u00e0 Nice : Jean-Pierre Rivi\u00e8re s'inqui\u00e8te de la disparition des parkings autour du stade\"\/>en lectureMunicipale \u00e0 Nice : Jean-Pierre Rivi\u00e8re s&rsquo;inqui\u00e8te de la disparition des parkings autour du stade<\/a><a href=\"https:\/\/www.bfmtv.com\/cote-d-azur\/replay-emissions\/azur-politiques\/video-municipale-a-nice-aucun-sondage-pour-mesure-les-dynamiques_VN-202602120918.html\" title=\"Municipale \u00e0 Nice : aucun sondage pour mesure les dynamiques\" rel=\"nofollow noopener\" target=\"_blank\"><img width=\"16\" height=\"9\" class=\"lozad\"  alt=\"Municipale \u00e0 Nice : aucun sondage pour mesure les dynamiques\"\/>1:50Municipale \u00e0 Nice : aucun sondage pour mesure les dynamiques<\/a><a href=\"https:\/\/www.bfmtv.com\/cote-d-azur\/replay-emissions\/azur-politiques\/video-municipales-a-nice-jean-pierre-riviere-estime-que-nice-a-des-infrastructures-ephemeres_VN-202602120852.html\" title=\"Municipales \u00e0 Nice :  Jean-Pierre Rivi\u00e8re estime que Nice a des &quot;infrastructures \u00e9ph\u00e9m\u00e8res&quot;\" rel=\"nofollow noopener\" target=\"_blank\"><img width=\"16\" height=\"9\" class=\"lozad\"  alt=\"Municipales \u00e0 Nice :  Jean-Pierre Rivi\u00e8re estime que Nice a des &quot;infrastructures \u00e9ph\u00e9m\u00e8res&quot;\"\/>5:25Municipales \u00e0 Nice : Jean-Pierre Rivi\u00e8re estime que Nice a des \u00ab\u00a0infrastructures \u00e9ph\u00e9m\u00e8res\u00a0\u00bb<\/a><a href=\"https:\/\/www.bfmtv.com\/cote-d-azur\/replay-emissions\/azur-politiques\/video-invites-graig-monetti-et-jean-pierre-rivere_VN-202602120889.html\" title=\"Invit\u00e9s : Graig Monetti et Jean-Pierre Riv\u00e8re\" rel=\"nofollow noopener\" target=\"_blank\"><img width=\"16\" height=\"9\" class=\"lozad\"  alt=\"Invit\u00e9s : Graig Monetti et Jean-Pierre Riv\u00e8re\"\/>25:01Invit\u00e9s : Graig Monetti et Jean-Pierre Riv\u00e8re<\/a><a href=\"https:\/\/www.bfmtv.com\/cote-d-azur\/replay-emissions\/azur-politiques\/video-on-ne-peut-pas-accueillir-patrick-scalzo-se-positionne-contre-le-projet-des-cadrans-solaires_VN-202602050894.html\" title=\"&quot;On ne peut pas accueillir&quot;: Patrick Scalzo se positionne contre le projet des cadrans solaires\" rel=\"nofollow noopener\" target=\"_blank\"><img width=\"16\" height=\"9\" class=\"lozad\"  alt=\"&quot;On ne peut pas accueillir&quot;: Patrick Scalzo se positionne contre le projet des cadrans solaires\"\/>3:03&Prime;On ne peut pas accueillir\u00a0\u00bb: Patrick Scalzo se positionne contre le projet des cadrans solaires<\/a><a href=\"https:\/\/www.bfmtv.com\/cote-d-azur\/replay-emissions\/azur-politiques\/video-des-depenses-pas-utiles-jean-louis-fiori-pc-reagit-au-besoin-de-transparence-dans-le-budget_VN-202602050886.html\" title=\"&quot;Des d\u00e9penses pas utiles&quot;: Jean-Louis Fiori (PC) r\u00e9agit au besoin de transparence dans le budget \" rel=\"nofollow noopener\" target=\"_blank\"><img width=\"16\" height=\"9\" class=\"lozad\"  alt=\"&quot;Des d\u00e9penses pas utiles&quot;: Jean-Louis Fiori (PC) r\u00e9agit au besoin de transparence dans le budget \"\/>4:12&Prime;Des d\u00e9penses pas utiles\u00a0\u00bb: Jean-Louis Fiori (PC) r\u00e9agit au besoin de transparence dans le budget<\/a><a href=\"https:\/\/www.bfmtv.com\/cote-d-azur\/replay-emissions\/azur-politiques\/video-retrouver-une-unite-architecturale-assure-anne-sattonnet-ne-au-sujet-des-halles-surian_VN-202602050880.html\" title=\"&quot;Retrouver une unit\u00e9 architecturale&quot;, assure Anne Sattonnet (NE) au sujet des halles Surian\" rel=\"nofollow noopener\" target=\"_blank\"><img width=\"16\" height=\"9\" class=\"lozad\"  alt=\"&quot;Retrouver une unit\u00e9 architecturale&quot;, assure Anne Sattonnet (NE) au sujet des halles Surian\"\/>2:39&Prime;Retrouver une unit\u00e9 architecturale\u00a0\u00bb, assure Anne Sattonnet (NE) au sujet des halles Surian<\/a><a href=\"https:\/\/www.bfmtv.com\/cote-d-azur\/replay-emissions\/azur-politiques\/video-ce-projet-n-etait-pas-digerable-regis-lebigre-maire-de-vence-sur-le-projet-chagall_VN-202602050872.html\" title=\"&quot;Ce projet n&#039;\u00e9tait pas dig\u00e9rable&quot;: R\u00e9gis Lebigre, maire de Vence, sur le projet Chagall \" rel=\"nofollow noopener\" target=\"_blank\"><img width=\"16\" height=\"9\" class=\"lozad\"  alt=\"&quot;Ce projet n'\u00e9tait pas dig\u00e9rable&quot;: R\u00e9gis Lebigre, maire de Vence, sur le projet Chagall \"\/>5:13&Prime;Ce projet n&rsquo;\u00e9tait pas dig\u00e9rable\u00a0\u00bb: R\u00e9gis Lebigre, maire de Vence, sur le projet Chagall<\/a><a href=\"https:\/\/www.bfmtv.com\/cote-d-azur\/replay-emissions\/azur-politiques\/video-tout-nous-oppose-alessandra-masson-candidat-rn-a-menton-refuse-la-main-tendue-de-louis-sarkozy_VN-202601290980.html\" title=\"&quot;Tout nous oppose&quot;: Alessandra Masson, candidat RN \u00e0 Menton, refuse la main tendue de  Louis Sarkozy\" rel=\"nofollow noopener\" target=\"_blank\"><img width=\"16\" height=\"9\" class=\"lozad\"  alt=\"&quot;Tout nous oppose&quot;: Alessandra Masson, candidat RN \u00e0 Menton, refuse la main tendue de  Louis Sarkozy\"\/>1:57&Prime;Tout nous oppose\u00a0\u00bb: Alessandra Masson, candidat RN \u00e0 Menton, refuse la main tendue de Louis Sarkozy<\/a><a href=\"https:\/\/www.bfmtv.com\/cote-d-azur\/replay-emissions\/azur-politiques\/video-municipales-a-menton-alessandra-masson-candidate-rn-presente-ses-3-priorites-pour-la-commune_VN-202601290976.html\" title=\"Municipales \u00e0 Menton: Alessandra Masson, candidate RN, pr\u00e9sente ses 3 priorit\u00e9s pour la commune\" rel=\"nofollow noopener\" target=\"_blank\"><img width=\"16\" height=\"9\" class=\"lozad\"  alt=\"Municipales \u00e0 Menton: Alessandra Masson, candidate RN, pr\u00e9sente ses 3 priorit\u00e9s pour la commune\"\/>1:20Municipales \u00e0 Menton: Alessandra Masson, candidate RN, pr\u00e9sente ses 3 priorit\u00e9s pour la commune<\/a><a href=\"https:\/\/www.bfmtv.com\/cote-d-azur\/replay-emissions\/azur-politiques\/video-l-invitee-alexandra-masson_VN-202601290939.html\" title=\"L&#039;invit\u00e9e : Alexandra Masson\" rel=\"nofollow noopener\" target=\"_blank\"><img width=\"16\" height=\"9\" class=\"lozad\"  alt=\"L'invit\u00e9e : Alexandra Masson\"\/>25:35L&rsquo;invit\u00e9e : Alexandra Masson<\/a><a href=\"https:\/\/www.bfmtv.com\/cote-d-azur\/replay-emissions\/azur-politiques\/video-c-est-un-appel-au-secours-jean-philippe-frere-president-de-la-fdsea-des_VN-202601220979.html\" title=\"&quot;C&#039;est un appel au secours&quot;: Jean-Philippe Frere, pr\u00e9sident de la FDSEA des \" rel=\"nofollow noopener\" target=\"_blank\"><img width=\"16\" height=\"9\" class=\"lozad\"  alt=\"&quot;C'est un appel au secours&quot;: Jean-Philippe Frere, pr\u00e9sident de la FDSEA des \"\/>2:11&Prime;C&rsquo;est un appel au secours\u00a0\u00bb: Jean-Philippe Frere, pr\u00e9sident de la FDSEA des<\/a><a href=\"https:\/\/www.bfmtv.com\/cote-d-azur\/replay-emissions\/azur-politiques\/video-debat-autour-de-la-crise-et-la-mobilisation-des-agriculteurs-dans-les-alpes-maritimes_VN-202601221056.html\" title=\"D\u00e9bat autour de la crise et la mobilisation des agriculteurs dans les Alpes Maritimes\" rel=\"nofollow noopener\" target=\"_blank\"><img width=\"16\" height=\"9\" class=\"lozad\"  alt=\"D\u00e9bat autour de la crise et la mobilisation des agriculteurs dans les Alpes Maritimes\"\/>25:55D\u00e9bat autour de la crise et la mobilisation des agriculteurs dans les Alpes Maritimes<\/a><a href=\"https:\/\/www.bfmtv.com\/cote-d-azur\/replay-emissions\/azur-politiques\/video-les-invites-jean-cayron-ken-tissier-didier-lemaitre-julie-lechanteux_VN-202601151036.html\" title=\"Les invit\u00e9s :Jean Cayron,Ken Tissier,Didier Lemaitre,Julie Lechanteux\" rel=\"nofollow noopener\" target=\"_blank\"><img width=\"16\" height=\"9\" class=\"lozad\"  alt=\"Les invit\u00e9s :Jean Cayron,Ken Tissier,Didier Lemaitre,Julie Lechanteux\"\/>51:52Les invit\u00e9s :Jean Cayron,Ken Tissier,Didier Lemaitre,Julie Lechanteux<\/a><a class=\"jumpToVideo\" target=\"_blank\"><img class=\"thumbnailPreview\"\/><\/a><\/p>\n","protected":false},"excerpt":{"rendered":"Municipale \u00e0 Nice : Jean-Pierre Rivi\u00e8re s&rsquo;inqui\u00e8te de la disparition des parkings autour du stadeSur le m\u00eame sujeten&hellip;\n","protected":false},"author":2,"featured_media":730414,"comment_status":"","ping_status":"","sticky":false,"template":"","format":"standard","meta":{"footnotes":"","_share_on_mastodon":"0"},"categories":[2819],"tags":[1111,11,1777,674,1011,27,12,2401,882,25],"class_list":["post-730413","post","type-post","status-publish","format-standard","has-post-thumbnail","category-nice","tag-actu","tag-actualites","tag-eu","tag-europe","tag-fr","tag-france","tag-news","tag-nice","tag-provence-alpes-cote-dazur","tag-republique-francaise"],"share_on_mastodon":{"url":"https:\/\/pubeurope.com\/@fr\/116060148497247411","error":""},"_links":{"self":[{"href":"https:\/\/www.europesays.com\/fr\/wp-json\/wp\/v2\/posts\/730413","targetHints":{"allow":["GET"]}}],"collection":[{"href":"https:\/\/www.europesays.com\/fr\/wp-json\/wp\/v2\/posts"}],"about":[{"href":"https:\/\/www.europesays.com\/fr\/wp-json\/wp\/v2\/types\/post"}],"author":[{"embeddable":true,"href":"https:\/\/www.europesays.com\/fr\/wp-json\/wp\/v2\/users\/2"}],"replies":[{"embeddable":true,"href":"https:\/\/www.europesays.com\/fr\/wp-json\/wp\/v2\/comments?post=730413"}],"version-history":[{"count":0,"href":"https:\/\/www.europesays.com\/fr\/wp-json\/wp\/v2\/posts\/730413\/revisions"}],"wp:featuredmedia":[{"embeddable":true,"href":"https:\/\/www.europesays.com\/fr\/wp-json\/wp\/v2\/media\/730414"}],"wp:attachment":[{"href":"https:\/\/www.europesays.com\/fr\/wp-json\/wp\/v2\/media?parent=730413"}],"wp:term":[{"taxonomy":"category","embeddable":true,"href":"https:\/\/www.europesays.com\/fr\/wp-json\/wp\/v2\/categories?post=730413"},{"taxonomy":"post_tag","embeddable":true,"href":"https:\/\/www.europesays.com\/fr\/wp-json\/wp\/v2\/tags?post=730413"}],"curies":[{"name":"wp","href":"https:\/\/api.w.org\/{rel}","templated":true}]}}