{"id":73132,"date":"2025-05-04T01:23:07","date_gmt":"2025-05-04T01:23:07","guid":{"rendered":"https:\/\/www.europesays.com\/fr\/73132\/"},"modified":"2025-05-04T01:23:07","modified_gmt":"2025-05-04T01:23:07","slug":"monaco-eteint-le-chaudron-et-redevient-dauphin-du-psg-ligue-1-j32-saint-etienne-monaco-1-3","status":"publish","type":"post","link":"https:\/\/www.europesays.com\/fr\/73132\/","title":{"rendered":"Monaco \u00e9teint le Chaudron et redevient dauphin du PSG &#8211; Ligue 1 &#8211; J32 &#8211; Saint-\u00c9tienne-Monaco (1-3)"},"content":{"rendered":"<p>\t\t\t<img decoding=\"async\" loading=\"lazy\" class=\"blason blason-petit\" src=\"https:\/\/www.europesays.com\/fr\/wp-content\/uploads\/2025\/05\/1746321787_489_grande.jpg\"\/> Saint-\u00c9tienne 1-3 Monaco <img decoding=\"async\" loading=\"lazy\" class=\"blason blason-petit\" src=\"https:\/\/www.europesays.com\/fr\/wp-content\/uploads\/2025\/05\/1746321787_158_grande.jpg\"\/><\/p>\n<p>Buts : Davitashvili (65e) pour les Verts \/\/ Akliouche (2e), Al-Musrati (68e), Balogun (78e) pour l\u2019ASM<\/p>\n<p>Monaco reprend sa deuxi\u00e8me place.<\/p>\n<p>En d\u00e9placement \u00e0 Geoffroy-Guichard, apr\u00e8s son nul d\u00e9cevant au Havre, l\u2019AS Monaco a repris sa marche en avant en balayant l\u2019AS Saint-\u00c9tienne (3-1). Tout a commenc\u00e9 tr\u00e8s fort, puisqu\u2019au bout de deux minutes de jeu \u00e0 peine, Takumi Minamino a acc\u00e9l\u00e9r\u00e9, d\u00e9cal\u00e9 Caio Henrique qui a centr\u00e9 au second poteau pour Maghnes Akliouche pour l\u2019ouverture du score <strong>(0-1, 2e)<\/strong>. Si Irvin Cardona s\u2019est montr\u00e9 dangereux par intermittence dans ce premier acte, Akliouche a manqu\u00e9 le break \u00e0 deux reprises autour de la demi-heure de jeu.<\/p>\n<p>Mal lui en a pris, car en seconde p\u00e9riode, l\u2019ASSE va \u00e9galiser sur un bijou : une frappe hors de la surface splendide sign\u00e9e Zuriko Davitashvili <strong>(1-1, 65e)<\/strong>. M\u00eame pas l\u2019occasion de dire \u00ab\u00a0ouf\u00a0\u00bb pour le promu que l\u2019\u00e9quipe du Rocher reprend d\u00e9j\u00e0 les devants : sur un ballon mal d\u00e9gag\u00e9 par l\u2019arri\u00e8re-garde st\u00e9phanoise, Moatasem Al-Musrati trompe Gauthier Larsonneur depuis l\u2019entr\u00e9e de la surface <strong>(1-2, 68e)<\/strong>. Dix minutes plus tard, suite \u00e0 une mauvaise interception de Maxime Bernauer, Folarin Balogun a \u00e9teint les lumi\u00e8res du Chaudron <strong>(1-3, 78e<\/strong>). Au classement, Monaco redevient donc provisoirement dauphin du PSG tandis que Saint-\u00c9tienne reste rel\u00e9gable \u00e0 un point du Havre.<\/p>\n<p>\t\t\t\t\t\t\t\t\t\t<a class=\"lien-connexe\" href=\"https:\/\/www.sofoot.com\/breves\/ligue-1-saint-etienne-va-devoir-faire-sans-lucas-stassin-contre-monaco\" rel=\"nofollow noopener\" target=\"_blank\">Saint-\u00c9tienne va devoir faire sans Lucas Stassin contre Monaco<\/a>\t\t\t\t\t<\/p>\n","protected":false},"excerpt":{"rendered":"Saint-\u00c9tienne 1-3 Monaco Buts : Davitashvili (65e) pour les Verts \/\/ Akliouche (2e), Al-Musrati (68e), Balogun (78e) pour&hellip;\n","protected":false},"author":2,"featured_media":73133,"comment_status":"","ping_status":"","sticky":false,"template":"","format":"standard","meta":{"footnotes":""},"categories":[9653],"tags":[1111,47,11,61,2430,69,65,64,1777,674,63,1011,27,68,66,12,62,70,25,4001,67],"class_list":{"0":"post-73132","1":"post","2":"type-post","3":"status-publish","4":"format-standard","5":"has-post-thumbnail","7":"category-saint-etienne","8":"tag-actu","9":"tag-actualite","10":"tag-actualites","11":"tag-actus-football","12":"tag-auvergne-rhone-alpes","13":"tag-bundesliga","14":"tag-championnats-europeens","15":"tag-equipe-de-france","16":"tag-eu","17":"tag-europe","18":"tag-football","19":"tag-fr","20":"tag-france","21":"tag-ligua","22":"tag-ligue-1","23":"tag-news","24":"tag-news-foot","25":"tag-premier-league","26":"tag-republique-francaise","27":"tag-saint-etienne","28":"tag-serie-a"},"share_on_mastodon":{"url":"https:\/\/pubeurope.com\/@fr\/114446952410402502","error":""},"_links":{"self":[{"href":"https:\/\/www.europesays.com\/fr\/wp-json\/wp\/v2\/posts\/73132","targetHints":{"allow":["GET"]}}],"collection":[{"href":"https:\/\/www.europesays.com\/fr\/wp-json\/wp\/v2\/posts"}],"about":[{"href":"https:\/\/www.europesays.com\/fr\/wp-json\/wp\/v2\/types\/post"}],"author":[{"embeddable":true,"href":"https:\/\/www.europesays.com\/fr\/wp-json\/wp\/v2\/users\/2"}],"replies":[{"embeddable":true,"href":"https:\/\/www.europesays.com\/fr\/wp-json\/wp\/v2\/comments?post=73132"}],"version-history":[{"count":0,"href":"https:\/\/www.europesays.com\/fr\/wp-json\/wp\/v2\/posts\/73132\/revisions"}],"wp:featuredmedia":[{"embeddable":true,"href":"https:\/\/www.europesays.com\/fr\/wp-json\/wp\/v2\/media\/73133"}],"wp:attachment":[{"href":"https:\/\/www.europesays.com\/fr\/wp-json\/wp\/v2\/media?parent=73132"}],"wp:term":[{"taxonomy":"category","embeddable":true,"href":"https:\/\/www.europesays.com\/fr\/wp-json\/wp\/v2\/categories?post=73132"},{"taxonomy":"post_tag","embeddable":true,"href":"https:\/\/www.europesays.com\/fr\/wp-json\/wp\/v2\/tags?post=73132"}],"curies":[{"name":"wp","href":"https:\/\/api.w.org\/{rel}","templated":true}]}}