{"id":73168,"date":"2025-05-04T01:45:11","date_gmt":"2025-05-04T01:45:11","guid":{"rendered":"https:\/\/www.europesays.com\/fr\/73168\/"},"modified":"2025-05-04T01:45:11","modified_gmt":"2025-05-04T01:45:11","slug":"ubb-toulouse-nouvel-episode-dune-grande-rivalite","status":"publish","type":"post","link":"https:\/\/www.europesays.com\/fr\/73168\/","title":{"rendered":"UBB-Toulouse, nouvel \u00e9pisode d\u2019une grande rivalit\u00e9"},"content":{"rendered":"<p>Les deux meilleures \u00e9quipes du Top\u00a014 se disputent, dimanche \u00e0 Bordeaux, un billet pour la finale de l\u2019\u00e9preuve continentale.<\/p>\n<p class=\"fig-paragraph\">Personne d\u2019autre ne l\u2019a fait cette ann\u00e9e.\u00a0<a href=\"http:\/\/www.lefigaro.fr\/sports\/rugby\/coupe-d-europe\/rugby-champions-cup-depoortere-de-retour-avec-l-ubb-contre-toulouse-en-demi-finale-20250502\" data-fig-type=\"NewsFlash\" data-gtm-custom-categorie=\"navigation\" data-gtm-custom-action=\"crossclick\" data-gtm-custom-label=\"Contextuel\" data-gtm-event=\"customEventSPE\" data-fig-domain=\"LEFIGARO\" target=\"_blank\" rel=\"noopener\">Bordeaux-B\u00e8gles<\/a>\u00a0a battu deux fois\u00a0<a href=\"http:\/\/www.lefigaro.fr\/sports\/rugby\/coupe-d-europe\/rugby-champions-cup-toulouse-sans-ramos-amis-avec-capuozzo-contre-l-ubb-20250502\" data-fig-type=\"NewsFlash\" data-gtm-custom-categorie=\"navigation\" data-gtm-custom-action=\"crossclick\" data-gtm-custom-label=\"Contextuel\" data-gtm-event=\"customEventSPE\" data-fig-domain=\"LEFIGARO\" target=\"_blank\" rel=\"noopener\">le Stade Toulousain<\/a>\u00a0cette saison en Top\u00a014. Fin septembre, les Unionistes avaient inflig\u00e9 aux champions de France et d\u2019Europe en titre leur premi\u00e8re d\u00e9faite \u00e0 domicile en Top\u00a014 depuis deux ans et demi (12-16). Avant de confirmer, fin mars, pour le match retour (32-24). \u00ab\u00a0Il faut rester mesur\u00e9s, nuance\u00a0<a href=\"http:\/\/www.lefigaro.fr\/sports\/rugby\/top-14\/ubb-toulouse-jalibert-sur-un-nuage-l-ubb-magnifique-puis-lethargique-mola-frileux-ou-arrogant-les-tops-flops-20250324\" data-fig-type=\"NewsFlash\" data-gtm-custom-categorie=\"navigation\" data-gtm-custom-action=\"crossclick\" data-gtm-custom-label=\"Contextuel\" data-gtm-event=\"customEventSPE\" data-fig-domain=\"LEFIGARO\" target=\"_blank\" rel=\"noopener\">Matthieu Jalibert<\/a>, l\u2019\u00e9lectrique ma\u00eetre \u00e0 joueur de l\u2019UBB. On n\u2019a jamais jou\u00e9 leur \u00e9quipe type, celle qui d\u00e9marre les matchs de phase finale.\u00a0\u00bb Cette fois-ci, on y est. Les deux meilleures \u00e9quipes du championnat de France se retrouvent dimanche (16\u00a0h), au Matmut Atlantique, pour un choc au sommet avec, \u00e0 la cl\u00e9, un billet pour\u00a0<a href=\"http:\/\/www.lefigaro.fr\/sports\/rugby\/rugby-cardiff-et-bilbao-accueilleront-les-prochaines-finales-de-challenge-cup-et-champions-cup-20240131\" data-fig-type=\"NewsFlash\" data-gtm-custom-categorie=\"navigation\" data-gtm-custom-action=\"crossclick\" data-gtm-custom-label=\"Contextuel\" data-gtm-event=\"customEventSPE\" data-fig-domain=\"LEFIGARO\" target=\"_blank\" rel=\"noopener\">la finale de la Champions Cup, qui aura lieu \u00e0 Cardiff le samedi 24\u00a0mai<\/a>.<\/p>\n<p class=\"fig-paragraph\">UBB-Toulouse, c\u2019est la nouvelle forte rivalit\u00e9 qui enflamme le rugby fran\u00e7ais. Deux formations au jeu flamboyant, deux \u00e9quipes qui composent le gros des troupes de\u00a0<a href=\"http:\/\/www.lefigaro.fr\/sports\/rugby\/6-nations\/gagner-le-tournoi-est-un-grand-bonheur-et-un-soulagement-fabien-galthie-fixe-le-cap-pour-la-coupe-du-monde-en-australie-20250318\" data-fig-type=\"Article\" data-gtm-custom-categorie=\"navigation\" data-gtm-custom-action=\"crossclick\" data-gtm-custom-label=\"Contextuel\" data-gtm-event=\"customEventSPE\" data-fig-domain=\"LEFIGARO\" target=\"_blank\" rel=\"noopener\">Fabien Galthi\u00e9<\/a>\u00a0pour le XV de France. Mais le poids de l\u2019histoire est du c\u00f4t\u00e9 du grand Stade, \u00e9quipe r\u00e9f\u00e9rence du rugby fran\u00e7ais avec ses 23\u00a0Brennus et ses six couronnes continentales, la derni\u00e8re en 2024 au terme d\u2019<a href=\"http:\/\/www.lefigaro.fr\/sports\/rugby\/coupe-d-europe\/finale-leinster-toulouse-les-coups-de-coeur-et-coups-de-coeur-de-notre-envoye-special-20240525\" data-fig-type=\"NewsFlash\" data-gtm-custom-categorie=\"navigation\" data-gtm-custom-action=\"crossclick\" data-gtm-custom-label=\"Contextuel\" data-gtm-event=\"customEventSPE\" data-fig-domain=\"LEFIGARO\" target=\"_blank\" rel=\"noopener\">un match titanesque contre le Leinster<\/a>. En face, Bordeaux-B\u00e8gles est la petite \u00e9quipe qui monte, qui gravit les \u00e9chelons petit \u00e0 petit. Avec des couacs qui font mal comme cette humiliation face aux Rouge et Noir en finale du dernier Top\u00a014, 59 \u00e0 3\u00a0!<\/p>\n<blockquote class=\"fig-quote&#10;    \">\n<p class=\"fig-quote__text\">On va mettre toute notre \u00e9nergie, notre bonne humeur et notre insouciance dans la bagarre<\/p>\n<p>            Yannick Bru\n    <\/p><\/blockquote>\n<p class=\"fig-paragraph\"><a href=\"http:\/\/www.lefigaro.fr\/sports\/rugby\/top-14\/top-14-yannick-bru-l-exigeant-chef-d-orchestre-de-l-ubb-20240626\" data-fig-type=\"Article\" data-gtm-custom-categorie=\"navigation\" data-gtm-custom-action=\"crossclick\" data-gtm-custom-label=\"Contextuel\" data-gtm-event=\"customEventSPE\" data-fig-domain=\"LEFIGARO\" target=\"_blank\" rel=\"noopener\">Yannick Bru<\/a>\u00a0a, dans la foul\u00e9e de\u00a0<a href=\"http:\/\/www.lefigaro.fr\/sports\/rugby\/top-14\/top-14-urios-et-les-supporters-clermontois-la-reponse-pas-rechauffee-du-figaro-20250328\" data-fig-type=\"NewsFlash\" data-gtm-custom-categorie=\"navigation\" data-gtm-custom-action=\"crossclick\" data-gtm-custom-label=\"Contextuel\" data-gtm-event=\"customEventSPE\" data-fig-domain=\"LEFIGARO\" target=\"_blank\" rel=\"noopener\">Christophe Urios<\/a>, fait franchir un palier au club promu dans l\u2019\u00e9lite en 2011. \u00ab\u00a0L\u2019an dernier, on a perdu en quarts (contre les Harlequins 41-42, NDLR)\u00a0; cette ann\u00e9e, on est rentr\u00e9 en demies. Il y a une forme de progression, veut-il positiver. On prend tout comme une le\u00e7on de plus en apprentissage. On va mettre toute notre \u00e9nergie, notre bonne humeur et notre insouciance dans la bagarre.\u00a0\u00bb En bon ancien disciple de\u00a0<a href=\"http:\/\/www.lefigaro.fr\/sports\/rugby\/6-nations\/guy-noves-decrypte-son-classement-des-demis-de-melee-philippe-carbonneau-ne-m-a-jamais-decu-20220202\" data-fig-type=\"NewsFlash\" data-gtm-custom-categorie=\"navigation\" data-gtm-custom-action=\"crossclick\" data-gtm-custom-label=\"Contextuel\" data-gtm-event=\"customEventSPE\" data-fig-domain=\"LEFIGARO\" target=\"_blank\" rel=\"noopener\">Guy Nov\u00e8s<\/a>\u00a0au Stade Toulousain, l\u2019ancien talonneur international s\u2019amuse \u00e0 renverser la pression\u00a0: \u00ab\u00a0Si je vous demande de jouer votre maison sur le vainqueur potentiel, vous allez la mettre sur qui\u00a0? \u00c9videmment qu\u2019avec la force de l\u2019habitude, le champion en titre, son doubl\u00e9 l\u2019an dernier, le grand public se dit qu\u2019on va retrouver Toulouse en finale\u2026\u00a0\u00bb<\/p>\n<p class=\"fig-paragraph\">Sauf que l\u2019ogre rouge et noir, apr\u00e8s avoir survol\u00e9 la derni\u00e8re saison en r\u00e9alisant un \u00e9bouriffant doubl\u00e9 Champions Cup-Top\u00a014, doit composer cette ann\u00e9e avec de nombreux vents contraires. Il y a d\u2019abord eu\u00a0<a href=\"http:\/\/www.lefigaro.fr\/sports\/rugby\/rugby-antoine-dupont-donne-des-nouvelles-operation-reussie-et-moral-de-battant-20250325\" data-fig-type=\"NewsFlash\" data-gtm-custom-categorie=\"navigation\" data-gtm-custom-action=\"crossclick\" data-gtm-custom-label=\"Contextuel\" data-gtm-event=\"customEventSPE\" data-fig-domain=\"LEFIGARO\" target=\"_blank\" rel=\"noopener\">cette grave blessure d\u2019Antoine Dupont<\/a>, \u00e0 laquelle sont venues s\u2019ajouter celles de\u00a0<a href=\"http:\/\/www.lefigaro.fr\/sports\/rugby\/top-14-fin-de-saison-pour-le-talonneur-toulousain-peato-mauvaka-touche-au-genou-a-l-entrainement-20250430\" data-fig-type=\"NewsFlash\" data-gtm-custom-categorie=\"navigation\" data-gtm-custom-action=\"crossclick\" data-gtm-custom-label=\"Contextuel\" data-gtm-event=\"customEventSPE\" data-fig-domain=\"LEFIGARO\" target=\"_blank\" rel=\"noopener\">Peato Mauvako<\/a>,\u00a0<a href=\"http:\/\/www.lefigaro.fr\/sports\/rugby\/coupe-d-europe\/rugby-champions-cup-le-toulousain-kinghorn-forfait-pour-la-demi-finale-contre-l-ubb-20250429\" data-fig-type=\"NewsFlash\" data-gtm-custom-categorie=\"navigation\" data-gtm-custom-action=\"crossclick\" data-gtm-custom-label=\"Contextuel\" data-gtm-event=\"customEventSPE\" data-fig-domain=\"LEFIGARO\" target=\"_blank\" rel=\"noopener\">Blair Kinghorn<\/a>\u00a0et, dernier sur la liste,\u00a0<a href=\"http:\/\/www.lefigaro.fr\/sports\/rugby\/coupe-d-europe\/rugby-champions-cup-le-toulousain-thomas-ramos-tres-incertain-pour-la-demi-finale-contre-l-ubb-20250501\" data-fig-type=\"NewsFlash\" data-gtm-custom-categorie=\"navigation\" data-gtm-custom-action=\"crossclick\" data-gtm-custom-label=\"Contextuel\" data-gtm-event=\"customEventSPE\" data-fig-domain=\"LEFIGARO\" target=\"_blank\" rel=\"noopener\">Thomas Ramos<\/a>. Ce dimanche, ce sera la premi\u00e8re fois que Toulouse \u00e9voluera sans Dupont ni Ramos depuis le 1er\u00a0mai 2017, soit une \u00e9ternit\u00e9 de huit ans. Beaucoup d\u2019\u00e9quipes se retrouveraient dans une impasse totale avec autant de cadres sur le flanc. Pas le Stade, qui a d\u00e9montr\u00e9, lors de ses derni\u00e8res sorties, que l\u2019\u00e9mulation et la prime \u00e0 la jeunesse ne sont pas des mots en l\u2019air.<\/p>\n<p class=\"fig-body-link\">\n            \u00c0 lire aussi<br \/>\n        <a class=\"fig-body-link__link\" href=\"http:\/\/www.lefigaro.fr\/sports\/rugby\/top-14\/stade-francais-stade-toulousain-les-coups-de-coeur-et-les-coups-de-griffe-de-notre-specialiste-rugby-20250421\" data-fig-type=\"NewsFlash\" data-gtm-custom-categorie=\"navigation\" data-gtm-custom-action=\"crossclick\" data-gtm-custom-label=\"Contextuel\" data-gtm-event=\"customEventSPE\" data-fig-domain=\"LEFIGARO\" target=\"_blank\" rel=\"noopener\">Stade Fran\u00e7ais-Stade Toulousain\u00a0: les coups de c\u0153ur et les coups de griffe de notre sp\u00e9cialiste rugby<br \/>\n    <\/a>\n<\/p>\n<p>    Damian Penaud contre Toulouse fin mars.<br \/>\n                Icon Sport<\/p>\n<p class=\"fig-paragraph\">\u00ab\u00a0On s\u2019accroche, on a un parcours difficile, avait soulign\u00e9\u00a0<a href=\"http:\/\/www.lefigaro.fr\/sports\/rugby\/coupe-d-europe\/toulouse-sale-barassi-capuozzo-graou-ntamack-les-coups-de-coeur-et-coups-de-griffe-de-notre-envoye-special-20250406\" data-fig-type=\"NewsFlash\" data-gtm-custom-categorie=\"navigation\" data-gtm-custom-action=\"crossclick\" data-gtm-custom-label=\"Contextuel\" data-gtm-event=\"customEventSPE\" data-fig-domain=\"LEFIGARO\" target=\"_blank\" rel=\"noopener\">Romain Ntamack<\/a>\u00a0apr\u00e8s le KO inflig\u00e9 sur le gong (18-21) \u00e0 Toulon en quart de finale. On va encore une fois se d\u00e9placer en demie. On essaye de tracer notre chemin, de s\u2019accrocher comme on peut avec notre effectif. Avec cette solidarit\u00e9-l\u00e0, on peut faire de belles choses cette ann\u00e9e.\u00a0\u00bb Les Haut-Garonnais ne sont jamais rassasi\u00e9s. L\u2019excellence comme moteur. S\u2019ils s\u2019en d\u00e9fendent, les joueurs d\u2019<a href=\"http:\/\/www.lefigaro.fr\/sports\/rugby\/coupe-d-europe\/champions-cup-ils-ne-sont-pas-encore-totalement-prets-a-ce-qu-ils-vont-vivre-a-mayol-mola-pique-ses-joueurs-avant-le-quart-a-toulon-20250411\" data-fig-type=\"NewsFlash\" data-gtm-custom-categorie=\"navigation\" data-gtm-custom-action=\"crossclick\" data-gtm-custom-label=\"Contextuel\" data-gtm-event=\"customEventSPE\" data-fig-domain=\"LEFIGARO\" target=\"_blank\" rel=\"noopener\">Ugo Mola<\/a>\u00a0ont un \u00e9vident avantage psychologique sur les Girondins, qu\u2019ils ont battus lors des trois confrontations en match \u00e9liminatoire (demi-finale de Champions Cup et de Top\u00a014 en 2021, derni\u00e8re finale du Top\u00a014).<\/p>\n<blockquote class=\"fig-quote&#10;    \">\n<p class=\"fig-quote__text\">Si Toulouse se prend les pieds dans le tapis, il y en a quelques-uns qui, sans aller jusqu\u2019\u00e0 lever les bras devant les m\u00e9dias pour s\u2019en excuser apr\u00e8s coup, boiront une bi\u00e8re tranquillement chez eux<\/p>\n<p>            Ugo Mola\n    <\/p><\/blockquote>\n<p class=\"fig-paragraph\">Autre preuve de cette constance au plus haut niveau, Toulouse s\u2019est qualifi\u00e9 14\u00a0fois lors de ses 15\u00a0confrontations en Coupe d\u2019Europe contre des clubs fran\u00e7ais (\u00e9limination en demi-finale contre Brive en 1998 au nombre d\u2019essais inscrits, 2 \u00e0 1, apr\u00e8s un nul 22-22). Mais la r\u00e9ussite du Stade, si elle force l\u2019admiration, fait aussi grincer quelques dents, notamment apr\u00e8s\u00a0<a href=\"http:\/\/www.lefigaro.fr\/sports\/rugby\/top-14\/affaire-jaminet-le-stade-toulousain-va-lancer-la-riposte-sur-le-terrain-judiciaire-20250424\" data-fig-type=\"NewsFlash\" data-gtm-custom-categorie=\"navigation\" data-gtm-custom-action=\"crossclick\" data-gtm-custom-label=\"Contextuel\" data-gtm-event=\"customEventSPE\" data-fig-domain=\"LEFIGARO\" target=\"_blank\" rel=\"noopener\">l\u2019affaire du micmac financier autour du transfert de Melvyn Jaminet<\/a>. \u00ab\u00a0Si Toulouse se prend les pieds dans le tapis, il y en a quelques-uns qui, sans aller jusqu\u2019\u00e0 lever les bras devant les m\u00e9dias pour s\u2019en excuser apr\u00e8s coup, boiront une bi\u00e8re tranquillement chez eux. On sait \u00e7a, on vit avec \u00e7a\u00a0\u00bb, avait lanc\u00e9, bravache, Ugo Mola avant le quart \u00e0 Mayol.<\/p>\n<p class=\"fig-paragraph\">L\u2019UBB, avec son impressionnante force de frappe offensive (Louis Bielle-Biarrey, Damian Penaud\u2026), doit d\u00e9sormais \u00e9crire son histoire. Terrasser sa b\u00eate noire. Pour cela, il faudra \u00e9viter les dangereuses baisses de tension aper\u00e7ues contre les Irlandais de l\u2019Ulster puis du Munster, ou les coupures d\u2019\u00e9lectricit\u00e9 compl\u00e8tes, comme le week-end dernier face \u00e0 La\u00a0Rochelle. \u00ab\u00a0Il va falloir \u00eatre consistant sur 80\u00a0minutes et pas seulement sur des petites p\u00e9riodes\u00a0\u00bb, confirme Matthieu Jalibert, dont le duel avec Romain Ntamack sera l\u2019une des cl\u00e9s du match. Et le num\u00e9ro\u00a010 bordelais d\u2019ajouter\u00a0: \u00ab\u00a0Les deux \u00e9quipes aiment tenir le ballon, avoir de longues s\u00e9quences. M\u00eame si on est capables toutes les deux d\u2019utiliser le jeu au pied, je pense que \u00e7a sera un match assez ouvert. J\u2019esp\u00e8re en tout cas qu\u2019il y aura du spectacle\u00a0!\u00a0\u00bb Tout le monde n\u2019attend que \u00e7a.<\/p>\n","protected":false},"excerpt":{"rendered":"Les deux meilleures \u00e9quipes du Top\u00a014 se disputent, dimanche \u00e0 Bordeaux, un billet pour la finale de l\u2019\u00e9preuve&hellip;\n","protected":false},"author":2,"featured_media":73169,"comment_status":"","ping_status":"","sticky":false,"template":"","format":"standard","meta":{"footnotes":""},"categories":[2816],"tags":[1111,11,3463,525,2211,3460,1089,814,1777,674,2396,1011,27,3462,955,2411,12,2680,3464,2311,25,1980,479,2259,476,2310,2312,4364],"class_list":{"0":"post-73168","1":"post","2":"type-post","3":"status-publish","4":"format-standard","5":"has-post-thumbnail","7":"category-toulouse","8":"tag-actu","9":"tag-actualites","10":"tag-biarritz","11":"tag-calendrier","12":"tag-championnat-deurope","13":"tag-champions-cup","14":"tag-coupe-deurope","15":"tag-direct","16":"tag-eu","17":"tag-europe","18":"tag-finale","19":"tag-fr","20":"tag-france","21":"tag-leinster","22":"tag-match","23":"tag-munster","24":"tag-news","25":"tag-occitanie","26":"tag-perpignan","27":"tag-racing","28":"tag-republique-francaise","29":"tag-resultats","30":"tag-rugby","31":"tag-score","32":"tag-stade-toulousain","33":"tag-toulon","34":"tag-toulouse","35":"tag-ubb"},"share_on_mastodon":{"url":"https:\/\/pubeurope.com\/@fr\/114447038708517752","error":""},"_links":{"self":[{"href":"https:\/\/www.europesays.com\/fr\/wp-json\/wp\/v2\/posts\/73168","targetHints":{"allow":["GET"]}}],"collection":[{"href":"https:\/\/www.europesays.com\/fr\/wp-json\/wp\/v2\/posts"}],"about":[{"href":"https:\/\/www.europesays.com\/fr\/wp-json\/wp\/v2\/types\/post"}],"author":[{"embeddable":true,"href":"https:\/\/www.europesays.com\/fr\/wp-json\/wp\/v2\/users\/2"}],"replies":[{"embeddable":true,"href":"https:\/\/www.europesays.com\/fr\/wp-json\/wp\/v2\/comments?post=73168"}],"version-history":[{"count":0,"href":"https:\/\/www.europesays.com\/fr\/wp-json\/wp\/v2\/posts\/73168\/revisions"}],"wp:featuredmedia":[{"embeddable":true,"href":"https:\/\/www.europesays.com\/fr\/wp-json\/wp\/v2\/media\/73169"}],"wp:attachment":[{"href":"https:\/\/www.europesays.com\/fr\/wp-json\/wp\/v2\/media?parent=73168"}],"wp:term":[{"taxonomy":"category","embeddable":true,"href":"https:\/\/www.europesays.com\/fr\/wp-json\/wp\/v2\/categories?post=73168"},{"taxonomy":"post_tag","embeddable":true,"href":"https:\/\/www.europesays.com\/fr\/wp-json\/wp\/v2\/tags?post=73168"}],"curies":[{"name":"wp","href":"https:\/\/api.w.org\/{rel}","templated":true}]}}