{"id":73171,"date":"2025-05-04T01:48:15","date_gmt":"2025-05-04T01:48:15","guid":{"rendered":"https:\/\/www.europesays.com\/fr\/73171\/"},"modified":"2025-05-04T01:48:15","modified_gmt":"2025-05-04T01:48:15","slug":"marseille-spectacles-festivals-ce-qui-est-prevu-dans-le-6e-et-le-8e-des-lieux-nouveaux","status":"publish","type":"post","link":"https:\/\/www.europesays.com\/fr\/73171\/","title":{"rendered":"Marseille. Spectacles, festivals&#8230; ce qui est pr\u00e9vu dans le 6e et le 8e : \u00ab\u00a0des lieux nouveaux\u00a0\u00bb"},"content":{"rendered":"<p>            Par<br \/>\n        <strong><br \/>\n            <a href=\"https:\/\/actu.fr\/auteur\/fabien-binacchi\" title=\"Consulter tous les articles de Fabien Binacchi\" target=\"_blank\" rel=\"noopener\">Fabien Binacchi<\/a><br \/>\n        <\/strong><\/p>\n<p>        Publi\u00e9 le<\/p>\n<p>            3 mai 2025 \u00e0 9h16        <\/p>\n<p><strong>EXCLUSIF.<\/strong> Nouveaux \u00e9v\u00e9nements, nouveaux lieux\u2009: d\u00e8s ce dimanche 4 mai 2024 et tout l\u2019\u00e9t\u00e9, les 6e et 8e arrondissements de <a href=\"https:\/\/actu.fr\/marseille\/\" target=\"_blank\" rel=\"noopener\">Marseille<\/a>, dans le sud de la ville, mettent le paquet pour une nouvelle saison culturelle in\u00e9dite et gratuite.<\/p>\n<p class=\" wall-content\">Voil\u00e0 ce qui est pr\u00e9vu.<\/p>\n<p>Un p\u00e9rim\u00e8tre plus large<\/p>\n<p class=\" wall-content\">Il devrait y en avoir pour tous les go\u00fbts et dans un p\u00e9rim\u00e8tre beaucoup plus large. La mairie des 6e et 8e arrondissements de Marseille d\u00e9voile en exclusivit\u00e9 \u00e0 actu Marseille <strong>les temps forts de sa saison culturelle estivale<\/strong> \u00ab\u2009sur l\u2019ensemble du territoire\u2009\u00bb.<\/p>\n<p class=\" wall-content\">Avec, notamment, <strong>un tout nouveau rendez-vous,<\/strong> ce dimanche, autour du cirque, <strong>les 30\u00a0ans de Musique \u00e0 Bagatelle<\/strong> et le\u00a0festival itin\u00e9rant Oh ma parole de th\u00e9\u00e2tre et de parole qui s\u2019exporte pour la premi\u00e8re fois jusqu\u2019au <strong>quartier de Pastr\u00e9-Montredon.<\/strong><\/p>\n<blockquote class=\"ac-article-quote wall-content\">\n<p>\u00ab Cette saison culturelle 2025 se veut avant tout cr\u00e9atrice de lien. Nous avons souhait\u00e9 une programmation itin\u00e9rante, inclusive et audacieuse. En valorisant les acteurs culturels locaux, en investissant des lieux nouveaux et en proposant des formats abordables \u00e0 toutes et tous, nous mettons cette saison culturelle 2025 sous le signe de l&rsquo;art et du partage !\u00a0Tous les habitants sont invit\u00e9s \u00e0 ces spectacles gratuits et\u00a0pour tous les go\u00fbts qui vont notamment de la danse, \u00e0 des concerts de musique classique, des chorales, de la po\u00e9sie et du th\u00e9\u00e2tre.\u00a0\u00bb<\/p>\n<p>    <strong>Olivia Fortin<\/strong><br \/>\n        Maire des 6e et 8e arrondissements    <\/p><\/blockquote>\n<p>Vid\u00e9os : en ce moment sur ActuLe programme dans le d\u00e9tail<\/p>\n<p class=\" wall-content\">Ce dimanche 4\u00a0mai\u2009:<\/p>\n<p class=\" wall-content\">Le festival Tendance clown n\u2019est plus, vive <strong>Tous en cirque.<\/strong>\u00a0Ce dimanche, pour lancer la saison dans les 6e et 8e arrondissements de Marseille, les arts du cirque sont toujours \u00e0 l\u2019honneur au parc de Bagatelle, mais sous un nouveau format\u2009: avec diff\u00e9rentes disciplines. Acrobates, voltige, jonglerie\u2026 Sept spectacles sont propos\u00e9s de 14h30 \u00e0 19h.<\/p>\n<p>      <img   decoding=\"async\" loading=\"lazy\" src=\"https:\/\/www.europesays.com\/fr\/wp-content\/uploads\/2025\/05\/2-lella-bella-dimanche-de-la-canabi-re-jeremy-paulin-960x640.jpg\" alt=\"Tous en cirque\" width=\"960\" height=\"640\"\/><br \/>\n    Le nouveau festival Tous en cirque accueille notamment la compagnie Zania. (\u00a9J\u00e9r\u00e9my Paulin)<\/p>\n<p class=\" wall-content\">Du 15 au 24\u00a0mai\u2009:<\/p>\n<p class=\" wall-content\"><strong>Oh ma parole,<\/strong> le festival de th\u00e9\u00e2tre et de parole est plus que jamais itin\u00e9rant cette ann\u00e9e. Il \u00e9largit pour la premi\u00e8re fois son p\u00e9rim\u00e8tre jusqu\u2019au quartier de Pastr\u00e9-Montredon, avec de nombreuses animations du c\u00f4t\u00e9 de la place Engali\u00e8re, en plus de la place Beverel.<\/p>\n<p class=\" wall-content\">\u00ab\u2009Il y a une dimension un peu militante de proposer des exp\u00e9riences culturelles dans ces endroits-l\u00e0, appuie C\u00e9dric Jouve, adjoint aux Arts et \u00e0 la Culture. D\u2019autant plus que c\u2019est notre \u00e9v\u00e9nement peut-\u00eatre le plus innovant\u2009\u00bb. \u00c0 retrouver \u00e9galement au Th\u00e9\u00e2tre de la Cit\u00e9 (6e) et jusque sur le toit-terrasse du MAC (8e).<\/p>\n<p>      <img   decoding=\"async\" loading=\"lazy\" src=\"https:\/\/www.europesays.com\/fr\/wp-content\/uploads\/2025\/05\/omp2-2-960x640.jpg\" alt=\"Le\" width=\"960\" height=\"640\"\/><br \/>\n    Le festival Oh ma parole investit pour la premi\u00e8re fois la place Engali\u00e8re. (\u00a9Illustration \/ Document remis \u00e0 actu Marseille)<\/p>\n<p class=\" wall-content\">Les 12, 14 et 15\u00a0juin\u2009:<\/p>\n<p class=\" wall-content\">M\u00ealant musique et th\u00e9\u00e2tre, les<strong>\u00a0Rencontres vocales<\/strong> sont \u00e9galement de retour au parc de Bagatelle et du c\u00f4t\u00e9 du quartier Notre-Dame du Mont et du Cours Julien avec des nouveaut\u00e9s. En plus des chorales et des concerts, tout le monde est invit\u00e9 \u00e0 donner de la voix, notamment dans les \u00ab\u2009ch\u0153urs ouverts\u2009\u00bb pr\u00e9vus le 15\u00a0juin.<\/p>\n<p>      <img   decoding=\"async\" loading=\"lazy\" src=\"https:\/\/www.europesays.com\/fr\/wp-content\/uploads\/2025\/05\/concert-eglise-nddm-960x640.jpg\" alt=\"Le\" width=\"960\" height=\"640\"\/><br \/>\n    Un nouveau concert est programm\u00e9 \u00e0 l\u2019\u00c9glise Notre-Dame du Mont, le 14 juin \u00e0 21h. (\u00a9Document remis \u00e0 actu Marseille)<\/p>\n<p class=\" wall-content\">Du 27 au 29\u00a0juin\u2009:<\/p>\n<p class=\" wall-content\">C\u2019est une \u00e9dition anniversaire qui se pr\u00e9pare. Le festival <strong>Musiques \u00e0 Bagatelle<\/strong> f\u00eate ses 30\u00a0ans avec une programmation sur trois jours. Musiques du monde, danse et nouveaux talents sont programme avec l\u2019Institut national sup\u00e9rieur d\u2019enseignement artistique Marseille M\u00e9diterran\u00e9e, Marseille Jazz des 5 Continents et l\u2019\u00c9cole nationale de danse. Le saxophoniste Samy Thi\u00e9bault lancera les hostilit\u00e9s le 27\u00a0juin.<\/p>\n<p class=\" wall-content\">Les jeudis de juillet et ao\u00fbt\u2009:<\/p>\n<p class=\" wall-content\">Pendant les deux mois de juillet et ao\u00fbt, six parcs et jardins des 6e et 8e arrondissements, seront le th\u00e9\u00e2tre de <strong>Culture au jardin<\/strong>. Sur six jeudis, six lieux diff\u00e9rents accueilleront donc des spectacles de musique, de danse ou encore de th\u00e9\u00e2tre ou de conte. Cette ann\u00e9e, Radio Babel donnera le La et le final sera orchestr\u00e9 sur la nouvelle place Castellane avec des surprises. \u00ab\u2009Un char solaire diffusera de la musique\u2009\u00bb, r\u00e9v\u00e8le C\u00e9dric Jouve.<\/p>\n<p>Retrouvez les programmes en d\u00e9tail sur <a href=\"https:\/\/mairie-marseille6-8.fr\/\" target=\"_blank\" rel=\"noopener\">mairie-marseille6-8.fr<\/a>.<br \/>\nCertains \u00e9v\u00e9nements sont sur inscription.<\/p>\n<p class=\" wall-content\">Suivez toute l\u2019actualit\u00e9 de vos villes et m\u00e9dias favoris en vous inscrivant \u00e0 <a href=\"https:\/\/moncompte.actu.fr\" title=\"D\u00e9couvez Mon Actu\" rel=\"nofollow noopener\" data-trk=\"{&quot;cta&quot;:{&quot;action&quot;:&quot;https:\\\/\\\/moncompte.actu.fr&quot;,&quot;category&quot;:&quot;mon compte&quot;,&quot;from&quot;:&quot;article footer&quot;,&quot;name&quot;:&quot;Mon actu&quot;,&quot;type&quot;:&quot;cta&quot;}}\" target=\"_blank\">Mon Actu<\/a>.<\/p>\n","protected":false},"excerpt":{"rendered":"Par Fabien Binacchi Publi\u00e9 le 3 mai 2025 \u00e0 9h16 EXCLUSIF. Nouveaux \u00e9v\u00e9nements, nouveaux lieux\u2009: d\u00e8s ce dimanche&hellip;\n","protected":false},"author":2,"featured_media":73172,"comment_status":"","ping_status":"","sticky":false,"template":"","format":"standard","meta":{"footnotes":""},"categories":[2814],"tags":[1111,11,1777,674,1011,27,1652,884,873,12,882,25,853],"class_list":{"0":"post-73171","1":"post","2":"type-post","3":"status-publish","4":"format-standard","5":"has-post-thumbnail","7":"category-marseille","8":"tag-actu","9":"tag-actualites","10":"tag-eu","11":"tag-europe","12":"tag-fr","13":"tag-france","14":"tag-loisirs-culture","15":"tag-marseille","16":"tag-musique","17":"tag-news","18":"tag-provence-alpes-cote-dazur","19":"tag-republique-francaise","20":"tag-spectacles"},"share_on_mastodon":{"url":"https:\/\/pubeurope.com\/@fr\/114447050630074028","error":""},"_links":{"self":[{"href":"https:\/\/www.europesays.com\/fr\/wp-json\/wp\/v2\/posts\/73171","targetHints":{"allow":["GET"]}}],"collection":[{"href":"https:\/\/www.europesays.com\/fr\/wp-json\/wp\/v2\/posts"}],"about":[{"href":"https:\/\/www.europesays.com\/fr\/wp-json\/wp\/v2\/types\/post"}],"author":[{"embeddable":true,"href":"https:\/\/www.europesays.com\/fr\/wp-json\/wp\/v2\/users\/2"}],"replies":[{"embeddable":true,"href":"https:\/\/www.europesays.com\/fr\/wp-json\/wp\/v2\/comments?post=73171"}],"version-history":[{"count":0,"href":"https:\/\/www.europesays.com\/fr\/wp-json\/wp\/v2\/posts\/73171\/revisions"}],"wp:featuredmedia":[{"embeddable":true,"href":"https:\/\/www.europesays.com\/fr\/wp-json\/wp\/v2\/media\/73172"}],"wp:attachment":[{"href":"https:\/\/www.europesays.com\/fr\/wp-json\/wp\/v2\/media?parent=73171"}],"wp:term":[{"taxonomy":"category","embeddable":true,"href":"https:\/\/www.europesays.com\/fr\/wp-json\/wp\/v2\/categories?post=73171"},{"taxonomy":"post_tag","embeddable":true,"href":"https:\/\/www.europesays.com\/fr\/wp-json\/wp\/v2\/tags?post=73171"}],"curies":[{"name":"wp","href":"https:\/\/api.w.org\/{rel}","templated":true}]}}