{"id":73179,"date":"2025-05-04T01:53:19","date_gmt":"2025-05-04T01:53:19","guid":{"rendered":"https:\/\/www.europesays.com\/fr\/73179\/"},"modified":"2025-05-04T01:53:19","modified_gmt":"2025-05-04T01:53:19","slug":"en-images-pluie-grele-rafales-lile-de-france-frappee-par-un-impressionnant-et-bref-orage","status":"publish","type":"post","link":"https:\/\/www.europesays.com\/fr\/73179\/","title":{"rendered":"EN IMAGES &#8211; Pluie, gr\u00eale, rafales : l&rsquo;Ile-de-France frapp\u00e9e par un impressionnant (et bref) orage"},"content":{"rendered":"<p>D&rsquo;importants orages ont touch\u00e9 l&rsquo;Ile-de-France ce samedi 3 mai.Cons\u00e9quence : des pluies cons\u00e9quentes, accompagn\u00e9es de gr\u00ealons, ont perturb\u00e9 la circulation.<\/p>\n<p data-module=\"article-paragraph\" class=\"jsx-362436225 Paragraph Paragraph__End\">Les orages mettent fin \u00e0 la r\u00e9cr\u00e9ation. Apr\u00e8s une semaine ensoleill\u00e9e, des orages ont d\u00e9ferl\u00e9 ce samedi apr\u00e8s-midi en Ile-de-France, occasionnant de grosses pluies. Ces derni\u00e8res ont \u00e9t\u00e9 accompagn\u00e9es d&rsquo;importantes chutes de gr\u00eales, comme en t\u00e9moignent de nombreux internautes sur les r\u00e9seaux sociaux.<\/p>\n<blockquote data-testid=\"EmbedTwitter\" id=\"tweet-1918676241265086787-:Rkmij9n7a6:\" class=\"jsx-aeff1a1c40f54d7a twitter-tweet flex justify-center items-center\"><p>\u26c8\ufe0f\ud83c\udf29\ufe0f\u26a1Un  #orage gr\u00ealig\u00e8ne surprend  #Paris en milieu d\u2019apr\u00e8s-midi Paris, le 3 mai 2025 \u2014 Un orage aussi bref qu\u2019impressionnant a travers\u00e9 Paris ce vendredi vers 16h, apportant avec lui un ciel soudainement noir, des rafales de vent et des chutes de gr\u00eale localis\u00e9es. Notre webcam\u2026  pic.twitter.com\/ujleYj6Qr0 \u2014 Vision-Environnement (@visiometeo)  May 3, 2025<\/p><\/blockquote>\n<p data-module=\"article-paragraph\" class=\"jsx-362436225 Paragraph Paragraph__End\">Devant la quantit\u00e9 de gr\u00ealons tomb\u00e9s du ciel, la ville s&rsquo;est peu \u00e0 peu recouverte d&rsquo;un manteau blanc.<\/p>\n<blockquote data-testid=\"EmbedTwitter\" id=\"tweet-1918682547552133447-:Rm6ij9n7a6:\" class=\"jsx-aeff1a1c40f54d7a twitter-tweet flex justify-center items-center\"><p>En mai, gr\u00eale ce qu\u2019il te plait ! #paris #snow #storm #ice #may #mai pic.twitter.com\/hpIVQL2USB \u2014 Emmanuel Pierrat (@EmmanuelPierrat)  May 3, 2025<\/p><\/blockquote>\n<p data-module=\"article-paragraph\" class=\"jsx-362436225 Paragraph Paragraph__End\">La taille des gr\u00ealons a particuli\u00e8rement impressionn\u00e9 les internautes.<\/p>\n<blockquote data-testid=\"EmbedTwitter\" id=\"tweet-1918677033787314475-:Rn6ij9n7a6:\" class=\"jsx-aeff1a1c40f54d7a twitter-tweet flex justify-center items-center\"><p>#Orage : violente pluie de gr\u00eale \u00e0 Paris qui a frapp\u00e9 les toits et les arbres. Ce sont des gla\u00e7ons impressionnants qui ont fait un bruit d&rsquo;enfer. Ici des grelons de la taille d&rsquo;une grosse balle avec des pointes.  #Paris #Gr\u00eales pic.twitter.com\/IhXSXyvSpU \u2014 Natacha Quester-S\u00e9m\u00e9on Salomon (@NatachaQS)  May 3, 2025<\/p><\/blockquote>\n<blockquote data-testid=\"EmbedTwitter\" id=\"tweet-1918675504481067406-:Rnmij9n7a6:\" class=\"jsx-aeff1a1c40f54d7a twitter-tweet flex justify-center items-center\"><p>Orage de gr\u00eale avec des gr\u00ealons gros comme des balles de golf \u00e0 Paris. Jamais vu \u00e7a de ma vie.  #Orage #Paris pic.twitter.com\/IuWL2abgz4 \u2014 Jean Dini (@jeandini_)  May 3, 2025<\/p><\/blockquote>\n<p data-module=\"article-paragraph\" class=\"jsx-362436225 Paragraph Paragraph__End\">Comme souvent lors de fortes pluies dans la capitale, la circulation a \u00e9t\u00e9 perturb\u00e9e dans certains quartiers, notamment le boulevard S\u00e9bastopol. Les sapeurs-pompiers de la capitale ont \u00e9t\u00e9 sollicit\u00e9s pour une trentaine d&rsquo;interventions, principalement \u00ab\u00a0d\u00fbes \u00e0 des chutes d&rsquo;arbres, des fuites d&rsquo;eau ou du mat\u00e9riel qui menace de tomber des toits\u00a0\u00bb, ont-ils indiqu\u00e9 \u00e0 TF1\/LCI ce samedi vers 18 heures. Aucun accident ou bless\u00e9 n&rsquo;\u00e9tait signal\u00e9 \u00e0 ce stade.\u00a0<\/p>\n<blockquote data-testid=\"EmbedTwitter\" id=\"tweet-1918675991062282730-:Rp6ij9n7a6:\" class=\"jsx-aeff1a1c40f54d7a twitter-tweet flex justify-center items-center\"><p>S\u00e9bastopol inond\u00e9  #gr\u00eale #Paris pic.twitter.com\/77WfahH8xM \u2014 Sylvia Amicone (@SylviaAmicone)  May 3, 2025<\/p><\/blockquote>\n<p>Un orage de gr\u00eale touche Paris et sa r\u00e9gion, le 3 mai 2025Source : TF1 Info<\/p>\n<p><img decoding=\"async\" src=\"https:\/\/www.europesays.com\/fr\/wp-content\/uploads\/2025\/05\/un-orage-de-grele-touche-paris-et-sa-region-le-3-mai-2025-768e18-0@1x.jpeg\" alt=\"Un orage de gr\u00eale touche Paris et sa r\u00e9gion, le 3 mai 2025\" loading=\"lazy\" importance=\"low\" fetchpriority=\"low\" class=\"\"\/><img decoding=\"async\" src=\"https:\/\/www.europesays.com\/fr\/wp-content\/uploads\/2025\/04\/player-logo-play.svg.svg+xml\" alt=\"Logo lecture\" class=\"jsx-d0de44c05fe3042c PlayerLazyload__Play\"\/><\/p>\n<p data-module=\"article-paragraph\" class=\"jsx-362436225 Paragraph Paragraph__End\">D&rsquo;autres orages sont attendus dans la soir\u00e9e, avant le retour d&rsquo;un temps printanier d\u00e8s dimanche. Une perturbation, accompagn\u00e9e d\u2019un ciel couvert et de pluies parfois soutenues, s\u2019\u00e9tendra du sud de la Bretagne et des Pays de la Loire jusqu\u2019au Grand Est, progressant lentement vers le sud.<\/p>\n<p>La r\u00e9daction de TF1info<\/p>\n<p><script async src=\"https:\/\/platform.twitter.com\/widgets.js\" charset=\"utf-8\"><\/script><\/p>\n","protected":false},"excerpt":{"rendered":"D&rsquo;importants orages ont touch\u00e9 l&rsquo;Ile-de-France ce samedi 3 mai.Cons\u00e9quence : des pluies cons\u00e9quentes, accompagn\u00e9es de gr\u00ealons, ont perturb\u00e9&hellip;\n","protected":false},"author":2,"featured_media":73180,"comment_status":"","ping_status":"","sticky":false,"template":"","format":"standard","meta":{"footnotes":""},"categories":[1592],"tags":[1111,11,1921,1777,674,1011,27,662,1922,2487,12,626,11008,25,133,11009],"class_list":{"0":"post-73179","1":"post","2":"type-post","3":"status-publish","4":"format-standard","5":"has-post-thumbnail","7":"category-ile-de-france","8":"tag-actu","9":"tag-actualites","10":"tag-article-video","11":"tag-eu","12":"tag-europe","13":"tag-fr","14":"tag-france","15":"tag-ile-de-france","16":"tag-info","17":"tag-meteo","18":"tag-news","19":"tag-paris","20":"tag-phenomenes-meteo","21":"tag-republique-francaise","22":"tag-video","23":"tag-video-meteo-et-intemperies"},"share_on_mastodon":{"url":"https:\/\/pubeurope.com\/@fr\/114447070301695667","error":""},"_links":{"self":[{"href":"https:\/\/www.europesays.com\/fr\/wp-json\/wp\/v2\/posts\/73179","targetHints":{"allow":["GET"]}}],"collection":[{"href":"https:\/\/www.europesays.com\/fr\/wp-json\/wp\/v2\/posts"}],"about":[{"href":"https:\/\/www.europesays.com\/fr\/wp-json\/wp\/v2\/types\/post"}],"author":[{"embeddable":true,"href":"https:\/\/www.europesays.com\/fr\/wp-json\/wp\/v2\/users\/2"}],"replies":[{"embeddable":true,"href":"https:\/\/www.europesays.com\/fr\/wp-json\/wp\/v2\/comments?post=73179"}],"version-history":[{"count":0,"href":"https:\/\/www.europesays.com\/fr\/wp-json\/wp\/v2\/posts\/73179\/revisions"}],"wp:featuredmedia":[{"embeddable":true,"href":"https:\/\/www.europesays.com\/fr\/wp-json\/wp\/v2\/media\/73180"}],"wp:attachment":[{"href":"https:\/\/www.europesays.com\/fr\/wp-json\/wp\/v2\/media?parent=73179"}],"wp:term":[{"taxonomy":"category","embeddable":true,"href":"https:\/\/www.europesays.com\/fr\/wp-json\/wp\/v2\/categories?post=73179"},{"taxonomy":"post_tag","embeddable":true,"href":"https:\/\/www.europesays.com\/fr\/wp-json\/wp\/v2\/tags?post=73179"}],"curies":[{"name":"wp","href":"https:\/\/api.w.org\/{rel}","templated":true}]}}