{"id":73214,"date":"2025-05-04T02:15:11","date_gmt":"2025-05-04T02:15:11","guid":{"rendered":"https:\/\/www.europesays.com\/fr\/73214\/"},"modified":"2025-05-04T02:15:11","modified_gmt":"2025-05-04T02:15:11","slug":"arkea-bb-hotels-un-maillot-special-pour-le-tour-despagne-femmes-actualite","status":"publish","type":"post","link":"https:\/\/www.europesays.com\/fr\/73214\/","title":{"rendered":"Ark\u00e9a-B&#038;B H\u00f4tels : Un maillot sp\u00e9cial pour le Tour d&rsquo;Espagne Femmes &#8211; Actualit\u00e9"},"content":{"rendered":"<p style=\"text-align: justify;\">La formation Ark\u00e9a-B&amp;B H\u00f4tels vient de d\u00e9voiler un nouveau maillot qui sera arbor\u00e9 sp\u00e9cialement lors du Tour d&rsquo;Espagne f\u00e9minin, qui d\u00e9butera ce dimanche \u00e0 Barcelone. Le noir devient largement la couleur dominante, comme vous pouvez le voir sur la photo ci-dessous.<\/p>\n<p>La ProTeam bretonne sera emmen\u00e9e durant une semaine par l&rsquo;Autrichienne Valentina Cavallar, laquelle sera accompagn\u00e9e de Laura Asensio, Maaike Colj\u00e9, Michaela Drummond, Emilia Fahlin, Titia Ryo et Maur\u00e8ne Tr\u00e9gouet. Il s&rsquo;agira de la premi\u00e8re participation de l&rsquo;\u00e9quipe \u00e0 la Vuelta.\u00a0<\/p>\n<p><img loading=\"lazy\" decoding=\"async\" src=\"https:\/\/www.europesays.com\/fr\/wp-content\/uploads\/2025\/05\/IMG-20250503-WA0020.jpg\" alt=\"\" width=\"800\" height=\"532\"\/>\u00a0<\/p>\n","protected":false},"excerpt":{"rendered":"La formation Ark\u00e9a-B&amp;B H\u00f4tels vient de d\u00e9voiler un nouveau maillot qui sera arbor\u00e9 sp\u00e9cialement lors du Tour d&rsquo;Espagne&hellip;\n","protected":false},"author":2,"featured_media":73215,"comment_status":"","ping_status":"","sticky":false,"template":"","format":"standard","meta":{"footnotes":""},"categories":[1411],"tags":[834,828,836,829,837,827,83,826,824,823,1154,207,814,817,815,816,822,821,832,211,839,1011,27,820,818,819,835,831,830,833,838,60,212,208,825],"class_list":{"0":"post-73214","1":"post","2":"type-post","3":"status-publish","4":"format-standard","5":"has-post-thumbnail","7":"category-cyclisme","8":"tag-attaque","9":"tag-belgique","10":"tag-braquet","11":"tag-bretagne","12":"tag-chute","13":"tag-competition","14":"tag-coupe-de-france","15":"tag-coureur","16":"tag-course-cyclisme","17":"tag-course-cycliste","18":"tag-cycling","19":"tag-cyclisme","20":"tag-direct","21":"tag-direct-velo","22":"tag-directvelo","23":"tag-directvelo-com","24":"tag-epreuve","25":"tag-epreuve-cycliste","26":"tag-federation-francaise-de-cyclisme","27":"tag-ffc","28":"tag-flandres","29":"tag-fr","30":"tag-france","31":"tag-live","32":"tag-live-course","33":"tag-live-epreuve","34":"tag-peloton","35":"tag-radio-peloton","36":"tag-radio-tour","37":"tag-ravitaillement","38":"tag-relance","39":"tag-sports","40":"tag-uci","41":"tag-velo","42":"tag-velos"},"share_on_mastodon":{"url":"https:\/\/pubeurope.com\/@fr\/114447156790114950","error":""},"_links":{"self":[{"href":"https:\/\/www.europesays.com\/fr\/wp-json\/wp\/v2\/posts\/73214","targetHints":{"allow":["GET"]}}],"collection":[{"href":"https:\/\/www.europesays.com\/fr\/wp-json\/wp\/v2\/posts"}],"about":[{"href":"https:\/\/www.europesays.com\/fr\/wp-json\/wp\/v2\/types\/post"}],"author":[{"embeddable":true,"href":"https:\/\/www.europesays.com\/fr\/wp-json\/wp\/v2\/users\/2"}],"replies":[{"embeddable":true,"href":"https:\/\/www.europesays.com\/fr\/wp-json\/wp\/v2\/comments?post=73214"}],"version-history":[{"count":0,"href":"https:\/\/www.europesays.com\/fr\/wp-json\/wp\/v2\/posts\/73214\/revisions"}],"wp:featuredmedia":[{"embeddable":true,"href":"https:\/\/www.europesays.com\/fr\/wp-json\/wp\/v2\/media\/73215"}],"wp:attachment":[{"href":"https:\/\/www.europesays.com\/fr\/wp-json\/wp\/v2\/media?parent=73214"}],"wp:term":[{"taxonomy":"category","embeddable":true,"href":"https:\/\/www.europesays.com\/fr\/wp-json\/wp\/v2\/categories?post=73214"},{"taxonomy":"post_tag","embeddable":true,"href":"https:\/\/www.europesays.com\/fr\/wp-json\/wp\/v2\/tags?post=73214"}],"curies":[{"name":"wp","href":"https:\/\/api.w.org\/{rel}","templated":true}]}}