{"id":73216,"date":"2025-05-04T02:16:08","date_gmt":"2025-05-04T02:16:08","guid":{"rendered":"https:\/\/www.europesays.com\/fr\/73216\/"},"modified":"2025-05-04T02:16:08","modified_gmt":"2025-05-04T02:16:08","slug":"avant-le-psg-arsenal-sincline-contre-bournemouth","status":"publish","type":"post","link":"https:\/\/www.europesays.com\/fr\/73216\/","title":{"rendered":"Avant le PSG, Arsenal s\u2019incline contre Bournemouth &#8211;"},"content":{"rendered":"<p><img width=\"700\" height=\"350\" src=\"https:\/\/www.europesays.com\/fr\/wp-content\/uploads\/2025\/05\/Arsenal.jpg\" class=\"attachment-jannah-image-post size-jannah-image-post wp-post-image\" alt=\"Arsenal\" is_main_img=\"1\" decoding=\"async\" fetchpriority=\"high\"  \/><br \/>\n Image :<br \/>\n@Arsenal<\/p>\n<p>Comme le PSG, Arsenal jouait ce samedi en championnat. Et<br \/>\ncomme le PSG, il s\u2019est inclin\u00e9 \u00e0 quatre jours de la demi-finale<br \/>\nretour de la Ligue des champions.<\/p>\n<p>D\u00e9fait sur sa pelouse par le <strong>PSG<\/strong> en demi-finale<br \/>\naller de la <strong><a href=\"https:\/\/canal-supporters.com\/ldc-les-coulisses-de-la-victoire-du-psg-sur-la-pelouse-darsenal\/\" title=\"\" rel=\"nofollow noopener\" target=\"_blank\">Ligue des champions<\/a><\/strong> (0-1),<br \/>\n<strong>Arsenal<\/strong> retrouvait l<strong>\u2018Emirates<br \/>\nStadium<\/strong> ce samedi apr\u00e8s-midi avec la r\u00e9ception de<br \/>\n<strong>Bournemouth<\/strong> dans le cadre de la 35e journ\u00e9e de<br \/>\n<strong>Premier League<\/strong>. Pour cette rencontre,<br \/>\n<strong>Mikel Arteta<\/strong> avait d\u00e9cid\u00e9 de ne faire que deux<br \/>\nchangements par rapport \u00e0 sa rencontre contre les Rouge &amp; Bleu,<br \/>\n<strong>Ben White<\/strong> et <strong>Thomas Partey<\/strong>, qui<br \/>\n\u00e9tait suspendu pour le match contre le <strong>PSG<\/strong>,<br \/>\nprenant les places de <strong>Mikel Merino<\/strong> et<br \/>\n<strong>Jurri\u00ebn Timber<\/strong>.\u00a0<\/p>\n<p>A voir aussi : <a href=\"https:\/\/canal-supporters.com\/psg-les-nouvelles-predictions-apres-les-demi-finales-aller-de-c1\/\" title=\"\" rel=\"nofollow noopener\" target=\"_blank\">PSG \u2013 Les nouvelles pr\u00e9dictions apr\u00e8s les demi-finales<br \/>\naller de C1<\/a><\/p>\n<p><a href=\"https:\/\/x.com\/CanalSupporters\" target=\"_blank\" rel=\"noopener nofollow\" title=\"\">canalsupporters.com<\/a><\/p>\n<p>Renvers\u00e9 en huit<br \/>\nminutes<\/p>\n<p>Le d\u00e9but de match est \u00e0 l\u2019avantage des visiteurs, qui ne se<br \/>\nprocurent pour autant pas de r\u00e9elles occasions franches, \u00e0 part une<br \/>\nt\u00eate au-dessus d\u2019<strong>Evanilson<\/strong> (26e) et un retour<br \/>\nd\u00e9fensif limite de <strong>Willian Saliba<\/strong> dans les pieds<br \/>\nde <strong>Ouattara<\/strong> dans la surface<br \/>\nd\u2019<strong>Arsenal<\/strong> (33e). Apr\u00e8s des d\u00e9buts compliqu\u00e9s, les<br \/>\nGunners vont petit \u00e0 petit entrer dans la rencontre et se procurer<br \/>\nde belles situations avant de r\u00e9ussir \u00e0 ouvrir le score par<br \/>\nl\u2019interm\u00e9diaire de <strong>Declan Rice<\/strong>. Trouv\u00e9 par<br \/>\n<strong>Odegaard<\/strong> sur le c\u00f4t\u00e9 droit de la surface e<br \/>\n<strong>Bournemouth<\/strong>, le milieu de terrain anglais ajusta<br \/>\n<strong>Kepa<\/strong> pour donner l\u2019avantage aux<br \/>\n<strong>Gunners<\/strong> (1-0, 34e). En seconde p\u00e9riode,<br \/>\n<strong>Arsenal<\/strong> va tenter de se mettre \u00e0 l\u2019abri sans<br \/>\njamais y parvenir. Ce sont m\u00eame les visiteurs qui vont r\u00e9ussir \u00e0<br \/>\nrenverser la situation gr\u00e2ce \u00e0 des buts de <strong>Dean<br \/>\nHuijsen<\/strong> de la t\u00eate sur une longue touche (1-1, 67e) et<br \/>\nd\u2019<strong>Evanilson<\/strong> \u00e0 la r\u00e9ception d\u2019une d\u00e9viation de<br \/>\n<strong>Tavernier<\/strong> sur un corner (1-2, 75e) pour s\u2019offrir<br \/>\nune victoire de prestige <a href=\"https:\/\/www.arsenal.com\" target=\"_blank\" rel=\"noopener nofollow\" title=\"\">(1-2)<\/a>, la deuxi\u00e8me de la<br \/>\nsaison contre les <strong>Gunners<\/strong>. Comme le<br \/>\n<strong>PSG<\/strong>, <strong>Arsenal<\/strong> <a href=\"https:\/\/canal-supporters.com\/le-psg-sincline-pour-la-deuxieme-fois-de-la-saison-en-ligue-1-contre-strasbourg\/\" title=\"\" rel=\"nofollow noopener\" target=\"_blank\">s\u2019incline<\/a> donc avant la demi-finale retour de la<br \/>\n<strong>Ligue des champions<\/strong>.\u00a0<\/p>\n<ul class=\"wp-block-list\">\n<li>Le XI d\u2019<strong>Arsenal<\/strong> : Raya \u2013 White (Zinchenko, 86e), Saliba, Kiwior, Lewis-Skelly \u2013 Odegaard (c), Partey, Rice (Merino, 73e) \u2013 Saka (Sterling, 86e), Trossard, Martinelli (Nwaneri, 86e)<\/li>\n<\/ul>\n","protected":false},"excerpt":{"rendered":"Image : @Arsenal Comme le PSG, Arsenal jouait ce samedi en championnat. Et comme le PSG, il s\u2019est&hellip;\n","protected":false},"author":2,"featured_media":73217,"comment_status":"","ping_status":"","sticky":false,"template":"","format":"standard","meta":{"footnotes":""},"categories":[1410],"tags":[17704,5357,17618,786,81,448,787,11170,17705,63,1011,27,789,447,626,91,92,70,93,11171,11172,11173,60,796,96],"class_list":{"0":"post-73216","1":"post","2":"type-post","3":"status-publish","4":"format-standard","5":"has-post-thumbnail","7":"category-football","8":"tag-35e-journee","9":"tag-arsenal","10":"tag-bournemouth","11":"tag-c1","12":"tag-canal-supporters","13":"tag-champions-league","14":"tag-cs","15":"tag-demi-finale","16":"tag-demi-finale-retour","17":"tag-football","18":"tag-fr","19":"tag-france","20":"tag-ldc","21":"tag-ligue-des-champions","22":"tag-paris","23":"tag-paris-saint-germain","24":"tag-paris-sg","25":"tag-premier-league","26":"tag-psg","27":"tag-psg-ars","28":"tag-psg-arsenal","29":"tag-psgars","30":"tag-sports","31":"tag-uefa-champions-league","32":"tag-une"},"share_on_mastodon":{"url":"https:\/\/pubeurope.com\/@fr\/114447160732563618","error":""},"_links":{"self":[{"href":"https:\/\/www.europesays.com\/fr\/wp-json\/wp\/v2\/posts\/73216","targetHints":{"allow":["GET"]}}],"collection":[{"href":"https:\/\/www.europesays.com\/fr\/wp-json\/wp\/v2\/posts"}],"about":[{"href":"https:\/\/www.europesays.com\/fr\/wp-json\/wp\/v2\/types\/post"}],"author":[{"embeddable":true,"href":"https:\/\/www.europesays.com\/fr\/wp-json\/wp\/v2\/users\/2"}],"replies":[{"embeddable":true,"href":"https:\/\/www.europesays.com\/fr\/wp-json\/wp\/v2\/comments?post=73216"}],"version-history":[{"count":0,"href":"https:\/\/www.europesays.com\/fr\/wp-json\/wp\/v2\/posts\/73216\/revisions"}],"wp:featuredmedia":[{"embeddable":true,"href":"https:\/\/www.europesays.com\/fr\/wp-json\/wp\/v2\/media\/73217"}],"wp:attachment":[{"href":"https:\/\/www.europesays.com\/fr\/wp-json\/wp\/v2\/media?parent=73216"}],"wp:term":[{"taxonomy":"category","embeddable":true,"href":"https:\/\/www.europesays.com\/fr\/wp-json\/wp\/v2\/categories?post=73216"},{"taxonomy":"post_tag","embeddable":true,"href":"https:\/\/www.europesays.com\/fr\/wp-json\/wp\/v2\/tags?post=73216"}],"curies":[{"name":"wp","href":"https:\/\/api.w.org\/{rel}","templated":true}]}}